{"id":177,"date":"2024-12-09T16:18:54","date_gmt":"2024-12-09T22:18:54","guid":{"rendered":"https:\/\/mueblesgora.com.mx\/blog\/?p=177"},"modified":"2024-12-10T13:33:13","modified_gmt":"2024-12-10T19:33:13","slug":"espacios-creativos-como-amueblar-y-decorar-una-oficina-que-inspira-innovacion","status":"publish","type":"post","link":"https:\/\/mueblesgora.com.mx\/blog\/2024\/12\/09\/espacios-creativos-como-amueblar-y-decorar-una-oficina-que-inspira-innovacion\/","title":{"rendered":"Espacios Creativos: C\u00f3mo Amueblar y Decorar una Oficina que Inspira Innovaci\u00f3n"},"content":{"rendered":"\n<p class=\"has-medium-font-size wp-block-paragraph\">En la era actual, donde la creatividad es el motor de muchas industrias, dise\u00f1ar un espacio de trabajo funcional y atractivo se ha convertido en una prioridad para las <a href=\"https:\/\/mueblesgora.com.mx\/mobiliario.php?MOBILIARIO=Oficinas\">oficinas<\/a> creativas. La combinaci\u00f3n de <a href=\"https:\/\/mueblesgora.com.mx\/mobiliario.php?MOBILIARIO=Inspirate\">muebles<\/a> bien dise\u00f1ados, soluciones tecnol\u00f3gicas modernas y elementos ac\u00fasticos puede transformar una oficina en un entorno que fomente la innovaci\u00f3n y la productividad.<\/p>\n\n\n\n<h4 class=\"wp-block-heading\"><strong>1. Tecnolog\u00eda al Servicio de la Productividad: Multicontactos que Marcan la Diferencia<\/strong><\/h4>\n\n\n\n<p class=\"has-medium-font-size wp-block-paragraph\">Un espacio creativo necesita soluciones tecnol\u00f3gicas que complementen su dise\u00f1o y funcionalidad. Aqu\u00ed es donde los productos de <strong>Lumbro<\/strong> entran en acci\u00f3n:<\/p>\n\n\n\n<ul class=\"wp-block-list\">\n<li class=\"has-medium-font-size\"><strong>Multicontacto Barcelona<\/strong>: Este dise\u00f1o elegante y pr\u00e1ctico es perfecto para oficinas modernas. Su integraci\u00f3n de tomas de corriente, voz y datos, video y puertos USB permite a los equipos trabajar sin interrupciones, ofreciendo una soluci\u00f3n est\u00e9tica y eficiente.<\/li>\n<\/ul>\n\n\n\n<figure class=\"wp-block-image size-large is-resized\"><img fetchpriority=\"high\" decoding=\"async\" width=\"1024\" height=\"768\" src=\"https:\/\/mueblesgora.com.mx\/blog\/wp-content\/uploads\/2024\/12\/430035675_949009093897040_7132377319800060856_n-1024x768.jpg\" alt=\"\" class=\"wp-image-178\" style=\"width:689px\" srcset=\"https:\/\/mueblesgora.com.mx\/blog\/wp-content\/uploads\/2024\/12\/430035675_949009093897040_7132377319800060856_n-1024x768.jpg 1024w, https:\/\/mueblesgora.com.mx\/blog\/wp-content\/uploads\/2024\/12\/430035675_949009093897040_7132377319800060856_n-300x225.jpg 300w, https:\/\/mueblesgora.com.mx\/blog\/wp-content\/uploads\/2024\/12\/430035675_949009093897040_7132377319800060856_n-768x576.jpg 768w, https:\/\/mueblesgora.com.mx\/blog\/wp-content\/uploads\/2024\/12\/430035675_949009093897040_7132377319800060856_n.jpg 1200w\" sizes=\"(max-width: 1024px) 100vw, 1024px\" \/><figcaption class=\"wp-element-caption\">Multicontacto Barcelona Blanco &#8211; Lumbro<\/figcaption><\/figure>\n\n\n\n<ul class=\"wp-block-list\">\n<li class=\"has-medium-font-size\"><strong>Multicontacto Dubai<\/strong>: Ideal para oficinas donde la est\u00e9tica moderna y la funcionalidad son prioritarias, de uso vertical adaptable a cualquier espacio existente. Su dise\u00f1o minimalista y opciones de conectividad hacen de este multicontacto una pieza clave para mantener los espacios organizados.<\/li>\n<\/ul>\n\n\n\n<figure class=\"wp-block-image size-large is-resized\"><img decoding=\"async\" width=\"1024\" height=\"768\" src=\"https:\/\/mueblesgora.com.mx\/blog\/wp-content\/uploads\/2024\/12\/Multicontacto-Dubai-1024x768.jpg\" alt=\"\" class=\"wp-image-179\" style=\"width:689px\" srcset=\"https:\/\/mueblesgora.com.mx\/blog\/wp-content\/uploads\/2024\/12\/Multicontacto-Dubai-1024x768.jpg 1024w, https:\/\/mueblesgora.com.mx\/blog\/wp-content\/uploads\/2024\/12\/Multicontacto-Dubai-300x225.jpg 300w, https:\/\/mueblesgora.com.mx\/blog\/wp-content\/uploads\/2024\/12\/Multicontacto-Dubai-768x576.jpg 768w, https:\/\/mueblesgora.com.mx\/blog\/wp-content\/uploads\/2024\/12\/Multicontacto-Dubai-1536x1152.jpg 1536w, https:\/\/mueblesgora.com.mx\/blog\/wp-content\/uploads\/2024\/12\/Multicontacto-Dubai-2048x1536.jpg 2048w\" sizes=\"(max-width: 1024px) 100vw, 1024px\" \/><figcaption class=\"wp-element-caption\">Multicontacto Dubai Blanco &#8211; Lumbro<\/figcaption><\/figure>\n\n\n\n<ul class=\"wp-block-list\">\n<li class=\"has-medium-font-size\"><strong>Multicontacto Bari<\/strong>: Con un dise\u00f1o robusto y vers\u00e1til, el Bari es perfecto para \u00e1reas de trabajo colaborativo, garantizando la conectividad b\u00e1sica y la comodidad de todos los usuarios. Tambi\u00e9n disponible en su versi\u00f3n con textura.<\/li>\n<\/ul>\n\n\n\n<figure class=\"wp-block-image size-large is-resized\"><img decoding=\"async\" width=\"1024\" height=\"768\" src=\"https:\/\/mueblesgora.com.mx\/blog\/wp-content\/uploads\/2024\/12\/BARI-PORTADA-1024x768.jpg\" alt=\"\" class=\"wp-image-180\" style=\"width:689px\" srcset=\"https:\/\/mueblesgora.com.mx\/blog\/wp-content\/uploads\/2024\/12\/BARI-PORTADA-1024x768.jpg 1024w, https:\/\/mueblesgora.com.mx\/blog\/wp-content\/uploads\/2024\/12\/BARI-PORTADA-300x225.jpg 300w, https:\/\/mueblesgora.com.mx\/blog\/wp-content\/uploads\/2024\/12\/BARI-PORTADA-768x576.jpg 768w, https:\/\/mueblesgora.com.mx\/blog\/wp-content\/uploads\/2024\/12\/BARI-PORTADA-1536x1152.jpg 1536w, https:\/\/mueblesgora.com.mx\/blog\/wp-content\/uploads\/2024\/12\/BARI-PORTADA.jpg 2016w\" sizes=\"(max-width: 1024px) 100vw, 1024px\" \/><figcaption class=\"wp-element-caption\">Multicontacto Bari Negro &#8211; Lumbro<\/figcaption><\/figure>\n\n\n\n<h4 class=\"wp-block-heading\"><strong>2. Confort Ac\u00fastico: Elementos que Mejoran la Concentraci\u00f3n<\/strong><\/h4>\n\n\n\n<p class=\"has-medium-font-size wp-block-paragraph\">En las oficinas creativas, el control del ruido es esencial para mantener la concentraci\u00f3n. Los productos de <strong><a href=\"https:\/\/sonara.mx\/\">Sonara<\/a><\/strong>, con sus avanzadas soluciones ac\u00fasticas, son perfectos para minimizar distracciones y optimizar el ambiente laboral.<\/p>\n\n\n\n<figure class=\"wp-block-image size-large is-resized\"><img loading=\"lazy\" decoding=\"async\" width=\"1024\" height=\"683\" src=\"https:\/\/mueblesgora.com.mx\/blog\/wp-content\/uploads\/2024\/12\/slider-paneles-acusticos-1-1024x683.webp\" alt=\"\" class=\"wp-image-182\" style=\"width:689px\" srcset=\"https:\/\/mueblesgora.com.mx\/blog\/wp-content\/uploads\/2024\/12\/slider-paneles-acusticos-1-1024x683.webp 1024w, https:\/\/mueblesgora.com.mx\/blog\/wp-content\/uploads\/2024\/12\/slider-paneles-acusticos-1-300x200.webp 300w, https:\/\/mueblesgora.com.mx\/blog\/wp-content\/uploads\/2024\/12\/slider-paneles-acusticos-1-768x512.webp 768w, https:\/\/mueblesgora.com.mx\/blog\/wp-content\/uploads\/2024\/12\/slider-paneles-acusticos-1.webp 1200w\" sizes=\"(max-width: 1024px) 100vw, 1024px\" \/><figcaption class=\"wp-element-caption\">Celos\u00edas con Paneles Ac\u00fasticos &#8211; Sonara<\/figcaption><\/figure>\n\n\n\n<p class=\"has-medium-font-size wp-block-paragraph\">Desde paneles ac\u00fasticos hasta soluciones decorativas funcionales, los productos de Sonara est\u00e1n dise\u00f1ados para adaptarse a cualquier espacio, ofreciendo una experiencia sonora c\u00f3moda y profesional que refuerza el bienestar de los equipos.<\/p>\n\n\n\n<h4 class=\"wp-block-heading\"><strong>3. <a href=\"https:\/\/mueblesgora.com.mx\/mobiliario.php?MOBILIARIO=Inspirate\">Mobiliario Personalizable<\/a>: Dise\u00f1ado para Crecer Contigo<\/strong><\/h4>\n\n\n\n<p class=\"has-medium-font-size wp-block-paragraph\">Las mesas tipo <strong>bench<\/strong> de <strong><a href=\"https:\/\/mueblesgora.com.mx\/index.php\">Muebles GORA<\/a><\/strong> representan la m\u00e1xima flexibilidad para los espacios de trabajo modernos. Estas mesas son:<\/p>\n\n\n\n<ul class=\"wp-block-list\">\n<li class=\"has-medium-font-size\"><strong><a href=\"https:\/\/drive.google.com\/file\/d\/1dPeQC7Xax-8ZJTHB5rwn8azfLOTtZOcX\/view\">Totalmente personalizables<\/a><\/strong> en dimensiones, dise\u00f1o y color.<\/li>\n\n\n\n<li class=\"has-medium-font-size\">Ideales para configuraciones colaborativas o individuales.<\/li>\n\n\n\n<li class=\"has-medium-font-size\">Perfectas para crecer con la empresa, ya que permiten agregar estaciones de trabajo o reconfigurar el espacio seg\u00fan sea necesario acorde a la evoluci\u00f3n de tu compa\u00f1\u00eda.<\/li>\n<\/ul>\n\n\n\n<figure class=\"wp-block-image size-large is-resized\"><img loading=\"lazy\" decoding=\"async\" width=\"768\" height=\"1024\" src=\"https:\/\/mueblesgora.com.mx\/blog\/wp-content\/uploads\/2024\/12\/Del-Valle-768x1024.png\" alt=\"\" class=\"wp-image-186\" style=\"width:689px\" srcset=\"https:\/\/mueblesgora.com.mx\/blog\/wp-content\/uploads\/2024\/12\/Del-Valle-768x1024.png 768w, https:\/\/mueblesgora.com.mx\/blog\/wp-content\/uploads\/2024\/12\/Del-Valle-225x300.png 225w, https:\/\/mueblesgora.com.mx\/blog\/wp-content\/uploads\/2024\/12\/Del-Valle-1152x1536.png 1152w, https:\/\/mueblesgora.com.mx\/blog\/wp-content\/uploads\/2024\/12\/Del-Valle.png 1200w\" sizes=\"(max-width: 768px) 100vw, 768px\" \/><figcaption class=\"wp-element-caption\">Proyecto de oficinas &#8211; Muebles GORA<\/figcaption><\/figure>\n\n\n\n<p class=\"has-medium-font-size wp-block-paragraph\">Este tipo de mobiliario no solo optimiza el uso del espacio, sino que tambi\u00e9n garantiza que las oficinas est\u00e9n siempre listas para adaptarse a los cambios del equipo.<\/p>\n\n\n\n<h4 class=\"wp-block-heading\"><strong>4. Nuevas Soluciones en Ergonom\u00eda, Versatilidad y Descanso<\/strong><\/h4>\n\n\n\n<p class=\"has-medium-font-size wp-block-paragraph\">La innovaci\u00f3n en mobiliario de oficina tambi\u00e9n incluye soluciones que priorizan el bienestar y la funcionalidad. Aqu\u00ed algunas opciones destacadas:<\/p>\n\n\n\n<ul class=\"wp-block-list\">\n<li class=\"has-medium-font-size\"><strong><a href=\"https:\/\/technochairs.com\/furnitures\/ascend\/\">Ascend<\/a><\/strong>: Un sistema que entiende que la ergonom\u00eda es fundamental en la actualidad, la estructura de escritorio Ascend es creada para romper con las alturas estandarizadas y poco personalizadas, logrando comprender la anatom\u00eda de cualquier usuario. Con alturas desde los 58cm hasta lo 125cm es ideal para todos los usuarios y tareas del d\u00eda a d\u00eda.<\/li>\n<\/ul>\n\n\n\n<figure class=\"wp-block-image size-large is-resized\"><img loading=\"lazy\" decoding=\"async\" width=\"1024\" height=\"683\" src=\"https:\/\/mueblesgora.com.mx\/blog\/wp-content\/uploads\/2024\/12\/ascend-individual-1-1024x683.jpg\" alt=\"\" class=\"wp-image-184\" style=\"width:689px\" srcset=\"https:\/\/mueblesgora.com.mx\/blog\/wp-content\/uploads\/2024\/12\/ascend-individual-1-1024x683.jpg 1024w, https:\/\/mueblesgora.com.mx\/blog\/wp-content\/uploads\/2024\/12\/ascend-individual-1-300x200.jpg 300w, https:\/\/mueblesgora.com.mx\/blog\/wp-content\/uploads\/2024\/12\/ascend-individual-1-768x512.jpg 768w, https:\/\/mueblesgora.com.mx\/blog\/wp-content\/uploads\/2024\/12\/ascend-individual-1.jpg 1200w\" sizes=\"(max-width: 1024px) 100vw, 1024px\" \/><figcaption class=\"wp-element-caption\">Ascend Individual Negro &#8211; Technnochairs<\/figcaption><\/figure>\n\n\n\n<ul class=\"wp-block-list\">\n<li class=\"has-medium-font-size\"><strong><a href=\"https:\/\/technochairs.com\/furnitures\/bchrome\/\">BChrome<\/a><\/strong>: Esta l\u00ednea destaca por su dise\u00f1o atemporal y su fald\u00f3n de privacidad met\u00e1lico, ideal para oficinas que buscan combinar estilo y funcionalidad. Adem\u00e1s, cuenta con una variante dise\u00f1ada para configurar mesas tipo bench, adapt\u00e1ndose a las necesidades de espacios colaborativos.<\/li>\n<\/ul>\n\n\n\n<figure class=\"wp-block-image size-large is-resized\"><img loading=\"lazy\" decoding=\"async\" width=\"1024\" height=\"577\" src=\"https:\/\/mueblesgora.com.mx\/blog\/wp-content\/uploads\/2024\/12\/b-chrome-ejecutivo-1-1-1024x577.jpg\" alt=\"\" class=\"wp-image-189\" style=\"width:689px\" srcset=\"https:\/\/mueblesgora.com.mx\/blog\/wp-content\/uploads\/2024\/12\/b-chrome-ejecutivo-1-1-1024x577.jpg 1024w, https:\/\/mueblesgora.com.mx\/blog\/wp-content\/uploads\/2024\/12\/b-chrome-ejecutivo-1-1-300x169.jpg 300w, https:\/\/mueblesgora.com.mx\/blog\/wp-content\/uploads\/2024\/12\/b-chrome-ejecutivo-1-1-768x433.jpg 768w, https:\/\/mueblesgora.com.mx\/blog\/wp-content\/uploads\/2024\/12\/b-chrome-ejecutivo-1-1.jpg 1200w\" sizes=\"(max-width: 1024px) 100vw, 1024px\" \/><figcaption class=\"wp-element-caption\">BChrome Ejecutivo Negro\/Cromado &#8211; Technochairs<\/figcaption><\/figure>\n\n\n\n<ul class=\"wp-block-list\">\n<li class=\"has-medium-font-size\"><strong><a href=\"https:\/\/technochairs.com\/furnitures\/mesilver\/\">ME\/White \u2013 ME\/Silver<\/a><\/strong>: Dise\u00f1ada tanto para ejecutivos como operativos, esta l\u00ednea es extensible en medidas de 110 a 180 cm en , ofreciendo una soluci\u00f3n pr\u00e1ctica y vers\u00e1til para oficinas din\u00e1micas que requieren flexibilidad sin comprometer el dise\u00f1o.<\/li>\n<\/ul>\n\n\n\n<figure class=\"wp-block-image size-large is-resized\"><img loading=\"lazy\" decoding=\"async\" width=\"1024\" height=\"683\" src=\"https:\/\/mueblesgora.com.mx\/blog\/wp-content\/uploads\/2024\/12\/me-operativo-1-1024x683.jpg\" alt=\"\" class=\"wp-image-190\" style=\"width:689px\" srcset=\"https:\/\/mueblesgora.com.mx\/blog\/wp-content\/uploads\/2024\/12\/me-operativo-1-1024x683.jpg 1024w, https:\/\/mueblesgora.com.mx\/blog\/wp-content\/uploads\/2024\/12\/me-operativo-1-300x200.jpg 300w, https:\/\/mueblesgora.com.mx\/blog\/wp-content\/uploads\/2024\/12\/me-operativo-1-768x512.jpg 768w, https:\/\/mueblesgora.com.mx\/blog\/wp-content\/uploads\/2024\/12\/me-operativo-1.jpg 1200w\" sizes=\"(max-width: 1024px) 100vw, 1024px\" \/><figcaption class=\"wp-element-caption\">ME Operativo &#8211; Technochairs<\/figcaption><\/figure>\n\n\n\n<h4 class=\"wp-block-heading\"><strong>Conclusi\u00f3n<\/strong><\/h4>\n\n\n\n<p class=\"has-medium-font-size wp-block-paragraph\">Amueblar y decorar una oficina creativa no es solo cuesti\u00f3n de est\u00e9tica, sino de funcionalidad y bienestar. Con soluciones tecnol\u00f3gicas como los multicontactos de <a href=\"https:\/\/lumbromx.com\/\">Lumbro<\/a>, el confort ac\u00fastico de <a href=\"https:\/\/sonara.mx\/\">Sonara<\/a>, la flexibilidad de las mesas bench de <a href=\"https:\/\/mueblesgora.com.mx\/index.php\">Muebles GORA <\/a>y las innovaciones ergon\u00f3micas de <a href=\"https:\/\/technochairs.com\/\">Technochairs<\/a>, puedes dise\u00f1ar un espacio que inspire creatividad y productividad a partes iguales.<\/p>\n\n\n\n<p class=\"has-medium-font-size wp-block-paragraph\">\u00bfListo para transformar tu oficina en un centro de ideas y colaboraci\u00f3n? \u00a1<a href=\"https:\/\/api.whatsapp.com\/send?phone=5219992247700&amp;text=Quisiera%20asesor%C3%ADa%20sobre%20mobiliario%20%C2%BFPodr%C3%ADas%20ayudarme%3F\">Cont\u00e1ctanos<\/a> y conoce todas nuestras soluciones! \u00a1Lleva tu espacio al siguiente nivel con<a href=\"https:\/\/mueblesgora.com.mx\/index.php\"> Muebles GORA<\/a>! <\/p>\n\n\n\n<p class=\"wp-block-paragraph\"><\/p>\n","protected":false},"excerpt":{"rendered":"<p>En la era actual, donde la creatividad es el motor de muchas industrias, dise\u00f1ar un espacio de trabajo funcional y atractivo se ha convertido en una prioridad para las oficinas creativas. La combinaci\u00f3n de muebles bien dise\u00f1ados, soluciones tecnol\u00f3gicas modernas y elementos ac\u00fasticos puede transformar una oficina en un entorno que fomente la innovaci\u00f3n y &hellip; <\/p>\n<p class=\"link-more\"><a href=\"https:\/\/mueblesgora.com.mx\/blog\/2024\/12\/09\/espacios-creativos-como-amueblar-y-decorar-una-oficina-que-inspira-innovacion\/\" class=\"more-link\">Leer m\u00e1s<span class=\"screen-reader-text\"> \u00abEspacios Creativos: C\u00f3mo Amueblar y Decorar una Oficina que Inspira Innovaci\u00f3n\u00bb<\/span><\/a><\/p>\n","protected":false},"author":2,"featured_media":195,"comment_status":"open","ping_status":"closed","sticky":false,"template":"","format":"standard","meta":{"footnotes":""},"categories":[5,4],"tags":[10,26,50,43,25,47,48,46,32,44,45,49],"class_list":["post-177","post","type-post","status-publish","format-standard","has-post-thumbnail","hentry","category-diseno-de-oficinas","category-oficinas","tag-diseno-de-oficinas","tag-escritorios-en-merida","tag-interiorismo-oficinas","tag-mesas-tipo-bench-en-merida","tag-mobiliario-en-merida","tag-multicontactos-merida","tag-multipuertos-merida","tag-oficinas-creativas","tag-oficinas-merida","tag-paneles-acusticos-merida","tag-technochairs-merida","tag-torre-multicontacto"],"yoast_head":"<!-- This site is optimized with the Yoast SEO plugin v27.3 - https:\/\/yoast.com\/product\/yoast-seo-wordpress\/ -->\n<title>Espacios Creativos: C\u00f3mo Amueblar y Decorar una Oficina que Inspira Innovaci\u00f3n - Muebles GORA<\/title>\n<meta name=\"robots\" content=\"index, follow, max-snippet:-1, max-image-preview:large, max-video-preview:-1\" \/>\n<link rel=\"canonical\" href=\"https:\/\/mueblesgora.com.mx\/blog\/2024\/12\/09\/espacios-creativos-como-amueblar-y-decorar-una-oficina-que-inspira-innovacion\/\" \/>\n<meta property=\"og:locale\" content=\"es_MX\" \/>\n<meta property=\"og:type\" content=\"article\" \/>\n<meta property=\"og:title\" content=\"Espacios Creativos: C\u00f3mo Amueblar y Decorar una Oficina que Inspira Innovaci\u00f3n - Muebles GORA\" \/>\n<meta property=\"og:description\" content=\"En la era actual, donde la creatividad es el motor de muchas industrias, dise\u00f1ar un espacio de trabajo funcional y atractivo se ha convertido en una prioridad para las oficinas creativas. La combinaci\u00f3n de muebles bien dise\u00f1ados, soluciones tecnol\u00f3gicas modernas y elementos ac\u00fasticos puede transformar una oficina en un entorno que fomente la innovaci\u00f3n y &hellip; Leer m\u00e1s \u00abEspacios Creativos: C\u00f3mo Amueblar y Decorar una Oficina que Inspira Innovaci\u00f3n\u00bb\" \/>\n<meta property=\"og:url\" content=\"https:\/\/mueblesgora.com.mx\/blog\/2024\/12\/09\/espacios-creativos-como-amueblar-y-decorar-una-oficina-que-inspira-innovacion\/\" \/>\n<meta property=\"og:site_name\" content=\"Muebles GORA\" \/>\n<meta property=\"article:published_time\" content=\"2024-12-09T22:18:54+00:00\" \/>\n<meta property=\"article:modified_time\" content=\"2024-12-10T19:33:13+00:00\" \/>\n<meta property=\"og:image\" content=\"https:\/\/mueblesgora.com.mx\/blog\/wp-content\/uploads\/2024\/12\/354611379_812274717197684_1881540996135722201_n-e1733782719175.jpg\" \/>\n\t<meta property=\"og:image:width\" content=\"940\" \/>\n\t<meta property=\"og:image:height\" content=\"624\" \/>\n\t<meta property=\"og:image:type\" content=\"image\/jpeg\" \/>\n<meta name=\"author\" content=\"Mercedes Arz\u00e1palo\" \/>\n<meta name=\"twitter:card\" content=\"summary_large_image\" \/>\n<meta name=\"twitter:label1\" content=\"Escrito por\" \/>\n\t<meta name=\"twitter:data1\" content=\"Mercedes Arz\u00e1palo\" \/>\n\t<meta name=\"twitter:label2\" content=\"Tiempo de lectura\" \/>\n\t<meta name=\"twitter:data2\" content=\"4 minutos\" \/>\n<script type=\"application\/ld+json\" class=\"yoast-schema-graph\">{\"@context\":\"https:\\\/\\\/schema.org\",\"@graph\":[{\"@type\":\"Article\",\"@id\":\"https:\\\/\\\/mueblesgora.com.mx\\\/blog\\\/2024\\\/12\\\/09\\\/espacios-creativos-como-amueblar-y-decorar-una-oficina-que-inspira-innovacion\\\/#article\",\"isPartOf\":{\"@id\":\"https:\\\/\\\/mueblesgora.com.mx\\\/blog\\\/2024\\\/12\\\/09\\\/espacios-creativos-como-amueblar-y-decorar-una-oficina-que-inspira-innovacion\\\/\"},\"author\":{\"name\":\"Mercedes Arz\u00e1palo\",\"@id\":\"https:\\\/\\\/mueblesgora.com.mx\\\/blog\\\/#\\\/schema\\\/person\\\/7eea029d9ac31830dc6248b74753fd0f\"},\"headline\":\"Espacios Creativos: C\u00f3mo Amueblar y Decorar una Oficina que Inspira Innovaci\u00f3n\",\"datePublished\":\"2024-12-09T22:18:54+00:00\",\"dateModified\":\"2024-12-10T19:33:13+00:00\",\"mainEntityOfPage\":{\"@id\":\"https:\\\/\\\/mueblesgora.com.mx\\\/blog\\\/2024\\\/12\\\/09\\\/espacios-creativos-como-amueblar-y-decorar-una-oficina-que-inspira-innovacion\\\/\"},\"wordCount\":740,\"commentCount\":0,\"publisher\":{\"@id\":\"https:\\\/\\\/mueblesgora.com.mx\\\/blog\\\/#organization\"},\"image\":{\"@id\":\"https:\\\/\\\/mueblesgora.com.mx\\\/blog\\\/2024\\\/12\\\/09\\\/espacios-creativos-como-amueblar-y-decorar-una-oficina-que-inspira-innovacion\\\/#primaryimage\"},\"thumbnailUrl\":\"https:\\\/\\\/mueblesgora.com.mx\\\/blog\\\/wp-content\\\/uploads\\\/2024\\\/12\\\/354611379_812274717197684_1881540996135722201_n-e1733782719175.jpg\",\"keywords\":[\"Dise\u00f1o de oficinas\",\"Escritorios en M\u00e9rida\",\"Interiorismo Oficinas\",\"Mesas Tipo Bench en M\u00e9rida\",\"Mobiliario en M\u00e9rida\",\"Multicontactos M\u00e9rida\",\"Multipuertos M\u00e9rida\",\"Oficinas Creativas\",\"Oficinas M\u00e9rida\",\"Paneles Ac\u00fasticos M\u00e9rida\",\"Technochairs M\u00e9rida\",\"Torre Multicontacto\"],\"articleSection\":[\"Dise\u00f1o de Oficinas\",\"Oficinas\"],\"inLanguage\":\"es\",\"potentialAction\":[{\"@type\":\"CommentAction\",\"name\":\"Comment\",\"target\":[\"https:\\\/\\\/mueblesgora.com.mx\\\/blog\\\/2024\\\/12\\\/09\\\/espacios-creativos-como-amueblar-y-decorar-una-oficina-que-inspira-innovacion\\\/#respond\"]}]},{\"@type\":\"WebPage\",\"@id\":\"https:\\\/\\\/mueblesgora.com.mx\\\/blog\\\/2024\\\/12\\\/09\\\/espacios-creativos-como-amueblar-y-decorar-una-oficina-que-inspira-innovacion\\\/\",\"url\":\"https:\\\/\\\/mueblesgora.com.mx\\\/blog\\\/2024\\\/12\\\/09\\\/espacios-creativos-como-amueblar-y-decorar-una-oficina-que-inspira-innovacion\\\/\",\"name\":\"Espacios Creativos: C\u00f3mo Amueblar y Decorar una Oficina que Inspira Innovaci\u00f3n - Muebles GORA\",\"isPartOf\":{\"@id\":\"https:\\\/\\\/mueblesgora.com.mx\\\/blog\\\/#website\"},\"primaryImageOfPage\":{\"@id\":\"https:\\\/\\\/mueblesgora.com.mx\\\/blog\\\/2024\\\/12\\\/09\\\/espacios-creativos-como-amueblar-y-decorar-una-oficina-que-inspira-innovacion\\\/#primaryimage\"},\"image\":{\"@id\":\"https:\\\/\\\/mueblesgora.com.mx\\\/blog\\\/2024\\\/12\\\/09\\\/espacios-creativos-como-amueblar-y-decorar-una-oficina-que-inspira-innovacion\\\/#primaryimage\"},\"thumbnailUrl\":\"https:\\\/\\\/mueblesgora.com.mx\\\/blog\\\/wp-content\\\/uploads\\\/2024\\\/12\\\/354611379_812274717197684_1881540996135722201_n-e1733782719175.jpg\",\"datePublished\":\"2024-12-09T22:18:54+00:00\",\"dateModified\":\"2024-12-10T19:33:13+00:00\",\"breadcrumb\":{\"@id\":\"https:\\\/\\\/mueblesgora.com.mx\\\/blog\\\/2024\\\/12\\\/09\\\/espacios-creativos-como-amueblar-y-decorar-una-oficina-que-inspira-innovacion\\\/#breadcrumb\"},\"inLanguage\":\"es\",\"potentialAction\":[{\"@type\":\"ReadAction\",\"target\":[\"https:\\\/\\\/mueblesgora.com.mx\\\/blog\\\/2024\\\/12\\\/09\\\/espacios-creativos-como-amueblar-y-decorar-una-oficina-que-inspira-innovacion\\\/\"]}]},{\"@type\":\"ImageObject\",\"inLanguage\":\"es\",\"@id\":\"https:\\\/\\\/mueblesgora.com.mx\\\/blog\\\/2024\\\/12\\\/09\\\/espacios-creativos-como-amueblar-y-decorar-una-oficina-que-inspira-innovacion\\\/#primaryimage\",\"url\":\"https:\\\/\\\/mueblesgora.com.mx\\\/blog\\\/wp-content\\\/uploads\\\/2024\\\/12\\\/354611379_812274717197684_1881540996135722201_n-e1733782719175.jpg\",\"contentUrl\":\"https:\\\/\\\/mueblesgora.com.mx\\\/blog\\\/wp-content\\\/uploads\\\/2024\\\/12\\\/354611379_812274717197684_1881540996135722201_n-e1733782719175.jpg\",\"width\":940,\"height\":624},{\"@type\":\"BreadcrumbList\",\"@id\":\"https:\\\/\\\/mueblesgora.com.mx\\\/blog\\\/2024\\\/12\\\/09\\\/espacios-creativos-como-amueblar-y-decorar-una-oficina-que-inspira-innovacion\\\/#breadcrumb\",\"itemListElement\":[{\"@type\":\"ListItem\",\"position\":1,\"name\":\"Inicio\",\"item\":\"https:\\\/\\\/mueblesgora.com.mx\\\/blog\\\/\"},{\"@type\":\"ListItem\",\"position\":2,\"name\":\"Espacios Creativos: C\u00f3mo Amueblar y Decorar una Oficina que Inspira Innovaci\u00f3n\"}]},{\"@type\":\"WebSite\",\"@id\":\"https:\\\/\\\/mueblesgora.com.mx\\\/blog\\\/#website\",\"url\":\"https:\\\/\\\/mueblesgora.com.mx\\\/blog\\\/\",\"name\":\"Muebles GORA\",\"description\":\"Fabricamos tus ideas.\",\"publisher\":{\"@id\":\"https:\\\/\\\/mueblesgora.com.mx\\\/blog\\\/#organization\"},\"potentialAction\":[{\"@type\":\"SearchAction\",\"target\":{\"@type\":\"EntryPoint\",\"urlTemplate\":\"https:\\\/\\\/mueblesgora.com.mx\\\/blog\\\/?s={search_term_string}\"},\"query-input\":{\"@type\":\"PropertyValueSpecification\",\"valueRequired\":true,\"valueName\":\"search_term_string\"}}],\"inLanguage\":\"es\"},{\"@type\":\"Organization\",\"@id\":\"https:\\\/\\\/mueblesgora.com.mx\\\/blog\\\/#organization\",\"name\":\"Muebles GORA\",\"url\":\"https:\\\/\\\/mueblesgora.com.mx\\\/blog\\\/\",\"logo\":{\"@type\":\"ImageObject\",\"inLanguage\":\"es\",\"@id\":\"https:\\\/\\\/mueblesgora.com.mx\\\/blog\\\/#\\\/schema\\\/logo\\\/image\\\/\",\"url\":\"https:\\\/\\\/mueblesgora.com.mx\\\/blog\\\/wp-content\\\/uploads\\\/2025\\\/09\\\/GoraW_64.png\",\"contentUrl\":\"https:\\\/\\\/mueblesgora.com.mx\\\/blog\\\/wp-content\\\/uploads\\\/2025\\\/09\\\/GoraW_64.png\",\"width\":373,\"height\":64,\"caption\":\"Muebles GORA\"},\"image\":{\"@id\":\"https:\\\/\\\/mueblesgora.com.mx\\\/blog\\\/#\\\/schema\\\/logo\\\/image\\\/\"}},{\"@type\":\"Person\",\"@id\":\"https:\\\/\\\/mueblesgora.com.mx\\\/blog\\\/#\\\/schema\\\/person\\\/7eea029d9ac31830dc6248b74753fd0f\",\"name\":\"Mercedes Arz\u00e1palo\",\"image\":{\"@type\":\"ImageObject\",\"inLanguage\":\"es\",\"@id\":\"https:\\\/\\\/secure.gravatar.com\\\/avatar\\\/047acb7b7ffa9f7fda3c2b4fbe6255979271635dddb970075b4fe34906c550ae?s=96&d=mm&r=g\",\"url\":\"https:\\\/\\\/secure.gravatar.com\\\/avatar\\\/047acb7b7ffa9f7fda3c2b4fbe6255979271635dddb970075b4fe34906c550ae?s=96&d=mm&r=g\",\"contentUrl\":\"https:\\\/\\\/secure.gravatar.com\\\/avatar\\\/047acb7b7ffa9f7fda3c2b4fbe6255979271635dddb970075b4fe34906c550ae?s=96&d=mm&r=g\",\"caption\":\"Mercedes Arz\u00e1palo\"},\"url\":\"https:\\\/\\\/mueblesgora.com.mx\\\/blog\\\/author\\\/merarzapalo\\\/\"}]}<\/script>\n<!-- \/ Yoast SEO plugin. -->","yoast_head_json":{"title":"Espacios Creativos: C\u00f3mo Amueblar y Decorar una Oficina que Inspira Innovaci\u00f3n - Muebles GORA","robots":{"index":"index","follow":"follow","max-snippet":"max-snippet:-1","max-image-preview":"max-image-preview:large","max-video-preview":"max-video-preview:-1"},"canonical":"https:\/\/mueblesgora.com.mx\/blog\/2024\/12\/09\/espacios-creativos-como-amueblar-y-decorar-una-oficina-que-inspira-innovacion\/","og_locale":"es_MX","og_type":"article","og_title":"Espacios Creativos: C\u00f3mo Amueblar y Decorar una Oficina que Inspira Innovaci\u00f3n - Muebles GORA","og_description":"En la era actual, donde la creatividad es el motor de muchas industrias, dise\u00f1ar un espacio de trabajo funcional y atractivo se ha convertido en una prioridad para las oficinas creativas. La combinaci\u00f3n de muebles bien dise\u00f1ados, soluciones tecnol\u00f3gicas modernas y elementos ac\u00fasticos puede transformar una oficina en un entorno que fomente la innovaci\u00f3n y &hellip; Leer m\u00e1s \u00abEspacios Creativos: C\u00f3mo Amueblar y Decorar una Oficina que Inspira Innovaci\u00f3n\u00bb","og_url":"https:\/\/mueblesgora.com.mx\/blog\/2024\/12\/09\/espacios-creativos-como-amueblar-y-decorar-una-oficina-que-inspira-innovacion\/","og_site_name":"Muebles GORA","article_published_time":"2024-12-09T22:18:54+00:00","article_modified_time":"2024-12-10T19:33:13+00:00","og_image":[{"width":940,"height":624,"url":"https:\/\/mueblesgora.com.mx\/blog\/wp-content\/uploads\/2024\/12\/354611379_812274717197684_1881540996135722201_n-e1733782719175.jpg","type":"image\/jpeg"}],"author":"Mercedes Arz\u00e1palo","twitter_card":"summary_large_image","twitter_misc":{"Escrito por":"Mercedes Arz\u00e1palo","Tiempo de lectura":"4 minutos"},"schema":{"@context":"https:\/\/schema.org","@graph":[{"@type":"Article","@id":"https:\/\/mueblesgora.com.mx\/blog\/2024\/12\/09\/espacios-creativos-como-amueblar-y-decorar-una-oficina-que-inspira-innovacion\/#article","isPartOf":{"@id":"https:\/\/mueblesgora.com.mx\/blog\/2024\/12\/09\/espacios-creativos-como-amueblar-y-decorar-una-oficina-que-inspira-innovacion\/"},"author":{"name":"Mercedes Arz\u00e1palo","@id":"https:\/\/mueblesgora.com.mx\/blog\/#\/schema\/person\/7eea029d9ac31830dc6248b74753fd0f"},"headline":"Espacios Creativos: C\u00f3mo Amueblar y Decorar una Oficina que Inspira Innovaci\u00f3n","datePublished":"2024-12-09T22:18:54+00:00","dateModified":"2024-12-10T19:33:13+00:00","mainEntityOfPage":{"@id":"https:\/\/mueblesgora.com.mx\/blog\/2024\/12\/09\/espacios-creativos-como-amueblar-y-decorar-una-oficina-que-inspira-innovacion\/"},"wordCount":740,"commentCount":0,"publisher":{"@id":"https:\/\/mueblesgora.com.mx\/blog\/#organization"},"image":{"@id":"https:\/\/mueblesgora.com.mx\/blog\/2024\/12\/09\/espacios-creativos-como-amueblar-y-decorar-una-oficina-que-inspira-innovacion\/#primaryimage"},"thumbnailUrl":"https:\/\/mueblesgora.com.mx\/blog\/wp-content\/uploads\/2024\/12\/354611379_812274717197684_1881540996135722201_n-e1733782719175.jpg","keywords":["Dise\u00f1o de oficinas","Escritorios en M\u00e9rida","Interiorismo Oficinas","Mesas Tipo Bench en M\u00e9rida","Mobiliario en M\u00e9rida","Multicontactos M\u00e9rida","Multipuertos M\u00e9rida","Oficinas Creativas","Oficinas M\u00e9rida","Paneles Ac\u00fasticos M\u00e9rida","Technochairs M\u00e9rida","Torre Multicontacto"],"articleSection":["Dise\u00f1o de Oficinas","Oficinas"],"inLanguage":"es","potentialAction":[{"@type":"CommentAction","name":"Comment","target":["https:\/\/mueblesgora.com.mx\/blog\/2024\/12\/09\/espacios-creativos-como-amueblar-y-decorar-una-oficina-que-inspira-innovacion\/#respond"]}]},{"@type":"WebPage","@id":"https:\/\/mueblesgora.com.mx\/blog\/2024\/12\/09\/espacios-creativos-como-amueblar-y-decorar-una-oficina-que-inspira-innovacion\/","url":"https:\/\/mueblesgora.com.mx\/blog\/2024\/12\/09\/espacios-creativos-como-amueblar-y-decorar-una-oficina-que-inspira-innovacion\/","name":"Espacios Creativos: C\u00f3mo Amueblar y Decorar una Oficina que Inspira Innovaci\u00f3n - Muebles GORA","isPartOf":{"@id":"https:\/\/mueblesgora.com.mx\/blog\/#website"},"primaryImageOfPage":{"@id":"https:\/\/mueblesgora.com.mx\/blog\/2024\/12\/09\/espacios-creativos-como-amueblar-y-decorar-una-oficina-que-inspira-innovacion\/#primaryimage"},"image":{"@id":"https:\/\/mueblesgora.com.mx\/blog\/2024\/12\/09\/espacios-creativos-como-amueblar-y-decorar-una-oficina-que-inspira-innovacion\/#primaryimage"},"thumbnailUrl":"https:\/\/mueblesgora.com.mx\/blog\/wp-content\/uploads\/2024\/12\/354611379_812274717197684_1881540996135722201_n-e1733782719175.jpg","datePublished":"2024-12-09T22:18:54+00:00","dateModified":"2024-12-10T19:33:13+00:00","breadcrumb":{"@id":"https:\/\/mueblesgora.com.mx\/blog\/2024\/12\/09\/espacios-creativos-como-amueblar-y-decorar-una-oficina-que-inspira-innovacion\/#breadcrumb"},"inLanguage":"es","potentialAction":[{"@type":"ReadAction","target":["https:\/\/mueblesgora.com.mx\/blog\/2024\/12\/09\/espacios-creativos-como-amueblar-y-decorar-una-oficina-que-inspira-innovacion\/"]}]},{"@type":"ImageObject","inLanguage":"es","@id":"https:\/\/mueblesgora.com.mx\/blog\/2024\/12\/09\/espacios-creativos-como-amueblar-y-decorar-una-oficina-que-inspira-innovacion\/#primaryimage","url":"https:\/\/mueblesgora.com.mx\/blog\/wp-content\/uploads\/2024\/12\/354611379_812274717197684_1881540996135722201_n-e1733782719175.jpg","contentUrl":"https:\/\/mueblesgora.com.mx\/blog\/wp-content\/uploads\/2024\/12\/354611379_812274717197684_1881540996135722201_n-e1733782719175.jpg","width":940,"height":624},{"@type":"BreadcrumbList","@id":"https:\/\/mueblesgora.com.mx\/blog\/2024\/12\/09\/espacios-creativos-como-amueblar-y-decorar-una-oficina-que-inspira-innovacion\/#breadcrumb","itemListElement":[{"@type":"ListItem","position":1,"name":"Inicio","item":"https:\/\/mueblesgora.com.mx\/blog\/"},{"@type":"ListItem","position":2,"name":"Espacios Creativos: C\u00f3mo Amueblar y Decorar una Oficina que Inspira Innovaci\u00f3n"}]},{"@type":"WebSite","@id":"https:\/\/mueblesgora.com.mx\/blog\/#website","url":"https:\/\/mueblesgora.com.mx\/blog\/","name":"Muebles GORA","description":"Fabricamos tus ideas.","publisher":{"@id":"https:\/\/mueblesgora.com.mx\/blog\/#organization"},"potentialAction":[{"@type":"SearchAction","target":{"@type":"EntryPoint","urlTemplate":"https:\/\/mueblesgora.com.mx\/blog\/?s={search_term_string}"},"query-input":{"@type":"PropertyValueSpecification","valueRequired":true,"valueName":"search_term_string"}}],"inLanguage":"es"},{"@type":"Organization","@id":"https:\/\/mueblesgora.com.mx\/blog\/#organization","name":"Muebles GORA","url":"https:\/\/mueblesgora.com.mx\/blog\/","logo":{"@type":"ImageObject","inLanguage":"es","@id":"https:\/\/mueblesgora.com.mx\/blog\/#\/schema\/logo\/image\/","url":"https:\/\/mueblesgora.com.mx\/blog\/wp-content\/uploads\/2025\/09\/GoraW_64.png","contentUrl":"https:\/\/mueblesgora.com.mx\/blog\/wp-content\/uploads\/2025\/09\/GoraW_64.png","width":373,"height":64,"caption":"Muebles GORA"},"image":{"@id":"https:\/\/mueblesgora.com.mx\/blog\/#\/schema\/logo\/image\/"}},{"@type":"Person","@id":"https:\/\/mueblesgora.com.mx\/blog\/#\/schema\/person\/7eea029d9ac31830dc6248b74753fd0f","name":"Mercedes Arz\u00e1palo","image":{"@type":"ImageObject","inLanguage":"es","@id":"https:\/\/secure.gravatar.com\/avatar\/047acb7b7ffa9f7fda3c2b4fbe6255979271635dddb970075b4fe34906c550ae?s=96&d=mm&r=g","url":"https:\/\/secure.gravatar.com\/avatar\/047acb7b7ffa9f7fda3c2b4fbe6255979271635dddb970075b4fe34906c550ae?s=96&d=mm&r=g","contentUrl":"https:\/\/secure.gravatar.com\/avatar\/047acb7b7ffa9f7fda3c2b4fbe6255979271635dddb970075b4fe34906c550ae?s=96&d=mm&r=g","caption":"Mercedes Arz\u00e1palo"},"url":"https:\/\/mueblesgora.com.mx\/blog\/author\/merarzapalo\/"}]}},"featured_media_urls":{"thumbnail":["https:\/\/mueblesgora.com.mx\/blog\/wp-content\/uploads\/2024\/12\/354611379_812274717197684_1881540996135722201_n-e1733782719175-150x150.jpg",150,150,true],"medium":["https:\/\/mueblesgora.com.mx\/blog\/wp-content\/uploads\/2024\/12\/354611379_812274717197684_1881540996135722201_n-e1733782719175-300x199.jpg",300,199,true],"medium_large":["https:\/\/mueblesgora.com.mx\/blog\/wp-content\/uploads\/2024\/12\/354611379_812274717197684_1881540996135722201_n-e1733782719175-768x510.jpg",768,510,true],"large":["https:\/\/mueblesgora.com.mx\/blog\/wp-content\/uploads\/2024\/12\/354611379_812274717197684_1881540996135722201_n-e1733782719175.jpg",940,624,false],"1536x1536":["https:\/\/mueblesgora.com.mx\/blog\/wp-content\/uploads\/2024\/12\/354611379_812274717197684_1881540996135722201_n-e1733782719175.jpg",940,624,false],"2048x2048":["https:\/\/mueblesgora.com.mx\/blog\/wp-content\/uploads\/2024\/12\/354611379_812274717197684_1881540996135722201_n-e1733782719175.jpg",940,624,false],"inspiro-featured-image":["https:\/\/mueblesgora.com.mx\/blog\/wp-content\/uploads\/2024\/12\/354611379_812274717197684_1881540996135722201_n-e1733782719175.jpg",940,624,false],"inspiro-loop":["https:\/\/mueblesgora.com.mx\/blog\/wp-content\/uploads\/2024\/12\/354611379_812274717197684_1881540996135722201_n-e1733782719175-940x320.jpg",940,320,true],"inspiro-loop@2x":["https:\/\/mueblesgora.com.mx\/blog\/wp-content\/uploads\/2024\/12\/354611379_812274717197684_1881540996135722201_n-e1733782719175.jpg",940,624,false],"portfolio_item-thumbnail":["https:\/\/mueblesgora.com.mx\/blog\/wp-content\/uploads\/2024\/12\/354611379_812274717197684_1881540996135722201_n-e1733782719175-600x400.jpg",600,400,true],"portfolio_item-thumbnail@2x":["https:\/\/mueblesgora.com.mx\/blog\/wp-content\/uploads\/2024\/12\/354611379_812274717197684_1881540996135722201_n-e1733782719175.jpg",940,624,false],"portfolio_item-masonry":["https:\/\/mueblesgora.com.mx\/blog\/wp-content\/uploads\/2024\/12\/354611379_812274717197684_1881540996135722201_n-e1733782719175-600x398.jpg",600,398,true],"portfolio_item-masonry@2x":["https:\/\/mueblesgora.com.mx\/blog\/wp-content\/uploads\/2024\/12\/354611379_812274717197684_1881540996135722201_n-e1733782719175.jpg",940,624,false],"portfolio_item-thumbnail_cinema":["https:\/\/mueblesgora.com.mx\/blog\/wp-content\/uploads\/2024\/12\/354611379_812274717197684_1881540996135722201_n-e1733782719175-800x335.jpg",800,335,true],"portfolio_item-thumbnail_portrait":["https:\/\/mueblesgora.com.mx\/blog\/wp-content\/uploads\/2024\/12\/354611379_812274717197684_1881540996135722201_n-e1733782719175-600x624.jpg",600,624,true],"portfolio_item-thumbnail_portrait@2x":["https:\/\/mueblesgora.com.mx\/blog\/wp-content\/uploads\/2024\/12\/354611379_812274717197684_1881540996135722201_n-e1733782719175.jpg",940,624,false],"portfolio_item-thumbnail_square":["https:\/\/mueblesgora.com.mx\/blog\/wp-content\/uploads\/2024\/12\/354611379_812274717197684_1881540996135722201_n-e1733782719175-800x624.jpg",800,624,true]},"_links":{"self":[{"href":"https:\/\/mueblesgora.com.mx\/blog\/wp-json\/wp\/v2\/posts\/177","targetHints":{"allow":["GET"]}}],"collection":[{"href":"https:\/\/mueblesgora.com.mx\/blog\/wp-json\/wp\/v2\/posts"}],"about":[{"href":"https:\/\/mueblesgora.com.mx\/blog\/wp-json\/wp\/v2\/types\/post"}],"author":[{"embeddable":true,"href":"https:\/\/mueblesgora.com.mx\/blog\/wp-json\/wp\/v2\/users\/2"}],"replies":[{"embeddable":true,"href":"https:\/\/mueblesgora.com.mx\/blog\/wp-json\/wp\/v2\/comments?post=177"}],"version-history":[{"count":3,"href":"https:\/\/mueblesgora.com.mx\/blog\/wp-json\/wp\/v2\/posts\/177\/revisions"}],"predecessor-version":[{"id":200,"href":"https:\/\/mueblesgora.com.mx\/blog\/wp-json\/wp\/v2\/posts\/177\/revisions\/200"}],"wp:featuredmedia":[{"embeddable":true,"href":"https:\/\/mueblesgora.com.mx\/blog\/wp-json\/wp\/v2\/media\/195"}],"wp:attachment":[{"href":"https:\/\/mueblesgora.com.mx\/blog\/wp-json\/wp\/v2\/media?parent=177"}],"wp:term":[{"taxonomy":"category","embeddable":true,"href":"https:\/\/mueblesgora.com.mx\/blog\/wp-json\/wp\/v2\/categories?post=177"},{"taxonomy":"post_tag","embeddable":true,"href":"https:\/\/mueblesgora.com.mx\/blog\/wp-json\/wp\/v2\/tags?post=177"}],"curies":[{"name":"wp","href":"https:\/\/api.w.org\/{rel}","templated":true}]}}