{"id":211,"date":"2025-01-03T12:42:18","date_gmt":"2025-01-03T18:42:18","guid":{"rendered":"https:\/\/mueblesgora.com.mx\/blog\/?p=211"},"modified":"2025-01-03T12:45:36","modified_gmt":"2025-01-03T18:45:36","slug":"el-mundo-de-los-muebles-metalicos-tendencias-para-el-2025","status":"publish","type":"post","link":"https:\/\/mueblesgora.com.mx\/blog\/2025\/01\/03\/el-mundo-de-los-muebles-metalicos-tendencias-para-el-2025\/","title":{"rendered":"El mundo de los Muebles Met\u00e1licos: Tendencias para el 2025"},"content":{"rendered":"\n<p class=\"has-medium-font-size wp-block-paragraph\">Cuando se trata de mobiliario funcional, resistente y moderno, los muebles met\u00e1licos se han consolidado como una opci\u00f3n insuperable para oficinas, escuelas, industria y comercio. En <a href=\"https:\/\/mueblesgora.com.mx\/\">Muebles GORA<\/a>, llevamos d\u00e9cadas perfeccionando la fabricaci\u00f3n de productos met\u00e1licos, destac\u00e1ndonos como l\u00edderes en lockers, estanter\u00eda, anaqueles, gabinetes y archiveros. Desde nuestros inicios, nos especializamos en <a href=\"https:\/\/mueblesgora.com.mx\/mobiliario.php?MOBILIARIO=Industrial\">muebles met\u00e1licos<\/a>, lo que nos convierte en una voz autorizada dentro de la industria del metal. Este art\u00edculo explorar\u00e1 las funciones y ventajas de estos muebles, as\u00ed como las tendencias clave para 2025 en este tipo de mobiliario.<\/p>\n\n\n\n<h3 class=\"wp-block-heading\"><strong>Funcionalidad y Versatilidad: Los Beneficios del Mobiliario Met\u00e1lico<\/strong><\/h3>\n\n\n\n<p class=\"has-medium-font-size wp-block-paragraph\"><strong>1. Durabilidad y Resistencia<\/strong><br>El acero es conocido por su capacidad de resistir golpes, humedad y cambios de temperatura. Esto lo convierte en una opci\u00f3n ideal para ambientes de alto tr\u00e1fico, como oficinas, escuelas y almacenes.<\/p>\n\n\n\n<p class=\"has-medium-font-size wp-block-paragraph\"><strong>2. Bajo Mantenimiento<\/strong><br>A diferencia de los muebles de madera, los met\u00e1licos requieren poco mantenimiento. Un pa\u00f1o h\u00famedo y productos de limpieza suaves son suficientes para mantenerlos en excelente estado.<\/p>\n\n\n\n<p class=\"has-medium-font-size wp-block-paragraph\"><strong>3. Eficiencia en el Espacio<\/strong><br>Los gabinetes y archiveros de <a href=\"https:\/\/mueblesgora.com.mx\/\">Muebles GORA<\/a> est\u00e1n dise\u00f1ados para maximizar el espacio disponible, ofreciendo soluciones de almacenamiento compactas y organizadas.<\/p>\n\n\n\n<p class=\"has-medium-font-size wp-block-paragraph\"><strong>4. Sostenibilidad<\/strong><br>El metal es 100% reciclable, lo que lo hace una elecci\u00f3n ecol\u00f3gica.<\/p>\n\n\n\n<figure class=\"wp-block-image size-large\"><img fetchpriority=\"high\" decoding=\"async\" width=\"1024\" height=\"1024\" src=\"https:\/\/mueblesgora.com.mx\/blog\/wp-content\/uploads\/2025\/01\/FILE-CABINET-2-1024x1024.jpg\" alt=\"\" class=\"wp-image-219\" srcset=\"https:\/\/mueblesgora.com.mx\/blog\/wp-content\/uploads\/2025\/01\/FILE-CABINET-2-1024x1024.jpg 1024w, https:\/\/mueblesgora.com.mx\/blog\/wp-content\/uploads\/2025\/01\/FILE-CABINET-2-300x300.jpg 300w, https:\/\/mueblesgora.com.mx\/blog\/wp-content\/uploads\/2025\/01\/FILE-CABINET-2-150x150.jpg 150w, https:\/\/mueblesgora.com.mx\/blog\/wp-content\/uploads\/2025\/01\/FILE-CABINET-2-768x768.jpg 768w, https:\/\/mueblesgora.com.mx\/blog\/wp-content\/uploads\/2025\/01\/FILE-CABINET-2-1536x1536.jpg 1536w, https:\/\/mueblesgora.com.mx\/blog\/wp-content\/uploads\/2025\/01\/FILE-CABINET-2.jpg 1600w\" sizes=\"(max-width: 1024px) 100vw, 1024px\" \/><\/figure>\n\n\n\n<h3 class=\"wp-block-heading\"><strong>Ventajas Competitivas de Muebles GORA<\/strong><\/h3>\n\n\n\n<p class=\"has-medium-font-size wp-block-paragraph\">En <a href=\"https:\/\/mueblesgora.com.mx\/\">Muebles GORA<\/a>, cada pieza es elaborada en nuestra planta de fabricaci\u00f3n, garantizando altos est\u00e1ndares de calidad, dise\u00f1o y durabilidad. Con a\u00f1os de experiencia en el sector, nos hemos ganado la confianza de nuestros clientes gracias a:<\/p>\n\n\n\n<ul class=\"wp-block-list\">\n<li class=\"has-medium-font-size\">Dise\u00f1os personalizables que se adaptan a cualquier espacio y concepto de trabajo.<\/li>\n\n\n\n<li class=\"has-medium-font-size\">Una planta en M\u00e9rida, Yucat\u00e1n con gran capacidad de producci\u00f3n.<\/li>\n\n\n\n<li class=\"has-medium-font-size\">Un equipo de expertos comprometidos con la excelencia.<\/li>\n<\/ul>\n\n\n\n<figure class=\"wp-block-image size-full is-resized\"><img decoding=\"async\" width=\"689\" height=\"600\" src=\"https:\/\/mueblesgora.com.mx\/blog\/wp-content\/uploads\/2025\/01\/Metalicos2.png\" alt=\"\" class=\"wp-image-220\" style=\"width:689px\" srcset=\"https:\/\/mueblesgora.com.mx\/blog\/wp-content\/uploads\/2025\/01\/Metalicos2.png 689w, https:\/\/mueblesgora.com.mx\/blog\/wp-content\/uploads\/2025\/01\/Metalicos2-300x261.png 300w\" sizes=\"(max-width: 689px) 100vw, 689px\" \/><\/figure>\n\n\n\n<h3 class=\"wp-block-heading\"><strong>Tendencias en Mobiliario Met\u00e1lico para 2025<\/strong><\/h3>\n\n\n\n<p class=\"has-medium-font-size wp-block-paragraph\">El <a href=\"https:\/\/mueblesgora.com.mx\/mobiliario.php?MOBILIARIO=Industrial\">mobiliario met\u00e1lico<\/a> sigue evolucionando, y 2025 trae consigo tendencias que combinan funcionalidad con est\u00e9tica moderna:<\/p>\n\n\n\n<p class=\"has-medium-font-size wp-block-paragraph\"><strong>1. Dise\u00f1os Minimalistas y Multifuncionales<\/strong><br>Los muebles met\u00e1licos minimalistas, con l\u00edneas limpias y colores neutros, est\u00e1n ganando popularidad. Productos como lockers y estanter\u00edas que cumplen m\u00faltiples funciones ser\u00e1n imprescindibles.<\/p>\n\n\n\n<p class=\"has-medium-font-size wp-block-paragraph\"><strong>2. Integraci\u00f3n de Tecnolog\u00eda<\/strong><br>Desde cerraduras inteligentes hasta gabinetes con sistemas de organizaci\u00f3n digital, la tecnolog\u00eda est\u00e1 transformando el sector.<\/p>\n\n\n\n<p class=\"has-medium-font-size wp-block-paragraph\"><strong>3. Colores y Acabados Personalizados<\/strong><br>Los clientes buscan opciones personalizables que reflejen su estilo o se integren con su identidad corporativa. Colores met\u00e1licos mate y acabados texturizados estar\u00e1n en tendencia.<\/p>\n\n\n\n<p class=\"has-medium-font-size wp-block-paragraph\"><strong>4. Sostenibilidad como Prioridad<\/strong><br>El mobiliario ecol\u00f3gico seguir\u00e1 siendo un foco principal.<\/p>\n\n\n\n<figure class=\"wp-block-image size-full is-resized\"><img decoding=\"async\" width=\"640\" height=\"416\" src=\"https:\/\/mueblesgora.com.mx\/blog\/wp-content\/uploads\/2025\/01\/modern-office-furniture-metal-storage-1-0-heartwork-inc-img6d61a21b01391f4c_4-3042-1-a9e8b66-1.jpg\" alt=\"\" class=\"wp-image-218\" style=\"width:689px\" srcset=\"https:\/\/mueblesgora.com.mx\/blog\/wp-content\/uploads\/2025\/01\/modern-office-furniture-metal-storage-1-0-heartwork-inc-img6d61a21b01391f4c_4-3042-1-a9e8b66-1.jpg 640w, https:\/\/mueblesgora.com.mx\/blog\/wp-content\/uploads\/2025\/01\/modern-office-furniture-metal-storage-1-0-heartwork-inc-img6d61a21b01391f4c_4-3042-1-a9e8b66-1-300x195.jpg 300w\" sizes=\"(max-width: 640px) 100vw, 640px\" \/><\/figure>\n\n\n\n<h3 class=\"wp-block-heading\"><strong>Con\u00e9ctate con la Experiencia de Muebles GORA<\/strong><\/h3>\n\n\n\n<p class=\"has-medium-font-size wp-block-paragraph\">Eligiendo <a href=\"https:\/\/mueblesgora.com.mx\/\">Muebles GORA<\/a>, no solo obtienes productos de alta calidad, sino tambi\u00e9n el respaldo de una empresa comprometida con la innovaci\u00f3n y la satisfacci\u00f3n del cliente. Ya sea que necesites lockers para una escuela, estanter\u00edas para un almac\u00e9n o gabinetes para una oficina, tenemos la soluci\u00f3n perfecta para ti.<\/p>\n\n\n\n<p class=\"has-medium-font-size wp-block-paragraph\">Vis\u00edtanos en <a href=\"https:\/\/mueblesgora.com.mx\/\">www.mueblesgora.com.mx<\/a> y descubre por qu\u00e9 somos el socio ideal para tus necesidades de mobiliario met\u00e1lico.<\/p>\n","protected":false},"excerpt":{"rendered":"<p>Cuando se trata de mobiliario funcional, resistente y moderno, los muebles met\u00e1licos se han consolidado como una opci\u00f3n insuperable para oficinas, escuelas, industria y comercio. En Muebles GORA, llevamos d\u00e9cadas perfeccionando la fabricaci\u00f3n de productos met\u00e1licos, destac\u00e1ndonos como l\u00edderes en lockers, estanter\u00eda, anaqueles, gabinetes y archiveros. Desde nuestros inicios, nos especializamos en muebles met\u00e1licos, lo &hellip; <\/p>\n<p class=\"link-more\"><a href=\"https:\/\/mueblesgora.com.mx\/blog\/2025\/01\/03\/el-mundo-de-los-muebles-metalicos-tendencias-para-el-2025\/\" class=\"more-link\">Leer m\u00e1s<span class=\"screen-reader-text\"> \u00abEl mundo de los Muebles Met\u00e1licos: Tendencias para el 2025\u00bb<\/span><\/a><\/p>\n","protected":false},"author":2,"featured_media":222,"comment_status":"open","ping_status":"closed","sticky":false,"template":"","format":"standard","meta":{"footnotes":""},"categories":[56],"tags":[63,59,58,66,64,62,67,60,68,61,11],"class_list":["post-211","post","type-post","status-publish","format-standard","has-post-thumbnail","hentry","category-mobiliario","tag-almacenamiento-metalico","tag-anaqueles","tag-archiveros-metalicos","tag-comercio","tag-escuelas","tag-gabinetes-metalicos","tag-industria","tag-lockers-metalicos","tag-mobiliario-industrial","tag-mobiliario-metalico-en-merida","tag-oficinas"],"yoast_head":"<!-- This site is optimized with the Yoast SEO plugin v27.3 - https:\/\/yoast.com\/product\/yoast-seo-wordpress\/ -->\n<title>El mundo de los Muebles Met\u00e1licos: Tendencias para el 2025 - Muebles GORA<\/title>\n<meta name=\"robots\" content=\"index, follow, max-snippet:-1, max-image-preview:large, max-video-preview:-1\" \/>\n<link rel=\"canonical\" href=\"https:\/\/mueblesgora.com.mx\/blog\/2025\/01\/03\/el-mundo-de-los-muebles-metalicos-tendencias-para-el-2025\/\" \/>\n<meta property=\"og:locale\" content=\"es_MX\" \/>\n<meta property=\"og:type\" content=\"article\" \/>\n<meta property=\"og:title\" content=\"El mundo de los Muebles Met\u00e1licos: Tendencias para el 2025 - Muebles GORA\" \/>\n<meta property=\"og:description\" content=\"Cuando se trata de mobiliario funcional, resistente y moderno, los muebles met\u00e1licos se han consolidado como una opci\u00f3n insuperable para oficinas, escuelas, industria y comercio. En Muebles GORA, llevamos d\u00e9cadas perfeccionando la fabricaci\u00f3n de productos met\u00e1licos, destac\u00e1ndonos como l\u00edderes en lockers, estanter\u00eda, anaqueles, gabinetes y archiveros. Desde nuestros inicios, nos especializamos en muebles met\u00e1licos, lo &hellip; Leer m\u00e1s \u00abEl mundo de los Muebles Met\u00e1licos: Tendencias para el 2025\u00bb\" \/>\n<meta property=\"og:url\" content=\"https:\/\/mueblesgora.com.mx\/blog\/2025\/01\/03\/el-mundo-de-los-muebles-metalicos-tendencias-para-el-2025\/\" \/>\n<meta property=\"og:site_name\" content=\"Muebles GORA\" \/>\n<meta property=\"article:published_time\" content=\"2025-01-03T18:42:18+00:00\" \/>\n<meta property=\"article:modified_time\" content=\"2025-01-03T18:45:36+00:00\" \/>\n<meta property=\"og:image\" content=\"https:\/\/mueblesgora.com.mx\/blog\/wp-content\/uploads\/2025\/01\/WhatsApp-Image-2025-01-03-at-12.43.41-PM.jpeg\" \/>\n\t<meta property=\"og:image:width\" content=\"1280\" \/>\n\t<meta property=\"og:image:height\" content=\"720\" \/>\n\t<meta property=\"og:image:type\" content=\"image\/jpeg\" \/>\n<meta name=\"author\" content=\"Mercedes Arz\u00e1palo\" \/>\n<meta name=\"twitter:card\" content=\"summary_large_image\" \/>\n<meta name=\"twitter:label1\" content=\"Escrito por\" \/>\n\t<meta name=\"twitter:data1\" content=\"Mercedes Arz\u00e1palo\" \/>\n\t<meta name=\"twitter:label2\" content=\"Tiempo de lectura\" \/>\n\t<meta name=\"twitter:data2\" content=\"2 minutos\" \/>\n<script type=\"application\/ld+json\" class=\"yoast-schema-graph\">{\"@context\":\"https:\\\/\\\/schema.org\",\"@graph\":[{\"@type\":\"Article\",\"@id\":\"https:\\\/\\\/mueblesgora.com.mx\\\/blog\\\/2025\\\/01\\\/03\\\/el-mundo-de-los-muebles-metalicos-tendencias-para-el-2025\\\/#article\",\"isPartOf\":{\"@id\":\"https:\\\/\\\/mueblesgora.com.mx\\\/blog\\\/2025\\\/01\\\/03\\\/el-mundo-de-los-muebles-metalicos-tendencias-para-el-2025\\\/\"},\"author\":{\"name\":\"Mercedes Arz\u00e1palo\",\"@id\":\"https:\\\/\\\/mueblesgora.com.mx\\\/blog\\\/#\\\/schema\\\/person\\\/7eea029d9ac31830dc6248b74753fd0f\"},\"headline\":\"El mundo de los Muebles Met\u00e1licos: Tendencias para el 2025\",\"datePublished\":\"2025-01-03T18:42:18+00:00\",\"dateModified\":\"2025-01-03T18:45:36+00:00\",\"mainEntityOfPage\":{\"@id\":\"https:\\\/\\\/mueblesgora.com.mx\\\/blog\\\/2025\\\/01\\\/03\\\/el-mundo-de-los-muebles-metalicos-tendencias-para-el-2025\\\/\"},\"wordCount\":517,\"commentCount\":0,\"publisher\":{\"@id\":\"https:\\\/\\\/mueblesgora.com.mx\\\/blog\\\/#organization\"},\"image\":{\"@id\":\"https:\\\/\\\/mueblesgora.com.mx\\\/blog\\\/2025\\\/01\\\/03\\\/el-mundo-de-los-muebles-metalicos-tendencias-para-el-2025\\\/#primaryimage\"},\"thumbnailUrl\":\"https:\\\/\\\/mueblesgora.com.mx\\\/blog\\\/wp-content\\\/uploads\\\/2025\\\/01\\\/WhatsApp-Image-2025-01-03-at-12.43.41-PM.jpeg\",\"keywords\":[\"Almacenamiento Met\u00e1lico\",\"Anaqueles\",\"Archiveros Met\u00e1licos\",\"Comercio\",\"Escuelas\",\"Gabinetes Met\u00e1licos\",\"Industria\",\"Lockers Met\u00e1licos\",\"Mobiliario Industrial\",\"Mobiliario Met\u00e1lico en M\u00e9rida\",\"oficinas\"],\"articleSection\":[\"Mobiliario\"],\"inLanguage\":\"es\",\"potentialAction\":[{\"@type\":\"CommentAction\",\"name\":\"Comment\",\"target\":[\"https:\\\/\\\/mueblesgora.com.mx\\\/blog\\\/2025\\\/01\\\/03\\\/el-mundo-de-los-muebles-metalicos-tendencias-para-el-2025\\\/#respond\"]}]},{\"@type\":\"WebPage\",\"@id\":\"https:\\\/\\\/mueblesgora.com.mx\\\/blog\\\/2025\\\/01\\\/03\\\/el-mundo-de-los-muebles-metalicos-tendencias-para-el-2025\\\/\",\"url\":\"https:\\\/\\\/mueblesgora.com.mx\\\/blog\\\/2025\\\/01\\\/03\\\/el-mundo-de-los-muebles-metalicos-tendencias-para-el-2025\\\/\",\"name\":\"El mundo de los Muebles Met\u00e1licos: Tendencias para el 2025 - Muebles GORA\",\"isPartOf\":{\"@id\":\"https:\\\/\\\/mueblesgora.com.mx\\\/blog\\\/#website\"},\"primaryImageOfPage\":{\"@id\":\"https:\\\/\\\/mueblesgora.com.mx\\\/blog\\\/2025\\\/01\\\/03\\\/el-mundo-de-los-muebles-metalicos-tendencias-para-el-2025\\\/#primaryimage\"},\"image\":{\"@id\":\"https:\\\/\\\/mueblesgora.com.mx\\\/blog\\\/2025\\\/01\\\/03\\\/el-mundo-de-los-muebles-metalicos-tendencias-para-el-2025\\\/#primaryimage\"},\"thumbnailUrl\":\"https:\\\/\\\/mueblesgora.com.mx\\\/blog\\\/wp-content\\\/uploads\\\/2025\\\/01\\\/WhatsApp-Image-2025-01-03-at-12.43.41-PM.jpeg\",\"datePublished\":\"2025-01-03T18:42:18+00:00\",\"dateModified\":\"2025-01-03T18:45:36+00:00\",\"breadcrumb\":{\"@id\":\"https:\\\/\\\/mueblesgora.com.mx\\\/blog\\\/2025\\\/01\\\/03\\\/el-mundo-de-los-muebles-metalicos-tendencias-para-el-2025\\\/#breadcrumb\"},\"inLanguage\":\"es\",\"potentialAction\":[{\"@type\":\"ReadAction\",\"target\":[\"https:\\\/\\\/mueblesgora.com.mx\\\/blog\\\/2025\\\/01\\\/03\\\/el-mundo-de-los-muebles-metalicos-tendencias-para-el-2025\\\/\"]}]},{\"@type\":\"ImageObject\",\"inLanguage\":\"es\",\"@id\":\"https:\\\/\\\/mueblesgora.com.mx\\\/blog\\\/2025\\\/01\\\/03\\\/el-mundo-de-los-muebles-metalicos-tendencias-para-el-2025\\\/#primaryimage\",\"url\":\"https:\\\/\\\/mueblesgora.com.mx\\\/blog\\\/wp-content\\\/uploads\\\/2025\\\/01\\\/WhatsApp-Image-2025-01-03-at-12.43.41-PM.jpeg\",\"contentUrl\":\"https:\\\/\\\/mueblesgora.com.mx\\\/blog\\\/wp-content\\\/uploads\\\/2025\\\/01\\\/WhatsApp-Image-2025-01-03-at-12.43.41-PM.jpeg\",\"width\":1280,\"height\":720},{\"@type\":\"BreadcrumbList\",\"@id\":\"https:\\\/\\\/mueblesgora.com.mx\\\/blog\\\/2025\\\/01\\\/03\\\/el-mundo-de-los-muebles-metalicos-tendencias-para-el-2025\\\/#breadcrumb\",\"itemListElement\":[{\"@type\":\"ListItem\",\"position\":1,\"name\":\"Inicio\",\"item\":\"https:\\\/\\\/mueblesgora.com.mx\\\/blog\\\/\"},{\"@type\":\"ListItem\",\"position\":2,\"name\":\"El mundo de los Muebles Met\u00e1licos: Tendencias para el 2025\"}]},{\"@type\":\"WebSite\",\"@id\":\"https:\\\/\\\/mueblesgora.com.mx\\\/blog\\\/#website\",\"url\":\"https:\\\/\\\/mueblesgora.com.mx\\\/blog\\\/\",\"name\":\"Muebles GORA\",\"description\":\"Fabricamos tus ideas.\",\"publisher\":{\"@id\":\"https:\\\/\\\/mueblesgora.com.mx\\\/blog\\\/#organization\"},\"potentialAction\":[{\"@type\":\"SearchAction\",\"target\":{\"@type\":\"EntryPoint\",\"urlTemplate\":\"https:\\\/\\\/mueblesgora.com.mx\\\/blog\\\/?s={search_term_string}\"},\"query-input\":{\"@type\":\"PropertyValueSpecification\",\"valueRequired\":true,\"valueName\":\"search_term_string\"}}],\"inLanguage\":\"es\"},{\"@type\":\"Organization\",\"@id\":\"https:\\\/\\\/mueblesgora.com.mx\\\/blog\\\/#organization\",\"name\":\"Muebles GORA\",\"url\":\"https:\\\/\\\/mueblesgora.com.mx\\\/blog\\\/\",\"logo\":{\"@type\":\"ImageObject\",\"inLanguage\":\"es\",\"@id\":\"https:\\\/\\\/mueblesgora.com.mx\\\/blog\\\/#\\\/schema\\\/logo\\\/image\\\/\",\"url\":\"https:\\\/\\\/mueblesgora.com.mx\\\/blog\\\/wp-content\\\/uploads\\\/2025\\\/09\\\/GoraW_64.png\",\"contentUrl\":\"https:\\\/\\\/mueblesgora.com.mx\\\/blog\\\/wp-content\\\/uploads\\\/2025\\\/09\\\/GoraW_64.png\",\"width\":373,\"height\":64,\"caption\":\"Muebles GORA\"},\"image\":{\"@id\":\"https:\\\/\\\/mueblesgora.com.mx\\\/blog\\\/#\\\/schema\\\/logo\\\/image\\\/\"}},{\"@type\":\"Person\",\"@id\":\"https:\\\/\\\/mueblesgora.com.mx\\\/blog\\\/#\\\/schema\\\/person\\\/7eea029d9ac31830dc6248b74753fd0f\",\"name\":\"Mercedes Arz\u00e1palo\",\"image\":{\"@type\":\"ImageObject\",\"inLanguage\":\"es\",\"@id\":\"https:\\\/\\\/secure.gravatar.com\\\/avatar\\\/047acb7b7ffa9f7fda3c2b4fbe6255979271635dddb970075b4fe34906c550ae?s=96&d=mm&r=g\",\"url\":\"https:\\\/\\\/secure.gravatar.com\\\/avatar\\\/047acb7b7ffa9f7fda3c2b4fbe6255979271635dddb970075b4fe34906c550ae?s=96&d=mm&r=g\",\"contentUrl\":\"https:\\\/\\\/secure.gravatar.com\\\/avatar\\\/047acb7b7ffa9f7fda3c2b4fbe6255979271635dddb970075b4fe34906c550ae?s=96&d=mm&r=g\",\"caption\":\"Mercedes Arz\u00e1palo\"},\"url\":\"https:\\\/\\\/mueblesgora.com.mx\\\/blog\\\/author\\\/merarzapalo\\\/\"}]}<\/script>\n<!-- \/ Yoast SEO plugin. -->","yoast_head_json":{"title":"El mundo de los Muebles Met\u00e1licos: Tendencias para el 2025 - Muebles GORA","robots":{"index":"index","follow":"follow","max-snippet":"max-snippet:-1","max-image-preview":"max-image-preview:large","max-video-preview":"max-video-preview:-1"},"canonical":"https:\/\/mueblesgora.com.mx\/blog\/2025\/01\/03\/el-mundo-de-los-muebles-metalicos-tendencias-para-el-2025\/","og_locale":"es_MX","og_type":"article","og_title":"El mundo de los Muebles Met\u00e1licos: Tendencias para el 2025 - Muebles GORA","og_description":"Cuando se trata de mobiliario funcional, resistente y moderno, los muebles met\u00e1licos se han consolidado como una opci\u00f3n insuperable para oficinas, escuelas, industria y comercio. En Muebles GORA, llevamos d\u00e9cadas perfeccionando la fabricaci\u00f3n de productos met\u00e1licos, destac\u00e1ndonos como l\u00edderes en lockers, estanter\u00eda, anaqueles, gabinetes y archiveros. Desde nuestros inicios, nos especializamos en muebles met\u00e1licos, lo &hellip; Leer m\u00e1s \u00abEl mundo de los Muebles Met\u00e1licos: Tendencias para el 2025\u00bb","og_url":"https:\/\/mueblesgora.com.mx\/blog\/2025\/01\/03\/el-mundo-de-los-muebles-metalicos-tendencias-para-el-2025\/","og_site_name":"Muebles GORA","article_published_time":"2025-01-03T18:42:18+00:00","article_modified_time":"2025-01-03T18:45:36+00:00","og_image":[{"width":1280,"height":720,"url":"https:\/\/mueblesgora.com.mx\/blog\/wp-content\/uploads\/2025\/01\/WhatsApp-Image-2025-01-03-at-12.43.41-PM.jpeg","type":"image\/jpeg"}],"author":"Mercedes Arz\u00e1palo","twitter_card":"summary_large_image","twitter_misc":{"Escrito por":"Mercedes Arz\u00e1palo","Tiempo de lectura":"2 minutos"},"schema":{"@context":"https:\/\/schema.org","@graph":[{"@type":"Article","@id":"https:\/\/mueblesgora.com.mx\/blog\/2025\/01\/03\/el-mundo-de-los-muebles-metalicos-tendencias-para-el-2025\/#article","isPartOf":{"@id":"https:\/\/mueblesgora.com.mx\/blog\/2025\/01\/03\/el-mundo-de-los-muebles-metalicos-tendencias-para-el-2025\/"},"author":{"name":"Mercedes Arz\u00e1palo","@id":"https:\/\/mueblesgora.com.mx\/blog\/#\/schema\/person\/7eea029d9ac31830dc6248b74753fd0f"},"headline":"El mundo de los Muebles Met\u00e1licos: Tendencias para el 2025","datePublished":"2025-01-03T18:42:18+00:00","dateModified":"2025-01-03T18:45:36+00:00","mainEntityOfPage":{"@id":"https:\/\/mueblesgora.com.mx\/blog\/2025\/01\/03\/el-mundo-de-los-muebles-metalicos-tendencias-para-el-2025\/"},"wordCount":517,"commentCount":0,"publisher":{"@id":"https:\/\/mueblesgora.com.mx\/blog\/#organization"},"image":{"@id":"https:\/\/mueblesgora.com.mx\/blog\/2025\/01\/03\/el-mundo-de-los-muebles-metalicos-tendencias-para-el-2025\/#primaryimage"},"thumbnailUrl":"https:\/\/mueblesgora.com.mx\/blog\/wp-content\/uploads\/2025\/01\/WhatsApp-Image-2025-01-03-at-12.43.41-PM.jpeg","keywords":["Almacenamiento Met\u00e1lico","Anaqueles","Archiveros Met\u00e1licos","Comercio","Escuelas","Gabinetes Met\u00e1licos","Industria","Lockers Met\u00e1licos","Mobiliario Industrial","Mobiliario Met\u00e1lico en M\u00e9rida","oficinas"],"articleSection":["Mobiliario"],"inLanguage":"es","potentialAction":[{"@type":"CommentAction","name":"Comment","target":["https:\/\/mueblesgora.com.mx\/blog\/2025\/01\/03\/el-mundo-de-los-muebles-metalicos-tendencias-para-el-2025\/#respond"]}]},{"@type":"WebPage","@id":"https:\/\/mueblesgora.com.mx\/blog\/2025\/01\/03\/el-mundo-de-los-muebles-metalicos-tendencias-para-el-2025\/","url":"https:\/\/mueblesgora.com.mx\/blog\/2025\/01\/03\/el-mundo-de-los-muebles-metalicos-tendencias-para-el-2025\/","name":"El mundo de los Muebles Met\u00e1licos: Tendencias para el 2025 - Muebles GORA","isPartOf":{"@id":"https:\/\/mueblesgora.com.mx\/blog\/#website"},"primaryImageOfPage":{"@id":"https:\/\/mueblesgora.com.mx\/blog\/2025\/01\/03\/el-mundo-de-los-muebles-metalicos-tendencias-para-el-2025\/#primaryimage"},"image":{"@id":"https:\/\/mueblesgora.com.mx\/blog\/2025\/01\/03\/el-mundo-de-los-muebles-metalicos-tendencias-para-el-2025\/#primaryimage"},"thumbnailUrl":"https:\/\/mueblesgora.com.mx\/blog\/wp-content\/uploads\/2025\/01\/WhatsApp-Image-2025-01-03-at-12.43.41-PM.jpeg","datePublished":"2025-01-03T18:42:18+00:00","dateModified":"2025-01-03T18:45:36+00:00","breadcrumb":{"@id":"https:\/\/mueblesgora.com.mx\/blog\/2025\/01\/03\/el-mundo-de-los-muebles-metalicos-tendencias-para-el-2025\/#breadcrumb"},"inLanguage":"es","potentialAction":[{"@type":"ReadAction","target":["https:\/\/mueblesgora.com.mx\/blog\/2025\/01\/03\/el-mundo-de-los-muebles-metalicos-tendencias-para-el-2025\/"]}]},{"@type":"ImageObject","inLanguage":"es","@id":"https:\/\/mueblesgora.com.mx\/blog\/2025\/01\/03\/el-mundo-de-los-muebles-metalicos-tendencias-para-el-2025\/#primaryimage","url":"https:\/\/mueblesgora.com.mx\/blog\/wp-content\/uploads\/2025\/01\/WhatsApp-Image-2025-01-03-at-12.43.41-PM.jpeg","contentUrl":"https:\/\/mueblesgora.com.mx\/blog\/wp-content\/uploads\/2025\/01\/WhatsApp-Image-2025-01-03-at-12.43.41-PM.jpeg","width":1280,"height":720},{"@type":"BreadcrumbList","@id":"https:\/\/mueblesgora.com.mx\/blog\/2025\/01\/03\/el-mundo-de-los-muebles-metalicos-tendencias-para-el-2025\/#breadcrumb","itemListElement":[{"@type":"ListItem","position":1,"name":"Inicio","item":"https:\/\/mueblesgora.com.mx\/blog\/"},{"@type":"ListItem","position":2,"name":"El mundo de los Muebles Met\u00e1licos: Tendencias para el 2025"}]},{"@type":"WebSite","@id":"https:\/\/mueblesgora.com.mx\/blog\/#website","url":"https:\/\/mueblesgora.com.mx\/blog\/","name":"Muebles GORA","description":"Fabricamos tus ideas.","publisher":{"@id":"https:\/\/mueblesgora.com.mx\/blog\/#organization"},"potentialAction":[{"@type":"SearchAction","target":{"@type":"EntryPoint","urlTemplate":"https:\/\/mueblesgora.com.mx\/blog\/?s={search_term_string}"},"query-input":{"@type":"PropertyValueSpecification","valueRequired":true,"valueName":"search_term_string"}}],"inLanguage":"es"},{"@type":"Organization","@id":"https:\/\/mueblesgora.com.mx\/blog\/#organization","name":"Muebles GORA","url":"https:\/\/mueblesgora.com.mx\/blog\/","logo":{"@type":"ImageObject","inLanguage":"es","@id":"https:\/\/mueblesgora.com.mx\/blog\/#\/schema\/logo\/image\/","url":"https:\/\/mueblesgora.com.mx\/blog\/wp-content\/uploads\/2025\/09\/GoraW_64.png","contentUrl":"https:\/\/mueblesgora.com.mx\/blog\/wp-content\/uploads\/2025\/09\/GoraW_64.png","width":373,"height":64,"caption":"Muebles GORA"},"image":{"@id":"https:\/\/mueblesgora.com.mx\/blog\/#\/schema\/logo\/image\/"}},{"@type":"Person","@id":"https:\/\/mueblesgora.com.mx\/blog\/#\/schema\/person\/7eea029d9ac31830dc6248b74753fd0f","name":"Mercedes Arz\u00e1palo","image":{"@type":"ImageObject","inLanguage":"es","@id":"https:\/\/secure.gravatar.com\/avatar\/047acb7b7ffa9f7fda3c2b4fbe6255979271635dddb970075b4fe34906c550ae?s=96&d=mm&r=g","url":"https:\/\/secure.gravatar.com\/avatar\/047acb7b7ffa9f7fda3c2b4fbe6255979271635dddb970075b4fe34906c550ae?s=96&d=mm&r=g","contentUrl":"https:\/\/secure.gravatar.com\/avatar\/047acb7b7ffa9f7fda3c2b4fbe6255979271635dddb970075b4fe34906c550ae?s=96&d=mm&r=g","caption":"Mercedes Arz\u00e1palo"},"url":"https:\/\/mueblesgora.com.mx\/blog\/author\/merarzapalo\/"}]}},"featured_media_urls":{"thumbnail":["https:\/\/mueblesgora.com.mx\/blog\/wp-content\/uploads\/2025\/01\/WhatsApp-Image-2025-01-03-at-12.43.41-PM-150x150.jpeg",150,150,true],"medium":["https:\/\/mueblesgora.com.mx\/blog\/wp-content\/uploads\/2025\/01\/WhatsApp-Image-2025-01-03-at-12.43.41-PM-300x169.jpeg",300,169,true],"medium_large":["https:\/\/mueblesgora.com.mx\/blog\/wp-content\/uploads\/2025\/01\/WhatsApp-Image-2025-01-03-at-12.43.41-PM-768x432.jpeg",768,432,true],"large":["https:\/\/mueblesgora.com.mx\/blog\/wp-content\/uploads\/2025\/01\/WhatsApp-Image-2025-01-03-at-12.43.41-PM-1024x576.jpeg",950,534,true],"1536x1536":["https:\/\/mueblesgora.com.mx\/blog\/wp-content\/uploads\/2025\/01\/WhatsApp-Image-2025-01-03-at-12.43.41-PM.jpeg",1280,720,false],"2048x2048":["https:\/\/mueblesgora.com.mx\/blog\/wp-content\/uploads\/2025\/01\/WhatsApp-Image-2025-01-03-at-12.43.41-PM.jpeg",1280,720,false],"inspiro-featured-image":["https:\/\/mueblesgora.com.mx\/blog\/wp-content\/uploads\/2025\/01\/WhatsApp-Image-2025-01-03-at-12.43.41-PM.jpeg",1280,720,false],"inspiro-loop":["https:\/\/mueblesgora.com.mx\/blog\/wp-content\/uploads\/2025\/01\/WhatsApp-Image-2025-01-03-at-12.43.41-PM-950x320.jpeg",950,320,true],"inspiro-loop@2x":["https:\/\/mueblesgora.com.mx\/blog\/wp-content\/uploads\/2025\/01\/WhatsApp-Image-2025-01-03-at-12.43.41-PM-1280x640.jpeg",1280,640,true],"portfolio_item-thumbnail":["https:\/\/mueblesgora.com.mx\/blog\/wp-content\/uploads\/2025\/01\/WhatsApp-Image-2025-01-03-at-12.43.41-PM-600x400.jpeg",600,400,true],"portfolio_item-thumbnail@2x":["https:\/\/mueblesgora.com.mx\/blog\/wp-content\/uploads\/2025\/01\/WhatsApp-Image-2025-01-03-at-12.43.41-PM-1200x720.jpeg",1200,720,true],"portfolio_item-masonry":["https:\/\/mueblesgora.com.mx\/blog\/wp-content\/uploads\/2025\/01\/WhatsApp-Image-2025-01-03-at-12.43.41-PM-600x338.jpeg",600,338,true],"portfolio_item-masonry@2x":["https:\/\/mueblesgora.com.mx\/blog\/wp-content\/uploads\/2025\/01\/WhatsApp-Image-2025-01-03-at-12.43.41-PM-1200x675.jpeg",1200,675,true],"portfolio_item-thumbnail_cinema":["https:\/\/mueblesgora.com.mx\/blog\/wp-content\/uploads\/2025\/01\/WhatsApp-Image-2025-01-03-at-12.43.41-PM-800x335.jpeg",800,335,true],"portfolio_item-thumbnail_portrait":["https:\/\/mueblesgora.com.mx\/blog\/wp-content\/uploads\/2025\/01\/WhatsApp-Image-2025-01-03-at-12.43.41-PM-600x720.jpeg",600,720,true],"portfolio_item-thumbnail_portrait@2x":["https:\/\/mueblesgora.com.mx\/blog\/wp-content\/uploads\/2025\/01\/WhatsApp-Image-2025-01-03-at-12.43.41-PM-1200x720.jpeg",1200,720,true],"portfolio_item-thumbnail_square":["https:\/\/mueblesgora.com.mx\/blog\/wp-content\/uploads\/2025\/01\/WhatsApp-Image-2025-01-03-at-12.43.41-PM-800x720.jpeg",800,720,true]},"_links":{"self":[{"href":"https:\/\/mueblesgora.com.mx\/blog\/wp-json\/wp\/v2\/posts\/211","targetHints":{"allow":["GET"]}}],"collection":[{"href":"https:\/\/mueblesgora.com.mx\/blog\/wp-json\/wp\/v2\/posts"}],"about":[{"href":"https:\/\/mueblesgora.com.mx\/blog\/wp-json\/wp\/v2\/types\/post"}],"author":[{"embeddable":true,"href":"https:\/\/mueblesgora.com.mx\/blog\/wp-json\/wp\/v2\/users\/2"}],"replies":[{"embeddable":true,"href":"https:\/\/mueblesgora.com.mx\/blog\/wp-json\/wp\/v2\/comments?post=211"}],"version-history":[{"count":5,"href":"https:\/\/mueblesgora.com.mx\/blog\/wp-json\/wp\/v2\/posts\/211\/revisions"}],"predecessor-version":[{"id":221,"href":"https:\/\/mueblesgora.com.mx\/blog\/wp-json\/wp\/v2\/posts\/211\/revisions\/221"}],"wp:featuredmedia":[{"embeddable":true,"href":"https:\/\/mueblesgora.com.mx\/blog\/wp-json\/wp\/v2\/media\/222"}],"wp:attachment":[{"href":"https:\/\/mueblesgora.com.mx\/blog\/wp-json\/wp\/v2\/media?parent=211"}],"wp:term":[{"taxonomy":"category","embeddable":true,"href":"https:\/\/mueblesgora.com.mx\/blog\/wp-json\/wp\/v2\/categories?post=211"},{"taxonomy":"post_tag","embeddable":true,"href":"https:\/\/mueblesgora.com.mx\/blog\/wp-json\/wp\/v2\/tags?post=211"}],"curies":[{"name":"wp","href":"https:\/\/api.w.org\/{rel}","templated":true}]}}