{"id":288,"date":"2025-02-20T15:11:25","date_gmt":"2025-02-20T21:11:25","guid":{"rendered":"https:\/\/mueblesgora.com.mx\/blog\/?p=288"},"modified":"2025-02-20T15:24:42","modified_gmt":"2025-02-20T21:24:42","slug":"transforma-tu-espacio-con-el-mobiliario-hibrido-y-versatil-para-comedor-y-terraza","status":"publish","type":"post","link":"https:\/\/mueblesgora.com.mx\/blog\/2025\/02\/20\/transforma-tu-espacio-con-el-mobiliario-hibrido-y-versatil-para-comedor-y-terraza\/","title":{"rendered":"Transforma tu Espacio con el Mobiliario H\u00edbrido y Vers\u00e1til para Comedor y Terraza"},"content":{"rendered":"\n<p class=\"has-medium-font-size wp-block-paragraph\">El dise\u00f1o de interiores y exteriores juega un papel fundamental en la funcionalidad y est\u00e9tica de cualquier espacio. El mobiliario h\u00edbrido es la soluci\u00f3n perfecta, ya que se adapta a diversos entornos como comedores de <a href=\"https:\/\/mueblesgora.com.mx\/mobiliario.php?MOBILIARIO=Oficinas\">oficina<\/a>, terrazas, <a href=\"https:\/\/drive.google.com\/file\/d\/1vWVKoqYhwItFVtmgj1c_rVGQIOWnryX_\/view\">restaurantes<\/a> y <a href=\"https:\/\/drive.google.com\/file\/d\/1dPeQC7Xax-8ZJTHB5rwn8azfLOTtZOcX\/view\">coworkings<\/a>, sin comprometer el estilo ni la resistencia.<\/p>\n\n\n\n<p class=\"has-medium-font-size wp-block-paragraph\">Estos muebles est\u00e1n dise\u00f1ados con materiales de alta calidad, como el polipropileno de alta resistencia, que garantiza durabilidad y f\u00e1cil mantenimiento. Adem\u00e1s, cuentan con propiedades de protecci\u00f3n contra rayos UV, lo que los hace ideales para exteriores y ambientes expuestos al sol, incluso en entornos salinos como la playa.<\/p>\n\n\n\n<figure class=\"wp-block-gallery has-nested-images columns-default is-cropped wp-block-gallery-1 is-layout-flex wp-block-gallery-is-layout-flex\">\n<figure class=\"wp-block-image size-large\"><img fetchpriority=\"high\" decoding=\"async\" width=\"1024\" height=\"538\" data-id=\"297\" src=\"https:\/\/mueblesgora.com.mx\/blog\/wp-content\/uploads\/2025\/02\/Hibrido-4-1024x538.png\" alt=\"\" class=\"wp-image-297\" srcset=\"https:\/\/mueblesgora.com.mx\/blog\/wp-content\/uploads\/2025\/02\/Hibrido-4-1024x538.png 1024w, https:\/\/mueblesgora.com.mx\/blog\/wp-content\/uploads\/2025\/02\/Hibrido-4-300x158.png 300w, https:\/\/mueblesgora.com.mx\/blog\/wp-content\/uploads\/2025\/02\/Hibrido-4-768x403.png 768w, https:\/\/mueblesgora.com.mx\/blog\/wp-content\/uploads\/2025\/02\/Hibrido-4.png 1200w\" sizes=\"(max-width: 1024px) 100vw, 1024px\" \/><\/figure>\n<\/figure>\n\n\n\n<h3 class=\"wp-block-heading\"><strong>Comedores que Invitan a Compartir<\/strong><\/h3>\n\n\n\n<p class=\"has-medium-font-size wp-block-paragraph\">El <a href=\"https:\/\/mueblesgora.com.mx\/mobiliario.php?MOBILIARIO=Restaurante\">comedor<\/a> es el coraz\u00f3n del hogar o la oficina. Es el lugar donde compartimos momentos especiales, desde reuniones familiares hasta almuerzos con colegas. Para lograr un ambiente c\u00e1lido y funcional, es clave elegir mesas y <a href=\"https:\/\/drive.google.com\/file\/d\/1iwI3SK-aynxJ0cve9pU5tABvDmvKOxW6\/view\">sillas<\/a> que combinen estilo, comodidad y resistencia. Existen diversas opciones en el mercado, con una variedad de materiales, adaptados a cualquier necesidad. Adem\u00e1s, el mobiliario h\u00edbrido es ideal tanto para comedores de oficina como para restaurantes e incluso para el hogar, ofreciendo versatilidad.<\/p>\n\n\n\n<figure class=\"wp-block-gallery has-nested-images columns-default is-cropped wp-block-gallery-2 is-layout-flex wp-block-gallery-is-layout-flex\">\n<figure class=\"wp-block-image size-large\"><img decoding=\"async\" width=\"1024\" height=\"538\" data-id=\"298\" src=\"https:\/\/mueblesgora.com.mx\/blog\/wp-content\/uploads\/2025\/02\/Hibrido-6-1024x538.png\" alt=\"\" class=\"wp-image-298\" srcset=\"https:\/\/mueblesgora.com.mx\/blog\/wp-content\/uploads\/2025\/02\/Hibrido-6-1024x538.png 1024w, https:\/\/mueblesgora.com.mx\/blog\/wp-content\/uploads\/2025\/02\/Hibrido-6-300x158.png 300w, https:\/\/mueblesgora.com.mx\/blog\/wp-content\/uploads\/2025\/02\/Hibrido-6-768x403.png 768w, https:\/\/mueblesgora.com.mx\/blog\/wp-content\/uploads\/2025\/02\/Hibrido-6.png 1200w\" sizes=\"(max-width: 1024px) 100vw, 1024px\" \/><\/figure>\n<\/figure>\n\n\n\n<h3 class=\"wp-block-heading\"><strong>Terrazas con Estilo y Confort<\/strong><\/h3>\n\n\n\n<p class=\"has-medium-font-size wp-block-paragraph\">Las terrazas son espacios vers\u00e1tiles que pueden convertirse en un refugio personal o en una zona de convivencia. Con la selecci\u00f3n adecuada de <a href=\"https:\/\/drive.google.com\/file\/d\/1dPeQC7Xax-8ZJTHB5rwn8azfLOTtZOcX\/view\">muebles<\/a>, es posible crear ambientes acogedores y sofisticados. Existen opciones dise\u00f1adas para resistir el clima, con materiales como polipropileno que simula rattan o fibras naturales, ideales para exteriores sin sacrificar el dise\u00f1o. Adem\u00e1s, el <a href=\"https:\/\/drive.google.com\/file\/d\/1vWVKoqYhwItFVtmgj1c_rVGQIOWnryX_\/view\">mobiliario h\u00edbrido<\/a> est\u00e1 pensado para adaptarse a diversos espacios como oficinas con \u00e1reas de descanso al aire libre o terrazas de restaurantes, ofreciendo soluciones est\u00e9ticas y funcionales.<\/p>\n\n\n\n<h3 class=\"wp-block-heading\"><strong>Consejos para un Interiorismo Armonioso<\/strong><\/h3>\n\n\n\n<p class=\"has-medium-font-size wp-block-paragraph\">Para lograr una integraci\u00f3n perfecta entre el comedor y la terraza, considera estos consejos:<\/p>\n\n\n\n<ul class=\"wp-block-list\">\n<li class=\"has-medium-font-size\"><strong>Coherencia en el dise\u00f1o:<\/strong> Usa una paleta de colores y materiales que unifiquen ambos espacios.<\/li>\n\n\n\n<li class=\"has-medium-font-size\"><strong>Mobiliario multifuncional:<\/strong> Opta por piezas vers\u00e1tiles que puedan usarse tanto en interiores como en exteriores, as\u00ed como en oficinas, restaurantes o coworkings.<\/li>\n\n\n\n<li class=\"has-medium-font-size\"><strong>Iluminaci\u00f3n adecuada:<\/strong> Una buena iluminaci\u00f3n puede transformar por completo cualquier \u00e1rea, desde luces c\u00e1lidas en el comedor hasta iluminaci\u00f3n ambiental en la terraza.<\/li>\n<\/ul>\n\n\n\n<figure class=\"wp-block-image size-large\"><img decoding=\"async\" width=\"1024\" height=\"538\" src=\"https:\/\/mueblesgora.com.mx\/blog\/wp-content\/uploads\/2025\/02\/Hibrido-9-1024x538.png\" alt=\"\" class=\"wp-image-299\" srcset=\"https:\/\/mueblesgora.com.mx\/blog\/wp-content\/uploads\/2025\/02\/Hibrido-9-1024x538.png 1024w, https:\/\/mueblesgora.com.mx\/blog\/wp-content\/uploads\/2025\/02\/Hibrido-9-300x158.png 300w, https:\/\/mueblesgora.com.mx\/blog\/wp-content\/uploads\/2025\/02\/Hibrido-9-768x403.png 768w, https:\/\/mueblesgora.com.mx\/blog\/wp-content\/uploads\/2025\/02\/Hibrido-9.png 1200w\" sizes=\"(max-width: 1024px) 100vw, 1024px\" \/><\/figure>\n\n\n\n<p class=\"has-medium-font-size wp-block-paragraph\">En <a href=\"https:\/\/mueblesgora.com.mx\/index.php\">Muebles GORA<\/a>, ofrecemos soluciones de mobiliario que se adaptan a cualquier espacio y estilo. <a href=\"https:\/\/maps.app.goo.gl\/u1ESMXE3xVcMXSmH9\">Vis\u00edtanos<\/a> y encuentra la opci\u00f3n perfecta para hacer de tu comedor y terraza lugares \u00fanicos y funcionales, con la flexibilidad de adaptarse a diferentes entornos laborales y comerciales.<\/p>\n\n\n\n<p class=\"has-medium-font-size wp-block-paragraph\"><\/p>\n","protected":false},"excerpt":{"rendered":"<p>El dise\u00f1o de interiores y exteriores juega un papel fundamental en la funcionalidad y est\u00e9tica de cualquier espacio. El mobiliario h\u00edbrido es la soluci\u00f3n perfecta, ya que se adapta a diversos entornos como comedores de oficina, terrazas, restaurantes y coworkings, sin comprometer el estilo ni la resistencia. Estos muebles est\u00e1n dise\u00f1ados con materiales de alta &hellip; <\/p>\n<p class=\"link-more\"><a href=\"https:\/\/mueblesgora.com.mx\/blog\/2025\/02\/20\/transforma-tu-espacio-con-el-mobiliario-hibrido-y-versatil-para-comedor-y-terraza\/\" class=\"more-link\">Leer m\u00e1s<span class=\"screen-reader-text\"> \u00abTransforma tu Espacio con el Mobiliario H\u00edbrido y Vers\u00e1til para Comedor y Terraza\u00bb<\/span><\/a><\/p>\n","protected":false},"author":2,"featured_media":296,"comment_status":"open","ping_status":"closed","sticky":false,"template":"","format":"standard","meta":{"footnotes":""},"categories":[56,4,74],"tags":[90,36,10,94,89,95,92,32,93,91],"class_list":["post-288","post","type-post","status-publish","format-standard","has-post-thumbnail","hentry","category-mobiliario","category-oficinas","category-restaurantes","tag-comedor","tag-coworking-merida","tag-diseno-de-oficinas","tag-mesa-polipropileno","tag-mobiliario-hibrido","tag-muebles-exteriores","tag-muebles-polipropileno","tag-oficinas-merida","tag-silla-polipropileno","tag-terraza"],"yoast_head":"<!-- This site is optimized with the Yoast SEO plugin v27.3 - https:\/\/yoast.com\/product\/yoast-seo-wordpress\/ -->\n<title>Transforma tu Espacio con el Mobiliario H\u00edbrido y Vers\u00e1til para Comedor y Terraza - Muebles GORA<\/title>\n<meta name=\"robots\" content=\"index, follow, max-snippet:-1, max-image-preview:large, max-video-preview:-1\" \/>\n<link rel=\"canonical\" href=\"https:\/\/mueblesgora.com.mx\/blog\/2025\/02\/20\/transforma-tu-espacio-con-el-mobiliario-hibrido-y-versatil-para-comedor-y-terraza\/\" \/>\n<meta property=\"og:locale\" content=\"es_MX\" \/>\n<meta property=\"og:type\" content=\"article\" \/>\n<meta property=\"og:title\" content=\"Transforma tu Espacio con el Mobiliario H\u00edbrido y Vers\u00e1til para Comedor y Terraza - Muebles GORA\" \/>\n<meta property=\"og:description\" content=\"El dise\u00f1o de interiores y exteriores juega un papel fundamental en la funcionalidad y est\u00e9tica de cualquier espacio. El mobiliario h\u00edbrido es la soluci\u00f3n perfecta, ya que se adapta a diversos entornos como comedores de oficina, terrazas, restaurantes y coworkings, sin comprometer el estilo ni la resistencia. Estos muebles est\u00e1n dise\u00f1ados con materiales de alta &hellip; Leer m\u00e1s \u00abTransforma tu Espacio con el Mobiliario H\u00edbrido y Vers\u00e1til para Comedor y Terraza\u00bb\" \/>\n<meta property=\"og:url\" content=\"https:\/\/mueblesgora.com.mx\/blog\/2025\/02\/20\/transforma-tu-espacio-con-el-mobiliario-hibrido-y-versatil-para-comedor-y-terraza\/\" \/>\n<meta property=\"og:site_name\" content=\"Muebles GORA\" \/>\n<meta property=\"article:published_time\" content=\"2025-02-20T21:11:25+00:00\" \/>\n<meta property=\"article:modified_time\" content=\"2025-02-20T21:24:42+00:00\" \/>\n<meta property=\"og:image\" content=\"https:\/\/mueblesgora.com.mx\/blog\/wp-content\/uploads\/2025\/02\/Portada-blog-2.png\" \/>\n\t<meta property=\"og:image:width\" content=\"1200\" \/>\n\t<meta property=\"og:image:height\" content=\"900\" \/>\n\t<meta property=\"og:image:type\" content=\"image\/png\" \/>\n<meta name=\"author\" content=\"Mercedes Arz\u00e1palo\" \/>\n<meta name=\"twitter:card\" content=\"summary_large_image\" \/>\n<meta name=\"twitter:label1\" content=\"Escrito por\" \/>\n\t<meta name=\"twitter:data1\" content=\"Mercedes Arz\u00e1palo\" \/>\n\t<meta name=\"twitter:label2\" content=\"Tiempo de lectura\" \/>\n\t<meta name=\"twitter:data2\" content=\"2 minutos\" \/>\n<script type=\"application\/ld+json\" class=\"yoast-schema-graph\">{\"@context\":\"https:\\\/\\\/schema.org\",\"@graph\":[{\"@type\":\"Article\",\"@id\":\"https:\\\/\\\/mueblesgora.com.mx\\\/blog\\\/2025\\\/02\\\/20\\\/transforma-tu-espacio-con-el-mobiliario-hibrido-y-versatil-para-comedor-y-terraza\\\/#article\",\"isPartOf\":{\"@id\":\"https:\\\/\\\/mueblesgora.com.mx\\\/blog\\\/2025\\\/02\\\/20\\\/transforma-tu-espacio-con-el-mobiliario-hibrido-y-versatil-para-comedor-y-terraza\\\/\"},\"author\":{\"name\":\"Mercedes Arz\u00e1palo\",\"@id\":\"https:\\\/\\\/mueblesgora.com.mx\\\/blog\\\/#\\\/schema\\\/person\\\/7eea029d9ac31830dc6248b74753fd0f\"},\"headline\":\"Transforma tu Espacio con el Mobiliario H\u00edbrido y Vers\u00e1til para Comedor y Terraza\",\"datePublished\":\"2025-02-20T21:11:25+00:00\",\"dateModified\":\"2025-02-20T21:24:42+00:00\",\"mainEntityOfPage\":{\"@id\":\"https:\\\/\\\/mueblesgora.com.mx\\\/blog\\\/2025\\\/02\\\/20\\\/transforma-tu-espacio-con-el-mobiliario-hibrido-y-versatil-para-comedor-y-terraza\\\/\"},\"wordCount\":435,\"commentCount\":0,\"publisher\":{\"@id\":\"https:\\\/\\\/mueblesgora.com.mx\\\/blog\\\/#organization\"},\"image\":{\"@id\":\"https:\\\/\\\/mueblesgora.com.mx\\\/blog\\\/2025\\\/02\\\/20\\\/transforma-tu-espacio-con-el-mobiliario-hibrido-y-versatil-para-comedor-y-terraza\\\/#primaryimage\"},\"thumbnailUrl\":\"https:\\\/\\\/mueblesgora.com.mx\\\/blog\\\/wp-content\\\/uploads\\\/2025\\\/02\\\/Portada-blog-2.png\",\"keywords\":[\"Comedor\",\"Coworking M\u00e9rida\",\"Dise\u00f1o de oficinas\",\"Mesa Polipropileno\",\"Mobiliario H\u00edbrido\",\"Muebles Exteriores\",\"Muebles Polipropileno\",\"Oficinas M\u00e9rida\",\"Silla Polipropileno\",\"Terraza\"],\"articleSection\":[\"Mobiliario\",\"Oficinas\",\"Restaurantes\"],\"inLanguage\":\"es\",\"potentialAction\":[{\"@type\":\"CommentAction\",\"name\":\"Comment\",\"target\":[\"https:\\\/\\\/mueblesgora.com.mx\\\/blog\\\/2025\\\/02\\\/20\\\/transforma-tu-espacio-con-el-mobiliario-hibrido-y-versatil-para-comedor-y-terraza\\\/#respond\"]}]},{\"@type\":\"WebPage\",\"@id\":\"https:\\\/\\\/mueblesgora.com.mx\\\/blog\\\/2025\\\/02\\\/20\\\/transforma-tu-espacio-con-el-mobiliario-hibrido-y-versatil-para-comedor-y-terraza\\\/\",\"url\":\"https:\\\/\\\/mueblesgora.com.mx\\\/blog\\\/2025\\\/02\\\/20\\\/transforma-tu-espacio-con-el-mobiliario-hibrido-y-versatil-para-comedor-y-terraza\\\/\",\"name\":\"Transforma tu Espacio con el Mobiliario H\u00edbrido y Vers\u00e1til para Comedor y Terraza - Muebles GORA\",\"isPartOf\":{\"@id\":\"https:\\\/\\\/mueblesgora.com.mx\\\/blog\\\/#website\"},\"primaryImageOfPage\":{\"@id\":\"https:\\\/\\\/mueblesgora.com.mx\\\/blog\\\/2025\\\/02\\\/20\\\/transforma-tu-espacio-con-el-mobiliario-hibrido-y-versatil-para-comedor-y-terraza\\\/#primaryimage\"},\"image\":{\"@id\":\"https:\\\/\\\/mueblesgora.com.mx\\\/blog\\\/2025\\\/02\\\/20\\\/transforma-tu-espacio-con-el-mobiliario-hibrido-y-versatil-para-comedor-y-terraza\\\/#primaryimage\"},\"thumbnailUrl\":\"https:\\\/\\\/mueblesgora.com.mx\\\/blog\\\/wp-content\\\/uploads\\\/2025\\\/02\\\/Portada-blog-2.png\",\"datePublished\":\"2025-02-20T21:11:25+00:00\",\"dateModified\":\"2025-02-20T21:24:42+00:00\",\"breadcrumb\":{\"@id\":\"https:\\\/\\\/mueblesgora.com.mx\\\/blog\\\/2025\\\/02\\\/20\\\/transforma-tu-espacio-con-el-mobiliario-hibrido-y-versatil-para-comedor-y-terraza\\\/#breadcrumb\"},\"inLanguage\":\"es\",\"potentialAction\":[{\"@type\":\"ReadAction\",\"target\":[\"https:\\\/\\\/mueblesgora.com.mx\\\/blog\\\/2025\\\/02\\\/20\\\/transforma-tu-espacio-con-el-mobiliario-hibrido-y-versatil-para-comedor-y-terraza\\\/\"]}]},{\"@type\":\"ImageObject\",\"inLanguage\":\"es\",\"@id\":\"https:\\\/\\\/mueblesgora.com.mx\\\/blog\\\/2025\\\/02\\\/20\\\/transforma-tu-espacio-con-el-mobiliario-hibrido-y-versatil-para-comedor-y-terraza\\\/#primaryimage\",\"url\":\"https:\\\/\\\/mueblesgora.com.mx\\\/blog\\\/wp-content\\\/uploads\\\/2025\\\/02\\\/Portada-blog-2.png\",\"contentUrl\":\"https:\\\/\\\/mueblesgora.com.mx\\\/blog\\\/wp-content\\\/uploads\\\/2025\\\/02\\\/Portada-blog-2.png\",\"width\":1200,\"height\":900},{\"@type\":\"BreadcrumbList\",\"@id\":\"https:\\\/\\\/mueblesgora.com.mx\\\/blog\\\/2025\\\/02\\\/20\\\/transforma-tu-espacio-con-el-mobiliario-hibrido-y-versatil-para-comedor-y-terraza\\\/#breadcrumb\",\"itemListElement\":[{\"@type\":\"ListItem\",\"position\":1,\"name\":\"Inicio\",\"item\":\"https:\\\/\\\/mueblesgora.com.mx\\\/blog\\\/\"},{\"@type\":\"ListItem\",\"position\":2,\"name\":\"Transforma tu Espacio con el Mobiliario H\u00edbrido y Vers\u00e1til para Comedor y Terraza\"}]},{\"@type\":\"WebSite\",\"@id\":\"https:\\\/\\\/mueblesgora.com.mx\\\/blog\\\/#website\",\"url\":\"https:\\\/\\\/mueblesgora.com.mx\\\/blog\\\/\",\"name\":\"Muebles GORA\",\"description\":\"Fabricamos tus ideas.\",\"publisher\":{\"@id\":\"https:\\\/\\\/mueblesgora.com.mx\\\/blog\\\/#organization\"},\"potentialAction\":[{\"@type\":\"SearchAction\",\"target\":{\"@type\":\"EntryPoint\",\"urlTemplate\":\"https:\\\/\\\/mueblesgora.com.mx\\\/blog\\\/?s={search_term_string}\"},\"query-input\":{\"@type\":\"PropertyValueSpecification\",\"valueRequired\":true,\"valueName\":\"search_term_string\"}}],\"inLanguage\":\"es\"},{\"@type\":\"Organization\",\"@id\":\"https:\\\/\\\/mueblesgora.com.mx\\\/blog\\\/#organization\",\"name\":\"Muebles GORA\",\"url\":\"https:\\\/\\\/mueblesgora.com.mx\\\/blog\\\/\",\"logo\":{\"@type\":\"ImageObject\",\"inLanguage\":\"es\",\"@id\":\"https:\\\/\\\/mueblesgora.com.mx\\\/blog\\\/#\\\/schema\\\/logo\\\/image\\\/\",\"url\":\"https:\\\/\\\/mueblesgora.com.mx\\\/blog\\\/wp-content\\\/uploads\\\/2025\\\/09\\\/GoraW_64.png\",\"contentUrl\":\"https:\\\/\\\/mueblesgora.com.mx\\\/blog\\\/wp-content\\\/uploads\\\/2025\\\/09\\\/GoraW_64.png\",\"width\":373,\"height\":64,\"caption\":\"Muebles GORA\"},\"image\":{\"@id\":\"https:\\\/\\\/mueblesgora.com.mx\\\/blog\\\/#\\\/schema\\\/logo\\\/image\\\/\"}},{\"@type\":\"Person\",\"@id\":\"https:\\\/\\\/mueblesgora.com.mx\\\/blog\\\/#\\\/schema\\\/person\\\/7eea029d9ac31830dc6248b74753fd0f\",\"name\":\"Mercedes Arz\u00e1palo\",\"image\":{\"@type\":\"ImageObject\",\"inLanguage\":\"es\",\"@id\":\"https:\\\/\\\/secure.gravatar.com\\\/avatar\\\/047acb7b7ffa9f7fda3c2b4fbe6255979271635dddb970075b4fe34906c550ae?s=96&d=mm&r=g\",\"url\":\"https:\\\/\\\/secure.gravatar.com\\\/avatar\\\/047acb7b7ffa9f7fda3c2b4fbe6255979271635dddb970075b4fe34906c550ae?s=96&d=mm&r=g\",\"contentUrl\":\"https:\\\/\\\/secure.gravatar.com\\\/avatar\\\/047acb7b7ffa9f7fda3c2b4fbe6255979271635dddb970075b4fe34906c550ae?s=96&d=mm&r=g\",\"caption\":\"Mercedes Arz\u00e1palo\"},\"url\":\"https:\\\/\\\/mueblesgora.com.mx\\\/blog\\\/author\\\/merarzapalo\\\/\"}]}<\/script>\n<!-- \/ Yoast SEO plugin. -->","yoast_head_json":{"title":"Transforma tu Espacio con el Mobiliario H\u00edbrido y Vers\u00e1til para Comedor y Terraza - Muebles GORA","robots":{"index":"index","follow":"follow","max-snippet":"max-snippet:-1","max-image-preview":"max-image-preview:large","max-video-preview":"max-video-preview:-1"},"canonical":"https:\/\/mueblesgora.com.mx\/blog\/2025\/02\/20\/transforma-tu-espacio-con-el-mobiliario-hibrido-y-versatil-para-comedor-y-terraza\/","og_locale":"es_MX","og_type":"article","og_title":"Transforma tu Espacio con el Mobiliario H\u00edbrido y Vers\u00e1til para Comedor y Terraza - Muebles GORA","og_description":"El dise\u00f1o de interiores y exteriores juega un papel fundamental en la funcionalidad y est\u00e9tica de cualquier espacio. El mobiliario h\u00edbrido es la soluci\u00f3n perfecta, ya que se adapta a diversos entornos como comedores de oficina, terrazas, restaurantes y coworkings, sin comprometer el estilo ni la resistencia. Estos muebles est\u00e1n dise\u00f1ados con materiales de alta &hellip; Leer m\u00e1s \u00abTransforma tu Espacio con el Mobiliario H\u00edbrido y Vers\u00e1til para Comedor y Terraza\u00bb","og_url":"https:\/\/mueblesgora.com.mx\/blog\/2025\/02\/20\/transforma-tu-espacio-con-el-mobiliario-hibrido-y-versatil-para-comedor-y-terraza\/","og_site_name":"Muebles GORA","article_published_time":"2025-02-20T21:11:25+00:00","article_modified_time":"2025-02-20T21:24:42+00:00","og_image":[{"width":1200,"height":900,"url":"https:\/\/mueblesgora.com.mx\/blog\/wp-content\/uploads\/2025\/02\/Portada-blog-2.png","type":"image\/png"}],"author":"Mercedes Arz\u00e1palo","twitter_card":"summary_large_image","twitter_misc":{"Escrito por":"Mercedes Arz\u00e1palo","Tiempo de lectura":"2 minutos"},"schema":{"@context":"https:\/\/schema.org","@graph":[{"@type":"Article","@id":"https:\/\/mueblesgora.com.mx\/blog\/2025\/02\/20\/transforma-tu-espacio-con-el-mobiliario-hibrido-y-versatil-para-comedor-y-terraza\/#article","isPartOf":{"@id":"https:\/\/mueblesgora.com.mx\/blog\/2025\/02\/20\/transforma-tu-espacio-con-el-mobiliario-hibrido-y-versatil-para-comedor-y-terraza\/"},"author":{"name":"Mercedes Arz\u00e1palo","@id":"https:\/\/mueblesgora.com.mx\/blog\/#\/schema\/person\/7eea029d9ac31830dc6248b74753fd0f"},"headline":"Transforma tu Espacio con el Mobiliario H\u00edbrido y Vers\u00e1til para Comedor y Terraza","datePublished":"2025-02-20T21:11:25+00:00","dateModified":"2025-02-20T21:24:42+00:00","mainEntityOfPage":{"@id":"https:\/\/mueblesgora.com.mx\/blog\/2025\/02\/20\/transforma-tu-espacio-con-el-mobiliario-hibrido-y-versatil-para-comedor-y-terraza\/"},"wordCount":435,"commentCount":0,"publisher":{"@id":"https:\/\/mueblesgora.com.mx\/blog\/#organization"},"image":{"@id":"https:\/\/mueblesgora.com.mx\/blog\/2025\/02\/20\/transforma-tu-espacio-con-el-mobiliario-hibrido-y-versatil-para-comedor-y-terraza\/#primaryimage"},"thumbnailUrl":"https:\/\/mueblesgora.com.mx\/blog\/wp-content\/uploads\/2025\/02\/Portada-blog-2.png","keywords":["Comedor","Coworking M\u00e9rida","Dise\u00f1o de oficinas","Mesa Polipropileno","Mobiliario H\u00edbrido","Muebles Exteriores","Muebles Polipropileno","Oficinas M\u00e9rida","Silla Polipropileno","Terraza"],"articleSection":["Mobiliario","Oficinas","Restaurantes"],"inLanguage":"es","potentialAction":[{"@type":"CommentAction","name":"Comment","target":["https:\/\/mueblesgora.com.mx\/blog\/2025\/02\/20\/transforma-tu-espacio-con-el-mobiliario-hibrido-y-versatil-para-comedor-y-terraza\/#respond"]}]},{"@type":"WebPage","@id":"https:\/\/mueblesgora.com.mx\/blog\/2025\/02\/20\/transforma-tu-espacio-con-el-mobiliario-hibrido-y-versatil-para-comedor-y-terraza\/","url":"https:\/\/mueblesgora.com.mx\/blog\/2025\/02\/20\/transforma-tu-espacio-con-el-mobiliario-hibrido-y-versatil-para-comedor-y-terraza\/","name":"Transforma tu Espacio con el Mobiliario H\u00edbrido y Vers\u00e1til para Comedor y Terraza - Muebles GORA","isPartOf":{"@id":"https:\/\/mueblesgora.com.mx\/blog\/#website"},"primaryImageOfPage":{"@id":"https:\/\/mueblesgora.com.mx\/blog\/2025\/02\/20\/transforma-tu-espacio-con-el-mobiliario-hibrido-y-versatil-para-comedor-y-terraza\/#primaryimage"},"image":{"@id":"https:\/\/mueblesgora.com.mx\/blog\/2025\/02\/20\/transforma-tu-espacio-con-el-mobiliario-hibrido-y-versatil-para-comedor-y-terraza\/#primaryimage"},"thumbnailUrl":"https:\/\/mueblesgora.com.mx\/blog\/wp-content\/uploads\/2025\/02\/Portada-blog-2.png","datePublished":"2025-02-20T21:11:25+00:00","dateModified":"2025-02-20T21:24:42+00:00","breadcrumb":{"@id":"https:\/\/mueblesgora.com.mx\/blog\/2025\/02\/20\/transforma-tu-espacio-con-el-mobiliario-hibrido-y-versatil-para-comedor-y-terraza\/#breadcrumb"},"inLanguage":"es","potentialAction":[{"@type":"ReadAction","target":["https:\/\/mueblesgora.com.mx\/blog\/2025\/02\/20\/transforma-tu-espacio-con-el-mobiliario-hibrido-y-versatil-para-comedor-y-terraza\/"]}]},{"@type":"ImageObject","inLanguage":"es","@id":"https:\/\/mueblesgora.com.mx\/blog\/2025\/02\/20\/transforma-tu-espacio-con-el-mobiliario-hibrido-y-versatil-para-comedor-y-terraza\/#primaryimage","url":"https:\/\/mueblesgora.com.mx\/blog\/wp-content\/uploads\/2025\/02\/Portada-blog-2.png","contentUrl":"https:\/\/mueblesgora.com.mx\/blog\/wp-content\/uploads\/2025\/02\/Portada-blog-2.png","width":1200,"height":900},{"@type":"BreadcrumbList","@id":"https:\/\/mueblesgora.com.mx\/blog\/2025\/02\/20\/transforma-tu-espacio-con-el-mobiliario-hibrido-y-versatil-para-comedor-y-terraza\/#breadcrumb","itemListElement":[{"@type":"ListItem","position":1,"name":"Inicio","item":"https:\/\/mueblesgora.com.mx\/blog\/"},{"@type":"ListItem","position":2,"name":"Transforma tu Espacio con el Mobiliario H\u00edbrido y Vers\u00e1til para Comedor y Terraza"}]},{"@type":"WebSite","@id":"https:\/\/mueblesgora.com.mx\/blog\/#website","url":"https:\/\/mueblesgora.com.mx\/blog\/","name":"Muebles GORA","description":"Fabricamos tus ideas.","publisher":{"@id":"https:\/\/mueblesgora.com.mx\/blog\/#organization"},"potentialAction":[{"@type":"SearchAction","target":{"@type":"EntryPoint","urlTemplate":"https:\/\/mueblesgora.com.mx\/blog\/?s={search_term_string}"},"query-input":{"@type":"PropertyValueSpecification","valueRequired":true,"valueName":"search_term_string"}}],"inLanguage":"es"},{"@type":"Organization","@id":"https:\/\/mueblesgora.com.mx\/blog\/#organization","name":"Muebles GORA","url":"https:\/\/mueblesgora.com.mx\/blog\/","logo":{"@type":"ImageObject","inLanguage":"es","@id":"https:\/\/mueblesgora.com.mx\/blog\/#\/schema\/logo\/image\/","url":"https:\/\/mueblesgora.com.mx\/blog\/wp-content\/uploads\/2025\/09\/GoraW_64.png","contentUrl":"https:\/\/mueblesgora.com.mx\/blog\/wp-content\/uploads\/2025\/09\/GoraW_64.png","width":373,"height":64,"caption":"Muebles GORA"},"image":{"@id":"https:\/\/mueblesgora.com.mx\/blog\/#\/schema\/logo\/image\/"}},{"@type":"Person","@id":"https:\/\/mueblesgora.com.mx\/blog\/#\/schema\/person\/7eea029d9ac31830dc6248b74753fd0f","name":"Mercedes Arz\u00e1palo","image":{"@type":"ImageObject","inLanguage":"es","@id":"https:\/\/secure.gravatar.com\/avatar\/047acb7b7ffa9f7fda3c2b4fbe6255979271635dddb970075b4fe34906c550ae?s=96&d=mm&r=g","url":"https:\/\/secure.gravatar.com\/avatar\/047acb7b7ffa9f7fda3c2b4fbe6255979271635dddb970075b4fe34906c550ae?s=96&d=mm&r=g","contentUrl":"https:\/\/secure.gravatar.com\/avatar\/047acb7b7ffa9f7fda3c2b4fbe6255979271635dddb970075b4fe34906c550ae?s=96&d=mm&r=g","caption":"Mercedes Arz\u00e1palo"},"url":"https:\/\/mueblesgora.com.mx\/blog\/author\/merarzapalo\/"}]}},"featured_media_urls":{"thumbnail":["https:\/\/mueblesgora.com.mx\/blog\/wp-content\/uploads\/2025\/02\/Portada-blog-2-150x150.png",150,150,true],"medium":["https:\/\/mueblesgora.com.mx\/blog\/wp-content\/uploads\/2025\/02\/Portada-blog-2-300x225.png",300,225,true],"medium_large":["https:\/\/mueblesgora.com.mx\/blog\/wp-content\/uploads\/2025\/02\/Portada-blog-2-768x576.png",768,576,true],"large":["https:\/\/mueblesgora.com.mx\/blog\/wp-content\/uploads\/2025\/02\/Portada-blog-2-1024x768.png",950,713,true],"1536x1536":["https:\/\/mueblesgora.com.mx\/blog\/wp-content\/uploads\/2025\/02\/Portada-blog-2.png",1200,900,false],"2048x2048":["https:\/\/mueblesgora.com.mx\/blog\/wp-content\/uploads\/2025\/02\/Portada-blog-2.png",1200,900,false],"inspiro-featured-image":["https:\/\/mueblesgora.com.mx\/blog\/wp-content\/uploads\/2025\/02\/Portada-blog-2.png",1200,900,false],"inspiro-loop":["https:\/\/mueblesgora.com.mx\/blog\/wp-content\/uploads\/2025\/02\/Portada-blog-2-950x320.png",950,320,true],"inspiro-loop@2x":["https:\/\/mueblesgora.com.mx\/blog\/wp-content\/uploads\/2025\/02\/Portada-blog-2-1200x640.png",1200,640,true],"portfolio_item-thumbnail":["https:\/\/mueblesgora.com.mx\/blog\/wp-content\/uploads\/2025\/02\/Portada-blog-2-600x400.png",600,400,true],"portfolio_item-thumbnail@2x":["https:\/\/mueblesgora.com.mx\/blog\/wp-content\/uploads\/2025\/02\/Portada-blog-2-1200x800.png",1200,800,true],"portfolio_item-masonry":["https:\/\/mueblesgora.com.mx\/blog\/wp-content\/uploads\/2025\/02\/Portada-blog-2-600x450.png",600,450,true],"portfolio_item-masonry@2x":["https:\/\/mueblesgora.com.mx\/blog\/wp-content\/uploads\/2025\/02\/Portada-blog-2.png",1200,900,false],"portfolio_item-thumbnail_cinema":["https:\/\/mueblesgora.com.mx\/blog\/wp-content\/uploads\/2025\/02\/Portada-blog-2-800x335.png",800,335,true],"portfolio_item-thumbnail_portrait":["https:\/\/mueblesgora.com.mx\/blog\/wp-content\/uploads\/2025\/02\/Portada-blog-2-600x900.png",600,900,true],"portfolio_item-thumbnail_portrait@2x":["https:\/\/mueblesgora.com.mx\/blog\/wp-content\/uploads\/2025\/02\/Portada-blog-2.png",1200,900,false],"portfolio_item-thumbnail_square":["https:\/\/mueblesgora.com.mx\/blog\/wp-content\/uploads\/2025\/02\/Portada-blog-2-800x800.png",800,800,true]},"_links":{"self":[{"href":"https:\/\/mueblesgora.com.mx\/blog\/wp-json\/wp\/v2\/posts\/288","targetHints":{"allow":["GET"]}}],"collection":[{"href":"https:\/\/mueblesgora.com.mx\/blog\/wp-json\/wp\/v2\/posts"}],"about":[{"href":"https:\/\/mueblesgora.com.mx\/blog\/wp-json\/wp\/v2\/types\/post"}],"author":[{"embeddable":true,"href":"https:\/\/mueblesgora.com.mx\/blog\/wp-json\/wp\/v2\/users\/2"}],"replies":[{"embeddable":true,"href":"https:\/\/mueblesgora.com.mx\/blog\/wp-json\/wp\/v2\/comments?post=288"}],"version-history":[{"count":5,"href":"https:\/\/mueblesgora.com.mx\/blog\/wp-json\/wp\/v2\/posts\/288\/revisions"}],"predecessor-version":[{"id":301,"href":"https:\/\/mueblesgora.com.mx\/blog\/wp-json\/wp\/v2\/posts\/288\/revisions\/301"}],"wp:featuredmedia":[{"embeddable":true,"href":"https:\/\/mueblesgora.com.mx\/blog\/wp-json\/wp\/v2\/media\/296"}],"wp:attachment":[{"href":"https:\/\/mueblesgora.com.mx\/blog\/wp-json\/wp\/v2\/media?parent=288"}],"wp:term":[{"taxonomy":"category","embeddable":true,"href":"https:\/\/mueblesgora.com.mx\/blog\/wp-json\/wp\/v2\/categories?post=288"},{"taxonomy":"post_tag","embeddable":true,"href":"https:\/\/mueblesgora.com.mx\/blog\/wp-json\/wp\/v2\/tags?post=288"}],"curies":[{"name":"wp","href":"https:\/\/api.w.org\/{rel}","templated":true}]}}