{"id":314,"date":"2025-03-13T08:15:00","date_gmt":"2025-03-13T14:15:00","guid":{"rendered":"https:\/\/mueblesgora.com.mx\/blog\/?p=314"},"modified":"2025-03-12T17:16:50","modified_gmt":"2025-03-12T23:16:50","slug":"mobiliario-de-almacenaje-funcionalidad-y-diseno-para-cada-espacio","status":"publish","type":"post","link":"https:\/\/mueblesgora.com.mx\/blog\/2025\/03\/13\/mobiliario-de-almacenaje-funcionalidad-y-diseno-para-cada-espacio\/","title":{"rendered":"Mobiliario de Almacenaje: Funcionalidad y Dise\u00f1o para Cada Espacio"},"content":{"rendered":"\n<p class=\"has-medium-font-size wp-block-paragraph\">El <a href=\"https:\/\/mueblesgora.com.mx\/mobiliario.php?MOBILIARIO=Oficinas\">mobiliario de almacenaje<\/a> es una pieza clave en cualquier oficina, negocio o espacio de trabajo. No solo permite organizar documentos, materiales y herramientas de manera eficiente, sino que tambi\u00e9n influye en la est\u00e9tica y funcionalidad del entorno. En la actualidad, existen m\u00faltiples opciones de almacenamiento que se adaptan a las necesidades y estilo de cada empresa, desde dise\u00f1os modernos y personalizados hasta soluciones m\u00e1s tradicionales en materiales met\u00e1licos.<\/p>\n\n\n\n<h3 class=\"wp-block-heading\"><strong>Opciones de Dise\u00f1o para Espacios de Trabajo<\/strong><\/h3>\n\n\n\n<p class=\"has-medium-font-size wp-block-paragraph\">El mobiliario de almacenaje ha evolucionado para ofrecer soluciones vers\u00e1tiles y est\u00e9ticas. Algunas de las opciones m\u00e1s utilizadas incluyen:<\/p>\n\n\n\n<ul class=\"wp-block-list\">\n<li class=\"has-medium-font-size\"><strong>Libreros completos a piso:<\/strong> Ideales para archivar documentos o exhibir libros y decoraciones, brindan una sensaci\u00f3n de orden y amplitud.<\/li>\n\n\n\n<li class=\"has-medium-font-size\"><strong>Credenzas:<\/strong> Complementan estaciones de trabajo ejecutivas y brindan almacenamiento extra sin sacrificar espacio.<\/li>\n\n\n\n<li class=\"has-medium-font-size\"><strong>Libreros colgantes:<\/strong> Perfectos para oficinas con dimensiones reducidas, ya que permiten aprovechar el espacio vertical sin restar movilidad.<\/li>\n\n\n\n<li class=\"has-medium-font-size\"><strong>Dise\u00f1os personalizados:<\/strong> Se pueden crear muebles con compartimentos asim\u00e9tricos, patrones geom\u00e9tricos o estanter\u00edas modulares que aportan un toque moderno y funcional al espacio, adapt\u00e1ndose a la identidad de cada empresa.<\/li>\n<\/ul>\n\n\n\n<figure class=\"wp-block-image size-large\"><img fetchpriority=\"high\" decoding=\"async\" width=\"1024\" height=\"538\" src=\"https:\/\/mueblesgora.com.mx\/blog\/wp-content\/uploads\/2025\/03\/Para-Entrada-Alm2-1024x538.png\" alt=\"\" class=\"wp-image-318\" srcset=\"https:\/\/mueblesgora.com.mx\/blog\/wp-content\/uploads\/2025\/03\/Para-Entrada-Alm2-1024x538.png 1024w, https:\/\/mueblesgora.com.mx\/blog\/wp-content\/uploads\/2025\/03\/Para-Entrada-Alm2-300x158.png 300w, https:\/\/mueblesgora.com.mx\/blog\/wp-content\/uploads\/2025\/03\/Para-Entrada-Alm2-768x403.png 768w, https:\/\/mueblesgora.com.mx\/blog\/wp-content\/uploads\/2025\/03\/Para-Entrada-Alm2.png 1200w\" sizes=\"(max-width: 1024px) 100vw, 1024px\" \/><\/figure>\n\n\n\n<h3 class=\"wp-block-heading\"><strong>Mobiliario Met\u00e1lico: Durabilidad y Seguridad<\/strong><\/h3>\n\n\n\n<p class=\"has-medium-font-size wp-block-paragraph\">Para quienes buscan opciones m\u00e1s resistentes y tradicionales, el <a href=\"https:\/\/mueblesgora.com.mx\/mobiliario.php?MOBILIARIO=Industrial\">mobiliario met\u00e1lico<\/a> sigue siendo una excelente alternativa. Algunas opciones incluyen:<\/p>\n\n\n\n<ul class=\"wp-block-list\">\n<li class=\"has-medium-font-size\"><strong>Archiveros met\u00e1licos:<\/strong> Cl\u00e1sicos en oficinas, permiten resguardar documentos de manera segura y ordenada.<\/li>\n\n\n\n<li class=\"has-medium-font-size\"><strong>Gabinetes met\u00e1licos:<\/strong> Utilizados en entornos m\u00e9dicos e industriales, ofrecen protecci\u00f3n y durabilidad para almacenamiento especializado.<\/li>\n\n\n\n<li class=\"has-medium-font-size\"><strong>Lockers:<\/strong> Ideales para espacios donde se requiere almacenamiento individual, como oficinas, gimnasios y f\u00e1bricas.<\/li>\n\n\n\n<li class=\"has-medium-font-size\"><strong>Anaqueles:<\/strong> Una soluci\u00f3n pr\u00e1ctica para almacenar productos o herramientas en bodegas y almacenes.<\/li>\n<\/ul>\n\n\n\n<figure class=\"wp-block-gallery has-nested-images columns-default is-cropped wp-block-gallery-1 is-layout-flex wp-block-gallery-is-layout-flex\">\n<figure class=\"wp-block-image size-large\"><img decoding=\"async\" width=\"1024\" height=\"538\" data-id=\"319\" src=\"https:\/\/mueblesgora.com.mx\/blog\/wp-content\/uploads\/2025\/03\/Para-Entrada-Alm3-1024x538.png\" alt=\"\" class=\"wp-image-319\" srcset=\"https:\/\/mueblesgora.com.mx\/blog\/wp-content\/uploads\/2025\/03\/Para-Entrada-Alm3-1024x538.png 1024w, https:\/\/mueblesgora.com.mx\/blog\/wp-content\/uploads\/2025\/03\/Para-Entrada-Alm3-300x158.png 300w, https:\/\/mueblesgora.com.mx\/blog\/wp-content\/uploads\/2025\/03\/Para-Entrada-Alm3-768x403.png 768w, https:\/\/mueblesgora.com.mx\/blog\/wp-content\/uploads\/2025\/03\/Para-Entrada-Alm3.png 1200w\" sizes=\"(max-width: 1024px) 100vw, 1024px\" \/><\/figure>\n<\/figure>\n\n\n\n<h3 class=\"wp-block-heading\"><strong>\u00bfCu\u00e1l es la mejor opci\u00f3n?<\/strong><\/h3>\n\n\n\n<p class=\"has-medium-font-size wp-block-paragraph\">Cada tipo de mobiliario de almacenaje tiene sus propias ventajas y desventajas:<\/p>\n\n\n\n<ul class=\"wp-block-list\">\n<li class=\"has-medium-font-size\"><strong>Mobiliario de melamina y madera:<\/strong>\n<ul class=\"wp-block-list\">\n<li>\u2705 Mayor variedad de dise\u00f1os y colores.<\/li>\n\n\n\n<li>\u2705 Est\u00e9tica m\u00e1s c\u00e1lida y adaptable a oficinas modernas.<\/li>\n\n\n\n<li>\u274c Puede ser menos resistente a condiciones extremas o humedad.<\/li>\n<\/ul>\n<\/li>\n\n\n\n<li class=\"has-medium-font-size\"><strong>Mobiliario met\u00e1lico (l\u00e1mina de acero):<\/strong>\n<ul class=\"wp-block-list\">\n<li>\u2705 Mayor durabilidad y resistencia a impactos o fuego.<\/li>\n\n\n\n<li>\u2705 Seguridad reforzada para documentos y objetos de valor.<\/li>\n\n\n\n<li>\u274c Puede ser m\u00e1s pesado y con menos opciones est\u00e9ticas.<\/li>\n<\/ul>\n<\/li>\n<\/ul>\n\n\n\n<h3 class=\"wp-block-heading\"><strong>Soluciones en Almacenaje con Muebles GORA<\/strong><\/h3>\n\n\n\n<p class=\"has-medium-font-size wp-block-paragraph\">En <strong><a href=\"https:\/\/mueblesgora.com.mx\/index.php\">Muebles GORA<\/a><\/strong>, dise\u00f1amos y fabricamos mobiliario de almacenaje en <strong>melamina, mdf y acero<\/strong>, adapt\u00e1ndonos a las necesidades de cada espacio. Ya sea que busques un dise\u00f1o personalizado y moderno o una opci\u00f3n met\u00e1lica tradicional, contamos con la mejor calidad y funcionalidad para optimizar tu oficina o negocio.<\/p>\n\n\n\n<p class=\"has-medium-font-size wp-block-paragraph\"><a href=\"https:\/\/api.whatsapp.com\/send?phone=5219992247700&amp;text=Quisiera%20asesor%C3%ADa%20sobre%20mobiliario%20%C2%BFPodr%C3%ADas%20ayudarme%3F\">Cont\u00e1ctanos<\/a> y encuentra la soluci\u00f3n de almacenaje ideal para tu empresa.<\/p>\n","protected":false},"excerpt":{"rendered":"<p>El mobiliario de almacenaje es una pieza clave en cualquier oficina, negocio o espacio de trabajo. No solo permite organizar documentos, materiales y herramientas de manera eficiente, sino que tambi\u00e9n influye en la est\u00e9tica y funcionalidad del entorno. En la actualidad, existen m\u00faltiples opciones de almacenamiento que se adaptan a las necesidades y estilo de &hellip; <\/p>\n<p class=\"link-more\"><a href=\"https:\/\/mueblesgora.com.mx\/blog\/2025\/03\/13\/mobiliario-de-almacenaje-funcionalidad-y-diseno-para-cada-espacio\/\" class=\"more-link\">Leer m\u00e1s<span class=\"screen-reader-text\"> \u00abMobiliario de Almacenaje: Funcionalidad y Dise\u00f1o para Cada Espacio\u00bb<\/span><\/a><\/p>\n","protected":false},"author":2,"featured_media":317,"comment_status":"open","ping_status":"closed","sticky":false,"template":"","format":"standard","meta":{"footnotes":""},"categories":[103,80,56,4],"tags":[63,59,106,10,62,105,104,25,68,107,32],"class_list":["post-314","post","type-post","status-publish","format-standard","has-post-thumbnail","hentry","category-almacenaje","category-industria","category-mobiliario","category-oficinas","tag-almacenamiento-metalico","tag-anaqueles","tag-credenzas","tag-diseno-de-oficinas","tag-gabinetes-metalicos","tag-libreros","tag-lockers-merida","tag-mobiliario-en-merida","tag-mobiliario-industrial","tag-muebles-metalicos","tag-oficinas-merida"],"yoast_head":"<!-- This site is optimized with the Yoast SEO plugin v27.3 - https:\/\/yoast.com\/product\/yoast-seo-wordpress\/ -->\n<title>Mobiliario de Almacenaje: Funcionalidad y Dise\u00f1o para Cada Espacio - Muebles GORA<\/title>\n<meta name=\"robots\" content=\"index, follow, max-snippet:-1, max-image-preview:large, max-video-preview:-1\" \/>\n<link rel=\"canonical\" href=\"https:\/\/mueblesgora.com.mx\/blog\/2025\/03\/13\/mobiliario-de-almacenaje-funcionalidad-y-diseno-para-cada-espacio\/\" \/>\n<meta property=\"og:locale\" content=\"es_MX\" \/>\n<meta property=\"og:type\" content=\"article\" \/>\n<meta property=\"og:title\" content=\"Mobiliario de Almacenaje: Funcionalidad y Dise\u00f1o para Cada Espacio - Muebles GORA\" \/>\n<meta property=\"og:description\" content=\"El mobiliario de almacenaje es una pieza clave en cualquier oficina, negocio o espacio de trabajo. No solo permite organizar documentos, materiales y herramientas de manera eficiente, sino que tambi\u00e9n influye en la est\u00e9tica y funcionalidad del entorno. En la actualidad, existen m\u00faltiples opciones de almacenamiento que se adaptan a las necesidades y estilo de &hellip; Leer m\u00e1s \u00abMobiliario de Almacenaje: Funcionalidad y Dise\u00f1o para Cada Espacio\u00bb\" \/>\n<meta property=\"og:url\" content=\"https:\/\/mueblesgora.com.mx\/blog\/2025\/03\/13\/mobiliario-de-almacenaje-funcionalidad-y-diseno-para-cada-espacio\/\" \/>\n<meta property=\"og:site_name\" content=\"Muebles GORA\" \/>\n<meta property=\"article:published_time\" content=\"2025-03-13T14:15:00+00:00\" \/>\n<meta property=\"og:image\" content=\"https:\/\/mueblesgora.com.mx\/blog\/wp-content\/uploads\/2025\/03\/Para-Cabecera-Almacenaje.png\" \/>\n\t<meta property=\"og:image:width\" content=\"1200\" \/>\n\t<meta property=\"og:image:height\" content=\"900\" \/>\n\t<meta property=\"og:image:type\" content=\"image\/png\" \/>\n<meta name=\"author\" content=\"Mercedes Arz\u00e1palo\" \/>\n<meta name=\"twitter:card\" content=\"summary_large_image\" \/>\n<meta name=\"twitter:label1\" content=\"Escrito por\" \/>\n\t<meta name=\"twitter:data1\" content=\"Mercedes Arz\u00e1palo\" \/>\n\t<meta name=\"twitter:label2\" content=\"Tiempo de lectura\" \/>\n\t<meta name=\"twitter:data2\" content=\"2 minutos\" \/>\n<script type=\"application\/ld+json\" class=\"yoast-schema-graph\">{\"@context\":\"https:\\\/\\\/schema.org\",\"@graph\":[{\"@type\":\"Article\",\"@id\":\"https:\\\/\\\/mueblesgora.com.mx\\\/blog\\\/2025\\\/03\\\/13\\\/mobiliario-de-almacenaje-funcionalidad-y-diseno-para-cada-espacio\\\/#article\",\"isPartOf\":{\"@id\":\"https:\\\/\\\/mueblesgora.com.mx\\\/blog\\\/2025\\\/03\\\/13\\\/mobiliario-de-almacenaje-funcionalidad-y-diseno-para-cada-espacio\\\/\"},\"author\":{\"name\":\"Mercedes Arz\u00e1palo\",\"@id\":\"https:\\\/\\\/mueblesgora.com.mx\\\/blog\\\/#\\\/schema\\\/person\\\/7eea029d9ac31830dc6248b74753fd0f\"},\"headline\":\"Mobiliario de Almacenaje: Funcionalidad y Dise\u00f1o para Cada Espacio\",\"datePublished\":\"2025-03-13T14:15:00+00:00\",\"mainEntityOfPage\":{\"@id\":\"https:\\\/\\\/mueblesgora.com.mx\\\/blog\\\/2025\\\/03\\\/13\\\/mobiliario-de-almacenaje-funcionalidad-y-diseno-para-cada-espacio\\\/\"},\"wordCount\":449,\"commentCount\":0,\"publisher\":{\"@id\":\"https:\\\/\\\/mueblesgora.com.mx\\\/blog\\\/#organization\"},\"image\":{\"@id\":\"https:\\\/\\\/mueblesgora.com.mx\\\/blog\\\/2025\\\/03\\\/13\\\/mobiliario-de-almacenaje-funcionalidad-y-diseno-para-cada-espacio\\\/#primaryimage\"},\"thumbnailUrl\":\"https:\\\/\\\/mueblesgora.com.mx\\\/blog\\\/wp-content\\\/uploads\\\/2025\\\/03\\\/Para-Cabecera-Almacenaje.png\",\"keywords\":[\"Almacenamiento Met\u00e1lico\",\"Anaqueles\",\"Credenzas\",\"Dise\u00f1o de oficinas\",\"Gabinetes Met\u00e1licos\",\"Libreros\",\"Lockers M\u00e9rida\",\"Mobiliario en M\u00e9rida\",\"Mobiliario Industrial\",\"Muebles Met\u00e1licos\",\"Oficinas M\u00e9rida\"],\"articleSection\":[\"Almacenaje\",\"Industria\",\"Mobiliario\",\"Oficinas\"],\"inLanguage\":\"es\",\"potentialAction\":[{\"@type\":\"CommentAction\",\"name\":\"Comment\",\"target\":[\"https:\\\/\\\/mueblesgora.com.mx\\\/blog\\\/2025\\\/03\\\/13\\\/mobiliario-de-almacenaje-funcionalidad-y-diseno-para-cada-espacio\\\/#respond\"]}]},{\"@type\":\"WebPage\",\"@id\":\"https:\\\/\\\/mueblesgora.com.mx\\\/blog\\\/2025\\\/03\\\/13\\\/mobiliario-de-almacenaje-funcionalidad-y-diseno-para-cada-espacio\\\/\",\"url\":\"https:\\\/\\\/mueblesgora.com.mx\\\/blog\\\/2025\\\/03\\\/13\\\/mobiliario-de-almacenaje-funcionalidad-y-diseno-para-cada-espacio\\\/\",\"name\":\"Mobiliario de Almacenaje: Funcionalidad y Dise\u00f1o para Cada Espacio - Muebles GORA\",\"isPartOf\":{\"@id\":\"https:\\\/\\\/mueblesgora.com.mx\\\/blog\\\/#website\"},\"primaryImageOfPage\":{\"@id\":\"https:\\\/\\\/mueblesgora.com.mx\\\/blog\\\/2025\\\/03\\\/13\\\/mobiliario-de-almacenaje-funcionalidad-y-diseno-para-cada-espacio\\\/#primaryimage\"},\"image\":{\"@id\":\"https:\\\/\\\/mueblesgora.com.mx\\\/blog\\\/2025\\\/03\\\/13\\\/mobiliario-de-almacenaje-funcionalidad-y-diseno-para-cada-espacio\\\/#primaryimage\"},\"thumbnailUrl\":\"https:\\\/\\\/mueblesgora.com.mx\\\/blog\\\/wp-content\\\/uploads\\\/2025\\\/03\\\/Para-Cabecera-Almacenaje.png\",\"datePublished\":\"2025-03-13T14:15:00+00:00\",\"breadcrumb\":{\"@id\":\"https:\\\/\\\/mueblesgora.com.mx\\\/blog\\\/2025\\\/03\\\/13\\\/mobiliario-de-almacenaje-funcionalidad-y-diseno-para-cada-espacio\\\/#breadcrumb\"},\"inLanguage\":\"es\",\"potentialAction\":[{\"@type\":\"ReadAction\",\"target\":[\"https:\\\/\\\/mueblesgora.com.mx\\\/blog\\\/2025\\\/03\\\/13\\\/mobiliario-de-almacenaje-funcionalidad-y-diseno-para-cada-espacio\\\/\"]}]},{\"@type\":\"ImageObject\",\"inLanguage\":\"es\",\"@id\":\"https:\\\/\\\/mueblesgora.com.mx\\\/blog\\\/2025\\\/03\\\/13\\\/mobiliario-de-almacenaje-funcionalidad-y-diseno-para-cada-espacio\\\/#primaryimage\",\"url\":\"https:\\\/\\\/mueblesgora.com.mx\\\/blog\\\/wp-content\\\/uploads\\\/2025\\\/03\\\/Para-Cabecera-Almacenaje.png\",\"contentUrl\":\"https:\\\/\\\/mueblesgora.com.mx\\\/blog\\\/wp-content\\\/uploads\\\/2025\\\/03\\\/Para-Cabecera-Almacenaje.png\",\"width\":1200,\"height\":900},{\"@type\":\"BreadcrumbList\",\"@id\":\"https:\\\/\\\/mueblesgora.com.mx\\\/blog\\\/2025\\\/03\\\/13\\\/mobiliario-de-almacenaje-funcionalidad-y-diseno-para-cada-espacio\\\/#breadcrumb\",\"itemListElement\":[{\"@type\":\"ListItem\",\"position\":1,\"name\":\"Inicio\",\"item\":\"https:\\\/\\\/mueblesgora.com.mx\\\/blog\\\/\"},{\"@type\":\"ListItem\",\"position\":2,\"name\":\"Mobiliario de Almacenaje: Funcionalidad y Dise\u00f1o para Cada Espacio\"}]},{\"@type\":\"WebSite\",\"@id\":\"https:\\\/\\\/mueblesgora.com.mx\\\/blog\\\/#website\",\"url\":\"https:\\\/\\\/mueblesgora.com.mx\\\/blog\\\/\",\"name\":\"Muebles GORA\",\"description\":\"Fabricamos tus ideas.\",\"publisher\":{\"@id\":\"https:\\\/\\\/mueblesgora.com.mx\\\/blog\\\/#organization\"},\"potentialAction\":[{\"@type\":\"SearchAction\",\"target\":{\"@type\":\"EntryPoint\",\"urlTemplate\":\"https:\\\/\\\/mueblesgora.com.mx\\\/blog\\\/?s={search_term_string}\"},\"query-input\":{\"@type\":\"PropertyValueSpecification\",\"valueRequired\":true,\"valueName\":\"search_term_string\"}}],\"inLanguage\":\"es\"},{\"@type\":\"Organization\",\"@id\":\"https:\\\/\\\/mueblesgora.com.mx\\\/blog\\\/#organization\",\"name\":\"Muebles GORA\",\"url\":\"https:\\\/\\\/mueblesgora.com.mx\\\/blog\\\/\",\"logo\":{\"@type\":\"ImageObject\",\"inLanguage\":\"es\",\"@id\":\"https:\\\/\\\/mueblesgora.com.mx\\\/blog\\\/#\\\/schema\\\/logo\\\/image\\\/\",\"url\":\"https:\\\/\\\/mueblesgora.com.mx\\\/blog\\\/wp-content\\\/uploads\\\/2025\\\/09\\\/GoraW_64.png\",\"contentUrl\":\"https:\\\/\\\/mueblesgora.com.mx\\\/blog\\\/wp-content\\\/uploads\\\/2025\\\/09\\\/GoraW_64.png\",\"width\":373,\"height\":64,\"caption\":\"Muebles GORA\"},\"image\":{\"@id\":\"https:\\\/\\\/mueblesgora.com.mx\\\/blog\\\/#\\\/schema\\\/logo\\\/image\\\/\"}},{\"@type\":\"Person\",\"@id\":\"https:\\\/\\\/mueblesgora.com.mx\\\/blog\\\/#\\\/schema\\\/person\\\/7eea029d9ac31830dc6248b74753fd0f\",\"name\":\"Mercedes Arz\u00e1palo\",\"image\":{\"@type\":\"ImageObject\",\"inLanguage\":\"es\",\"@id\":\"https:\\\/\\\/secure.gravatar.com\\\/avatar\\\/047acb7b7ffa9f7fda3c2b4fbe6255979271635dddb970075b4fe34906c550ae?s=96&d=mm&r=g\",\"url\":\"https:\\\/\\\/secure.gravatar.com\\\/avatar\\\/047acb7b7ffa9f7fda3c2b4fbe6255979271635dddb970075b4fe34906c550ae?s=96&d=mm&r=g\",\"contentUrl\":\"https:\\\/\\\/secure.gravatar.com\\\/avatar\\\/047acb7b7ffa9f7fda3c2b4fbe6255979271635dddb970075b4fe34906c550ae?s=96&d=mm&r=g\",\"caption\":\"Mercedes Arz\u00e1palo\"},\"url\":\"https:\\\/\\\/mueblesgora.com.mx\\\/blog\\\/author\\\/merarzapalo\\\/\"}]}<\/script>\n<!-- \/ Yoast SEO plugin. -->","yoast_head_json":{"title":"Mobiliario de Almacenaje: Funcionalidad y Dise\u00f1o para Cada Espacio - Muebles GORA","robots":{"index":"index","follow":"follow","max-snippet":"max-snippet:-1","max-image-preview":"max-image-preview:large","max-video-preview":"max-video-preview:-1"},"canonical":"https:\/\/mueblesgora.com.mx\/blog\/2025\/03\/13\/mobiliario-de-almacenaje-funcionalidad-y-diseno-para-cada-espacio\/","og_locale":"es_MX","og_type":"article","og_title":"Mobiliario de Almacenaje: Funcionalidad y Dise\u00f1o para Cada Espacio - Muebles GORA","og_description":"El mobiliario de almacenaje es una pieza clave en cualquier oficina, negocio o espacio de trabajo. No solo permite organizar documentos, materiales y herramientas de manera eficiente, sino que tambi\u00e9n influye en la est\u00e9tica y funcionalidad del entorno. En la actualidad, existen m\u00faltiples opciones de almacenamiento que se adaptan a las necesidades y estilo de &hellip; Leer m\u00e1s \u00abMobiliario de Almacenaje: Funcionalidad y Dise\u00f1o para Cada Espacio\u00bb","og_url":"https:\/\/mueblesgora.com.mx\/blog\/2025\/03\/13\/mobiliario-de-almacenaje-funcionalidad-y-diseno-para-cada-espacio\/","og_site_name":"Muebles GORA","article_published_time":"2025-03-13T14:15:00+00:00","og_image":[{"width":1200,"height":900,"url":"https:\/\/mueblesgora.com.mx\/blog\/wp-content\/uploads\/2025\/03\/Para-Cabecera-Almacenaje.png","type":"image\/png"}],"author":"Mercedes Arz\u00e1palo","twitter_card":"summary_large_image","twitter_misc":{"Escrito por":"Mercedes Arz\u00e1palo","Tiempo de lectura":"2 minutos"},"schema":{"@context":"https:\/\/schema.org","@graph":[{"@type":"Article","@id":"https:\/\/mueblesgora.com.mx\/blog\/2025\/03\/13\/mobiliario-de-almacenaje-funcionalidad-y-diseno-para-cada-espacio\/#article","isPartOf":{"@id":"https:\/\/mueblesgora.com.mx\/blog\/2025\/03\/13\/mobiliario-de-almacenaje-funcionalidad-y-diseno-para-cada-espacio\/"},"author":{"name":"Mercedes Arz\u00e1palo","@id":"https:\/\/mueblesgora.com.mx\/blog\/#\/schema\/person\/7eea029d9ac31830dc6248b74753fd0f"},"headline":"Mobiliario de Almacenaje: Funcionalidad y Dise\u00f1o para Cada Espacio","datePublished":"2025-03-13T14:15:00+00:00","mainEntityOfPage":{"@id":"https:\/\/mueblesgora.com.mx\/blog\/2025\/03\/13\/mobiliario-de-almacenaje-funcionalidad-y-diseno-para-cada-espacio\/"},"wordCount":449,"commentCount":0,"publisher":{"@id":"https:\/\/mueblesgora.com.mx\/blog\/#organization"},"image":{"@id":"https:\/\/mueblesgora.com.mx\/blog\/2025\/03\/13\/mobiliario-de-almacenaje-funcionalidad-y-diseno-para-cada-espacio\/#primaryimage"},"thumbnailUrl":"https:\/\/mueblesgora.com.mx\/blog\/wp-content\/uploads\/2025\/03\/Para-Cabecera-Almacenaje.png","keywords":["Almacenamiento Met\u00e1lico","Anaqueles","Credenzas","Dise\u00f1o de oficinas","Gabinetes Met\u00e1licos","Libreros","Lockers M\u00e9rida","Mobiliario en M\u00e9rida","Mobiliario Industrial","Muebles Met\u00e1licos","Oficinas M\u00e9rida"],"articleSection":["Almacenaje","Industria","Mobiliario","Oficinas"],"inLanguage":"es","potentialAction":[{"@type":"CommentAction","name":"Comment","target":["https:\/\/mueblesgora.com.mx\/blog\/2025\/03\/13\/mobiliario-de-almacenaje-funcionalidad-y-diseno-para-cada-espacio\/#respond"]}]},{"@type":"WebPage","@id":"https:\/\/mueblesgora.com.mx\/blog\/2025\/03\/13\/mobiliario-de-almacenaje-funcionalidad-y-diseno-para-cada-espacio\/","url":"https:\/\/mueblesgora.com.mx\/blog\/2025\/03\/13\/mobiliario-de-almacenaje-funcionalidad-y-diseno-para-cada-espacio\/","name":"Mobiliario de Almacenaje: Funcionalidad y Dise\u00f1o para Cada Espacio - Muebles GORA","isPartOf":{"@id":"https:\/\/mueblesgora.com.mx\/blog\/#website"},"primaryImageOfPage":{"@id":"https:\/\/mueblesgora.com.mx\/blog\/2025\/03\/13\/mobiliario-de-almacenaje-funcionalidad-y-diseno-para-cada-espacio\/#primaryimage"},"image":{"@id":"https:\/\/mueblesgora.com.mx\/blog\/2025\/03\/13\/mobiliario-de-almacenaje-funcionalidad-y-diseno-para-cada-espacio\/#primaryimage"},"thumbnailUrl":"https:\/\/mueblesgora.com.mx\/blog\/wp-content\/uploads\/2025\/03\/Para-Cabecera-Almacenaje.png","datePublished":"2025-03-13T14:15:00+00:00","breadcrumb":{"@id":"https:\/\/mueblesgora.com.mx\/blog\/2025\/03\/13\/mobiliario-de-almacenaje-funcionalidad-y-diseno-para-cada-espacio\/#breadcrumb"},"inLanguage":"es","potentialAction":[{"@type":"ReadAction","target":["https:\/\/mueblesgora.com.mx\/blog\/2025\/03\/13\/mobiliario-de-almacenaje-funcionalidad-y-diseno-para-cada-espacio\/"]}]},{"@type":"ImageObject","inLanguage":"es","@id":"https:\/\/mueblesgora.com.mx\/blog\/2025\/03\/13\/mobiliario-de-almacenaje-funcionalidad-y-diseno-para-cada-espacio\/#primaryimage","url":"https:\/\/mueblesgora.com.mx\/blog\/wp-content\/uploads\/2025\/03\/Para-Cabecera-Almacenaje.png","contentUrl":"https:\/\/mueblesgora.com.mx\/blog\/wp-content\/uploads\/2025\/03\/Para-Cabecera-Almacenaje.png","width":1200,"height":900},{"@type":"BreadcrumbList","@id":"https:\/\/mueblesgora.com.mx\/blog\/2025\/03\/13\/mobiliario-de-almacenaje-funcionalidad-y-diseno-para-cada-espacio\/#breadcrumb","itemListElement":[{"@type":"ListItem","position":1,"name":"Inicio","item":"https:\/\/mueblesgora.com.mx\/blog\/"},{"@type":"ListItem","position":2,"name":"Mobiliario de Almacenaje: Funcionalidad y Dise\u00f1o para Cada Espacio"}]},{"@type":"WebSite","@id":"https:\/\/mueblesgora.com.mx\/blog\/#website","url":"https:\/\/mueblesgora.com.mx\/blog\/","name":"Muebles GORA","description":"Fabricamos tus ideas.","publisher":{"@id":"https:\/\/mueblesgora.com.mx\/blog\/#organization"},"potentialAction":[{"@type":"SearchAction","target":{"@type":"EntryPoint","urlTemplate":"https:\/\/mueblesgora.com.mx\/blog\/?s={search_term_string}"},"query-input":{"@type":"PropertyValueSpecification","valueRequired":true,"valueName":"search_term_string"}}],"inLanguage":"es"},{"@type":"Organization","@id":"https:\/\/mueblesgora.com.mx\/blog\/#organization","name":"Muebles GORA","url":"https:\/\/mueblesgora.com.mx\/blog\/","logo":{"@type":"ImageObject","inLanguage":"es","@id":"https:\/\/mueblesgora.com.mx\/blog\/#\/schema\/logo\/image\/","url":"https:\/\/mueblesgora.com.mx\/blog\/wp-content\/uploads\/2025\/09\/GoraW_64.png","contentUrl":"https:\/\/mueblesgora.com.mx\/blog\/wp-content\/uploads\/2025\/09\/GoraW_64.png","width":373,"height":64,"caption":"Muebles GORA"},"image":{"@id":"https:\/\/mueblesgora.com.mx\/blog\/#\/schema\/logo\/image\/"}},{"@type":"Person","@id":"https:\/\/mueblesgora.com.mx\/blog\/#\/schema\/person\/7eea029d9ac31830dc6248b74753fd0f","name":"Mercedes Arz\u00e1palo","image":{"@type":"ImageObject","inLanguage":"es","@id":"https:\/\/secure.gravatar.com\/avatar\/047acb7b7ffa9f7fda3c2b4fbe6255979271635dddb970075b4fe34906c550ae?s=96&d=mm&r=g","url":"https:\/\/secure.gravatar.com\/avatar\/047acb7b7ffa9f7fda3c2b4fbe6255979271635dddb970075b4fe34906c550ae?s=96&d=mm&r=g","contentUrl":"https:\/\/secure.gravatar.com\/avatar\/047acb7b7ffa9f7fda3c2b4fbe6255979271635dddb970075b4fe34906c550ae?s=96&d=mm&r=g","caption":"Mercedes Arz\u00e1palo"},"url":"https:\/\/mueblesgora.com.mx\/blog\/author\/merarzapalo\/"}]}},"featured_media_urls":{"thumbnail":["https:\/\/mueblesgora.com.mx\/blog\/wp-content\/uploads\/2025\/03\/Para-Cabecera-Almacenaje-150x150.png",150,150,true],"medium":["https:\/\/mueblesgora.com.mx\/blog\/wp-content\/uploads\/2025\/03\/Para-Cabecera-Almacenaje-300x225.png",300,225,true],"medium_large":["https:\/\/mueblesgora.com.mx\/blog\/wp-content\/uploads\/2025\/03\/Para-Cabecera-Almacenaje-768x576.png",768,576,true],"large":["https:\/\/mueblesgora.com.mx\/blog\/wp-content\/uploads\/2025\/03\/Para-Cabecera-Almacenaje-1024x768.png",950,713,true],"1536x1536":["https:\/\/mueblesgora.com.mx\/blog\/wp-content\/uploads\/2025\/03\/Para-Cabecera-Almacenaje.png",1200,900,false],"2048x2048":["https:\/\/mueblesgora.com.mx\/blog\/wp-content\/uploads\/2025\/03\/Para-Cabecera-Almacenaje.png",1200,900,false],"inspiro-featured-image":["https:\/\/mueblesgora.com.mx\/blog\/wp-content\/uploads\/2025\/03\/Para-Cabecera-Almacenaje.png",1200,900,false],"inspiro-loop":["https:\/\/mueblesgora.com.mx\/blog\/wp-content\/uploads\/2025\/03\/Para-Cabecera-Almacenaje-950x320.png",950,320,true],"inspiro-loop@2x":["https:\/\/mueblesgora.com.mx\/blog\/wp-content\/uploads\/2025\/03\/Para-Cabecera-Almacenaje-1200x640.png",1200,640,true],"portfolio_item-thumbnail":["https:\/\/mueblesgora.com.mx\/blog\/wp-content\/uploads\/2025\/03\/Para-Cabecera-Almacenaje-600x400.png",600,400,true],"portfolio_item-thumbnail@2x":["https:\/\/mueblesgora.com.mx\/blog\/wp-content\/uploads\/2025\/03\/Para-Cabecera-Almacenaje-1200x800.png",1200,800,true],"portfolio_item-masonry":["https:\/\/mueblesgora.com.mx\/blog\/wp-content\/uploads\/2025\/03\/Para-Cabecera-Almacenaje-600x450.png",600,450,true],"portfolio_item-masonry@2x":["https:\/\/mueblesgora.com.mx\/blog\/wp-content\/uploads\/2025\/03\/Para-Cabecera-Almacenaje.png",1200,900,false],"portfolio_item-thumbnail_cinema":["https:\/\/mueblesgora.com.mx\/blog\/wp-content\/uploads\/2025\/03\/Para-Cabecera-Almacenaje-800x335.png",800,335,true],"portfolio_item-thumbnail_portrait":["https:\/\/mueblesgora.com.mx\/blog\/wp-content\/uploads\/2025\/03\/Para-Cabecera-Almacenaje-600x900.png",600,900,true],"portfolio_item-thumbnail_portrait@2x":["https:\/\/mueblesgora.com.mx\/blog\/wp-content\/uploads\/2025\/03\/Para-Cabecera-Almacenaje.png",1200,900,false],"portfolio_item-thumbnail_square":["https:\/\/mueblesgora.com.mx\/blog\/wp-content\/uploads\/2025\/03\/Para-Cabecera-Almacenaje-800x800.png",800,800,true]},"_links":{"self":[{"href":"https:\/\/mueblesgora.com.mx\/blog\/wp-json\/wp\/v2\/posts\/314","targetHints":{"allow":["GET"]}}],"collection":[{"href":"https:\/\/mueblesgora.com.mx\/blog\/wp-json\/wp\/v2\/posts"}],"about":[{"href":"https:\/\/mueblesgora.com.mx\/blog\/wp-json\/wp\/v2\/types\/post"}],"author":[{"embeddable":true,"href":"https:\/\/mueblesgora.com.mx\/blog\/wp-json\/wp\/v2\/users\/2"}],"replies":[{"embeddable":true,"href":"https:\/\/mueblesgora.com.mx\/blog\/wp-json\/wp\/v2\/comments?post=314"}],"version-history":[{"count":3,"href":"https:\/\/mueblesgora.com.mx\/blog\/wp-json\/wp\/v2\/posts\/314\/revisions"}],"predecessor-version":[{"id":320,"href":"https:\/\/mueblesgora.com.mx\/blog\/wp-json\/wp\/v2\/posts\/314\/revisions\/320"}],"wp:featuredmedia":[{"embeddable":true,"href":"https:\/\/mueblesgora.com.mx\/blog\/wp-json\/wp\/v2\/media\/317"}],"wp:attachment":[{"href":"https:\/\/mueblesgora.com.mx\/blog\/wp-json\/wp\/v2\/media?parent=314"}],"wp:term":[{"taxonomy":"category","embeddable":true,"href":"https:\/\/mueblesgora.com.mx\/blog\/wp-json\/wp\/v2\/categories?post=314"},{"taxonomy":"post_tag","embeddable":true,"href":"https:\/\/mueblesgora.com.mx\/blog\/wp-json\/wp\/v2\/tags?post=314"}],"curies":[{"name":"wp","href":"https:\/\/api.w.org\/{rel}","templated":true}]}}