{"id":380,"date":"2025-06-02T11:20:01","date_gmt":"2025-06-02T17:20:01","guid":{"rendered":"https:\/\/mueblesgora.com.mx\/blog\/?p=380"},"modified":"2025-06-03T12:51:42","modified_gmt":"2025-06-03T18:51:42","slug":"como-elegir-el-mobiliario-ideal-para-tu-oficina-sin-gastar-de-mas","status":"publish","type":"post","link":"https:\/\/mueblesgora.com.mx\/blog\/2025\/06\/02\/como-elegir-el-mobiliario-ideal-para-tu-oficina-sin-gastar-de-mas\/","title":{"rendered":"\ud83e\ude91 \u00bfC\u00f3mo elegir el mobiliario ideal para tu oficina sin gastar de m\u00e1s?"},"content":{"rendered":"\n<p class=\"has-medium-font-size wp-block-paragraph\">Dise\u00f1ar o renovar una oficina no tiene por qu\u00e9 convertirse en una pesadilla financiera. Elegir el mobiliario correcto es clave para crear espacios funcionales, c\u00f3modos y con buena imagen sin comprometer tu presupuesto.<\/p>\n\n\n\n<p class=\"has-medium-font-size wp-block-paragraph\">En <strong><a href=\"https:\/\/mueblesgora.com.mx\/\">Muebles Gora<\/a><\/strong>, sabemos que cada empresa es distinta, pero todos buscamos lo mismo: <strong>calidad, durabilidad y precio justo<\/strong>. Aqu\u00ed te compartimos una gu\u00eda r\u00e1pida para que tomes decisiones inteligentes al comprar <a href=\"https:\/\/mueblesgora.com.mx\/mobiliario.php?MOBILIARIO=Oficinas\">mobiliario para oficina.<\/a><\/p>\n\n\n\n<h3 class=\"wp-block-heading\">\u2705 1. <strong>Define las necesidades reales de tu espacio<\/strong><\/h3>\n\n\n\n<p class=\"has-medium-font-size wp-block-paragraph\">Antes de comprar, analiza:<\/p>\n\n\n\n<ul class=\"wp-block-list\">\n<li class=\"has-medium-font-size\">\u00bfCu\u00e1ntas personas trabajan ah\u00ed?<\/li>\n\n\n\n<li class=\"has-medium-font-size\">\u00bfQu\u00e9 tareas realizan? (administrativas, creativas, atenci\u00f3n al cliente\u2026)<\/li>\n\n\n\n<li class=\"has-medium-font-size\">\u00bfCu\u00e1nto espacio hay disponible?<\/li>\n<\/ul>\n\n\n\n<p class=\"has-medium-font-size wp-block-paragraph\">No se trata solo de llenar un espacio, sino de <strong>optimizarlo<\/strong>.<\/p>\n\n\n\n<h3 class=\"wp-block-heading\">\ud83e\ude91 2. <strong>Elige mobiliario funcional, no solo bonito<\/strong><\/h3>\n\n\n\n<p class=\"has-medium-font-size wp-block-paragraph\">Un escritorio moderno puede lucir bien, pero si no tiene cajones, cableado oculto o la altura correcta, terminar\u00e1 siendo inc\u00f3modo o poco \u00fatil.<\/p>\n\n\n\n<p class=\"has-medium-font-size wp-block-paragraph\">Busca siempre:<\/p>\n\n\n\n<ul class=\"wp-block-list\">\n<li class=\"has-medium-font-size\"><a href=\"https:\/\/mueblesgora.com.mx\/sillas.php\">Sillas ergon\u00f3micas<\/a><\/li>\n\n\n\n<li class=\"has-medium-font-size\"><a href=\"https:\/\/mueblesgora.com.mx\/mobiliario.php?MOBILIARIO=Oficinas\">Escritorios con almacenaje<\/a><\/li>\n\n\n\n<li class=\"has-medium-font-size\"><a href=\"https:\/\/mueblesgora.com.mx\/mobiliario.php?MOBILIARIO=Industrial\">Archiveros o lockers<\/a> si manejas documentos f\u00edsicos<\/li>\n\n\n\n<li class=\"has-medium-font-size\"><a href=\"https:\/\/mueblesgora.com.mx\/mobiliario.php?MOBILIARIO=Inspirate\">Mesas de juntas<\/a> pr\u00e1cticas si hay reuniones frecuentes<\/li>\n<\/ul>\n\n\n\n<figure class=\"wp-block-image size-large\"><img fetchpriority=\"high\" decoding=\"async\" width=\"1024\" height=\"538\" src=\"https:\/\/mueblesgora.com.mx\/blog\/wp-content\/uploads\/2025\/06\/Para-entrada-sin-gastar-1-1024x538.png\" alt=\"\" class=\"wp-image-383\" srcset=\"https:\/\/mueblesgora.com.mx\/blog\/wp-content\/uploads\/2025\/06\/Para-entrada-sin-gastar-1-1024x538.png 1024w, https:\/\/mueblesgora.com.mx\/blog\/wp-content\/uploads\/2025\/06\/Para-entrada-sin-gastar-1-300x158.png 300w, https:\/\/mueblesgora.com.mx\/blog\/wp-content\/uploads\/2025\/06\/Para-entrada-sin-gastar-1-768x403.png 768w, https:\/\/mueblesgora.com.mx\/blog\/wp-content\/uploads\/2025\/06\/Para-entrada-sin-gastar-1.png 1200w\" sizes=\"(max-width: 1024px) 100vw, 1024px\" \/><\/figure>\n\n\n\n<p class=\"has-medium-font-size wp-block-paragraph\">\ud83d\udc49 <em>En Muebles Gora trabajamos con marcas reconocidas que cumplen con est\u00e1ndares de calidad, dise\u00f1o y durabilidad.<\/em><\/p>\n\n\n\n<h3 class=\"wp-block-heading\">\ud83d\udcb0 3. <strong>Establece un presupuesto\u2026 y aj\u00fastate a \u00e9l<\/strong><\/h3>\n\n\n\n<p class=\"has-medium-font-size wp-block-paragraph\">No necesitas elegir lo m\u00e1s caro para obtener buenos resultados. Muchas veces, una buena asesor\u00eda hace la diferencia entre una compra impulsiva y una inversi\u00f3n inteligente.<\/p>\n\n\n\n<p class=\"has-medium-font-size wp-block-paragraph\"><strong>Tip:<\/strong> Pide una cotizaci\u00f3n completa antes de comprar por partes. Esto te da m\u00e1s control y puedes negociar un mejor trato.<\/p>\n\n\n\n<h3 class=\"wp-block-heading\">\ud83c\udfaf 4. <strong>Piensa en el largo plazo<\/strong><\/h3>\n\n\n\n<p class=\"has-medium-font-size wp-block-paragraph\">Un mueble econ\u00f3mico pero poco resistente termina costando m\u00e1s en reparaciones o reemplazos. Busca materiales de buena calidad como:<\/p>\n\n\n\n<ul class=\"wp-block-list\">\n<li class=\"has-medium-font-size\">Laminados de alta presi\u00f3n<\/li>\n\n\n\n<li class=\"has-medium-font-size\">Acero con pintura electrost\u00e1tica<\/li>\n\n\n\n<li class=\"has-medium-font-size\">Tapices resistentes<\/li>\n<\/ul>\n\n\n\n<figure class=\"wp-block-image size-large\"><img decoding=\"async\" width=\"1024\" height=\"538\" src=\"https:\/\/mueblesgora.com.mx\/blog\/wp-content\/uploads\/2025\/06\/Para-entrada-sin-gastar-3-1024x538.png\" alt=\"\" class=\"wp-image-384\" srcset=\"https:\/\/mueblesgora.com.mx\/blog\/wp-content\/uploads\/2025\/06\/Para-entrada-sin-gastar-3-1024x538.png 1024w, https:\/\/mueblesgora.com.mx\/blog\/wp-content\/uploads\/2025\/06\/Para-entrada-sin-gastar-3-300x158.png 300w, https:\/\/mueblesgora.com.mx\/blog\/wp-content\/uploads\/2025\/06\/Para-entrada-sin-gastar-3-768x403.png 768w, https:\/\/mueblesgora.com.mx\/blog\/wp-content\/uploads\/2025\/06\/Para-entrada-sin-gastar-3.png 1200w\" sizes=\"(max-width: 1024px) 100vw, 1024px\" \/><\/figure>\n\n\n\n<p class=\"has-medium-font-size wp-block-paragraph\"><strong>Invertir en durabilidad es ahorrar en el futuro.<\/strong><\/p>\n\n\n\n<h3 class=\"wp-block-heading\">\ud83d\udccf 5. <strong>Considera la imagen que quieres proyectar<\/strong><\/h3>\n\n\n\n<p class=\"has-medium-font-size wp-block-paragraph\">Tu mobiliario tambi\u00e9n comunica. \u00bfTu empresa es formal, creativa, juvenil o industrial? Hay opciones para cada estilo, sin necesidad de hacer una gran inversi\u00f3n.<\/p>\n\n\n\n<p class=\"has-medium-font-size wp-block-paragraph\">Un espacio bien equipado mejora la experiencia del cliente, pero tambi\u00e9n <strong>motiva y retiene talento interno.<\/strong><\/p>\n\n\n\n<h3 class=\"wp-block-heading\">\ud83e\udde0 En resumen\u2026<\/h3>\n\n\n\n<p class=\"has-medium-font-size wp-block-paragraph\">Elegir el mobiliario ideal no es cuesti\u00f3n de suerte, sino de planificaci\u00f3n. Con las preguntas correctas, una buena asesor\u00eda y marcas confiables, puedes transformar tu oficina sin exceder tu presupuesto.<\/p>\n\n\n\n<figure class=\"wp-block-image size-large\"><img decoding=\"async\" width=\"1024\" height=\"538\" src=\"https:\/\/mueblesgora.com.mx\/blog\/wp-content\/uploads\/2025\/06\/Para-entrada-sin-gastar-4-1024x538.png\" alt=\"\" class=\"wp-image-385\" srcset=\"https:\/\/mueblesgora.com.mx\/blog\/wp-content\/uploads\/2025\/06\/Para-entrada-sin-gastar-4-1024x538.png 1024w, https:\/\/mueblesgora.com.mx\/blog\/wp-content\/uploads\/2025\/06\/Para-entrada-sin-gastar-4-300x158.png 300w, https:\/\/mueblesgora.com.mx\/blog\/wp-content\/uploads\/2025\/06\/Para-entrada-sin-gastar-4-768x403.png 768w, https:\/\/mueblesgora.com.mx\/blog\/wp-content\/uploads\/2025\/06\/Para-entrada-sin-gastar-4.png 1200w\" sizes=\"(max-width: 1024px) 100vw, 1024px\" \/><\/figure>\n\n\n\n<h3 class=\"wp-block-heading\">\ud83d\udcde \u00bfListo para cotizar o recibir asesor\u00eda?<\/h3>\n\n\n\n<p class=\"has-medium-font-size wp-block-paragraph\">En <strong><a href=\"https:\/\/mueblesgora.com.mx\/index.php\">Muebles Gora<\/a><\/strong>, te ayudamos a elegir la mejor opci\u00f3n para tu empresa, con propuestas personalizadas y mobiliario para oficinas, escuelas, restaurantes, industria y uso residencial.<\/p>\n\n\n\n<p class=\"has-medium-font-size wp-block-paragraph\">\u27a1\ufe0f <strong><a href=\"https:\/\/mueblesgora.com.mx\/index.php\">Visita nuestro sitio web <\/a>o <a href=\"https:\/\/api.whatsapp.com\/send?phone=5219992247700&amp;text=Quisiera%20asesor%C3%ADa%20sobre%20mobiliario%20%C2%BFPodr%C3%ADas%20ayudarme%3F\">cont\u00e1ctanos<\/a> directamente para comenzar tu proyecto.<\/strong><\/p>\n\n\n\n<p class=\"wp-block-paragraph\"><\/p>\n","protected":false},"excerpt":{"rendered":"<p>Dise\u00f1ar o renovar una oficina no tiene por qu\u00e9 convertirse en una pesadilla financiera. Elegir el mobiliario correcto es clave para crear espacios funcionales, c\u00f3modos y con buena imagen sin comprometer tu presupuesto. En Muebles Gora, sabemos que cada empresa es distinta, pero todos buscamos lo mismo: calidad, durabilidad y precio justo. Aqu\u00ed te compartimos &hellip; <\/p>\n<p class=\"link-more\"><a href=\"https:\/\/mueblesgora.com.mx\/blog\/2025\/06\/02\/como-elegir-el-mobiliario-ideal-para-tu-oficina-sin-gastar-de-mas\/\" class=\"more-link\">Leer m\u00e1s<span class=\"screen-reader-text\"> \u00ab\ud83e\ude91 \u00bfC\u00f3mo elegir el mobiliario ideal para tu oficina sin gastar de m\u00e1s?\u00bb<\/span><\/a><\/p>\n","protected":false},"author":2,"featured_media":382,"comment_status":"open","ping_status":"closed","sticky":false,"template":"","format":"standard","meta":{"footnotes":""},"categories":[5,56,4],"tags":[143,10,50,82,144,141,140,25,142,32,145,33],"class_list":["post-380","post","type-post","status-publish","format-standard","has-post-thumbnail","hentry","category-diseno-de-oficinas","category-mobiliario","category-oficinas","tag-almacenaje","tag-diseno-de-oficinas","tag-interiorismo-oficinas","tag-lockers","tag-mesas-de-juntas","tag-mobiliario-de-calidad","tag-mobiliario-economico","tag-mobiliario-en-merida","tag-mobiliario-funcional","tag-oficinas-merida","tag-presupuesto-oficinas","tag-sillas-ergonomicas"],"yoast_head":"<!-- This site is optimized with the Yoast SEO plugin v27.3 - https:\/\/yoast.com\/product\/yoast-seo-wordpress\/ -->\n<title>\ud83e\ude91 \u00bfC\u00f3mo elegir el mobiliario ideal para tu oficina sin gastar de m\u00e1s? - Muebles GORA<\/title>\n<meta name=\"robots\" content=\"index, follow, max-snippet:-1, max-image-preview:large, max-video-preview:-1\" \/>\n<link rel=\"canonical\" href=\"https:\/\/mueblesgora.com.mx\/blog\/2025\/06\/02\/como-elegir-el-mobiliario-ideal-para-tu-oficina-sin-gastar-de-mas\/\" \/>\n<meta property=\"og:locale\" content=\"es_MX\" \/>\n<meta property=\"og:type\" content=\"article\" \/>\n<meta property=\"og:title\" content=\"\ud83e\ude91 \u00bfC\u00f3mo elegir el mobiliario ideal para tu oficina sin gastar de m\u00e1s? - Muebles GORA\" \/>\n<meta property=\"og:description\" content=\"Dise\u00f1ar o renovar una oficina no tiene por qu\u00e9 convertirse en una pesadilla financiera. Elegir el mobiliario correcto es clave para crear espacios funcionales, c\u00f3modos y con buena imagen sin comprometer tu presupuesto. En Muebles Gora, sabemos que cada empresa es distinta, pero todos buscamos lo mismo: calidad, durabilidad y precio justo. Aqu\u00ed te compartimos &hellip; Leer m\u00e1s \u00ab\ud83e\ude91 \u00bfC\u00f3mo elegir el mobiliario ideal para tu oficina sin gastar de m\u00e1s?\u00bb\" \/>\n<meta property=\"og:url\" content=\"https:\/\/mueblesgora.com.mx\/blog\/2025\/06\/02\/como-elegir-el-mobiliario-ideal-para-tu-oficina-sin-gastar-de-mas\/\" \/>\n<meta property=\"og:site_name\" content=\"Muebles GORA\" \/>\n<meta property=\"article:published_time\" content=\"2025-06-02T17:20:01+00:00\" \/>\n<meta property=\"article:modified_time\" content=\"2025-06-03T18:51:42+00:00\" \/>\n<meta property=\"og:image\" content=\"https:\/\/mueblesgora.com.mx\/blog\/wp-content\/uploads\/2025\/05\/Para-Cabecera-Sin-gastar.png\" \/>\n\t<meta property=\"og:image:width\" content=\"1200\" \/>\n\t<meta property=\"og:image:height\" content=\"900\" \/>\n\t<meta property=\"og:image:type\" content=\"image\/png\" \/>\n<meta name=\"author\" content=\"Mercedes Arz\u00e1palo\" \/>\n<meta name=\"twitter:card\" content=\"summary_large_image\" \/>\n<meta name=\"twitter:label1\" content=\"Escrito por\" \/>\n\t<meta name=\"twitter:data1\" content=\"Mercedes Arz\u00e1palo\" \/>\n\t<meta name=\"twitter:label2\" content=\"Tiempo de lectura\" \/>\n\t<meta name=\"twitter:data2\" content=\"2 minutos\" \/>\n<script type=\"application\/ld+json\" class=\"yoast-schema-graph\">{\"@context\":\"https:\\\/\\\/schema.org\",\"@graph\":[{\"@type\":\"Article\",\"@id\":\"https:\\\/\\\/mueblesgora.com.mx\\\/blog\\\/2025\\\/06\\\/02\\\/como-elegir-el-mobiliario-ideal-para-tu-oficina-sin-gastar-de-mas\\\/#article\",\"isPartOf\":{\"@id\":\"https:\\\/\\\/mueblesgora.com.mx\\\/blog\\\/2025\\\/06\\\/02\\\/como-elegir-el-mobiliario-ideal-para-tu-oficina-sin-gastar-de-mas\\\/\"},\"author\":{\"name\":\"Mercedes Arz\u00e1palo\",\"@id\":\"https:\\\/\\\/mueblesgora.com.mx\\\/blog\\\/#\\\/schema\\\/person\\\/7eea029d9ac31830dc6248b74753fd0f\"},\"headline\":\"\ud83e\ude91 \u00bfC\u00f3mo elegir el mobiliario ideal para tu oficina sin gastar de m\u00e1s?\",\"datePublished\":\"2025-06-02T17:20:01+00:00\",\"dateModified\":\"2025-06-03T18:51:42+00:00\",\"mainEntityOfPage\":{\"@id\":\"https:\\\/\\\/mueblesgora.com.mx\\\/blog\\\/2025\\\/06\\\/02\\\/como-elegir-el-mobiliario-ideal-para-tu-oficina-sin-gastar-de-mas\\\/\"},\"wordCount\":436,\"commentCount\":0,\"publisher\":{\"@id\":\"https:\\\/\\\/mueblesgora.com.mx\\\/blog\\\/#organization\"},\"image\":{\"@id\":\"https:\\\/\\\/mueblesgora.com.mx\\\/blog\\\/2025\\\/06\\\/02\\\/como-elegir-el-mobiliario-ideal-para-tu-oficina-sin-gastar-de-mas\\\/#primaryimage\"},\"thumbnailUrl\":\"https:\\\/\\\/mueblesgora.com.mx\\\/blog\\\/wp-content\\\/uploads\\\/2025\\\/05\\\/Para-Cabecera-Sin-gastar.png\",\"keywords\":[\"Almacenaje\",\"Dise\u00f1o de oficinas\",\"Interiorismo Oficinas\",\"Lockers\",\"Mesas de juntas\",\"Mobiliario de Calidad\",\"Mobiliario Econ\u00f3mico\",\"Mobiliario en M\u00e9rida\",\"Mobiliario Funcional\",\"Oficinas M\u00e9rida\",\"Presupuesto Oficinas\",\"Sillas ergon\u00f3micas\"],\"articleSection\":[\"Dise\u00f1o de Oficinas\",\"Mobiliario\",\"Oficinas\"],\"inLanguage\":\"es\",\"potentialAction\":[{\"@type\":\"CommentAction\",\"name\":\"Comment\",\"target\":[\"https:\\\/\\\/mueblesgora.com.mx\\\/blog\\\/2025\\\/06\\\/02\\\/como-elegir-el-mobiliario-ideal-para-tu-oficina-sin-gastar-de-mas\\\/#respond\"]}]},{\"@type\":\"WebPage\",\"@id\":\"https:\\\/\\\/mueblesgora.com.mx\\\/blog\\\/2025\\\/06\\\/02\\\/como-elegir-el-mobiliario-ideal-para-tu-oficina-sin-gastar-de-mas\\\/\",\"url\":\"https:\\\/\\\/mueblesgora.com.mx\\\/blog\\\/2025\\\/06\\\/02\\\/como-elegir-el-mobiliario-ideal-para-tu-oficina-sin-gastar-de-mas\\\/\",\"name\":\"\ud83e\ude91 \u00bfC\u00f3mo elegir el mobiliario ideal para tu oficina sin gastar de m\u00e1s? - Muebles GORA\",\"isPartOf\":{\"@id\":\"https:\\\/\\\/mueblesgora.com.mx\\\/blog\\\/#website\"},\"primaryImageOfPage\":{\"@id\":\"https:\\\/\\\/mueblesgora.com.mx\\\/blog\\\/2025\\\/06\\\/02\\\/como-elegir-el-mobiliario-ideal-para-tu-oficina-sin-gastar-de-mas\\\/#primaryimage\"},\"image\":{\"@id\":\"https:\\\/\\\/mueblesgora.com.mx\\\/blog\\\/2025\\\/06\\\/02\\\/como-elegir-el-mobiliario-ideal-para-tu-oficina-sin-gastar-de-mas\\\/#primaryimage\"},\"thumbnailUrl\":\"https:\\\/\\\/mueblesgora.com.mx\\\/blog\\\/wp-content\\\/uploads\\\/2025\\\/05\\\/Para-Cabecera-Sin-gastar.png\",\"datePublished\":\"2025-06-02T17:20:01+00:00\",\"dateModified\":\"2025-06-03T18:51:42+00:00\",\"breadcrumb\":{\"@id\":\"https:\\\/\\\/mueblesgora.com.mx\\\/blog\\\/2025\\\/06\\\/02\\\/como-elegir-el-mobiliario-ideal-para-tu-oficina-sin-gastar-de-mas\\\/#breadcrumb\"},\"inLanguage\":\"es\",\"potentialAction\":[{\"@type\":\"ReadAction\",\"target\":[\"https:\\\/\\\/mueblesgora.com.mx\\\/blog\\\/2025\\\/06\\\/02\\\/como-elegir-el-mobiliario-ideal-para-tu-oficina-sin-gastar-de-mas\\\/\"]}]},{\"@type\":\"ImageObject\",\"inLanguage\":\"es\",\"@id\":\"https:\\\/\\\/mueblesgora.com.mx\\\/blog\\\/2025\\\/06\\\/02\\\/como-elegir-el-mobiliario-ideal-para-tu-oficina-sin-gastar-de-mas\\\/#primaryimage\",\"url\":\"https:\\\/\\\/mueblesgora.com.mx\\\/blog\\\/wp-content\\\/uploads\\\/2025\\\/05\\\/Para-Cabecera-Sin-gastar.png\",\"contentUrl\":\"https:\\\/\\\/mueblesgora.com.mx\\\/blog\\\/wp-content\\\/uploads\\\/2025\\\/05\\\/Para-Cabecera-Sin-gastar.png\",\"width\":1200,\"height\":900},{\"@type\":\"BreadcrumbList\",\"@id\":\"https:\\\/\\\/mueblesgora.com.mx\\\/blog\\\/2025\\\/06\\\/02\\\/como-elegir-el-mobiliario-ideal-para-tu-oficina-sin-gastar-de-mas\\\/#breadcrumb\",\"itemListElement\":[{\"@type\":\"ListItem\",\"position\":1,\"name\":\"Inicio\",\"item\":\"https:\\\/\\\/mueblesgora.com.mx\\\/blog\\\/\"},{\"@type\":\"ListItem\",\"position\":2,\"name\":\"\ud83e\ude91 \u00bfC\u00f3mo elegir el mobiliario ideal para tu oficina sin gastar de m\u00e1s?\"}]},{\"@type\":\"WebSite\",\"@id\":\"https:\\\/\\\/mueblesgora.com.mx\\\/blog\\\/#website\",\"url\":\"https:\\\/\\\/mueblesgora.com.mx\\\/blog\\\/\",\"name\":\"Muebles GORA\",\"description\":\"Fabricamos tus ideas.\",\"publisher\":{\"@id\":\"https:\\\/\\\/mueblesgora.com.mx\\\/blog\\\/#organization\"},\"potentialAction\":[{\"@type\":\"SearchAction\",\"target\":{\"@type\":\"EntryPoint\",\"urlTemplate\":\"https:\\\/\\\/mueblesgora.com.mx\\\/blog\\\/?s={search_term_string}\"},\"query-input\":{\"@type\":\"PropertyValueSpecification\",\"valueRequired\":true,\"valueName\":\"search_term_string\"}}],\"inLanguage\":\"es\"},{\"@type\":\"Organization\",\"@id\":\"https:\\\/\\\/mueblesgora.com.mx\\\/blog\\\/#organization\",\"name\":\"Muebles GORA\",\"url\":\"https:\\\/\\\/mueblesgora.com.mx\\\/blog\\\/\",\"logo\":{\"@type\":\"ImageObject\",\"inLanguage\":\"es\",\"@id\":\"https:\\\/\\\/mueblesgora.com.mx\\\/blog\\\/#\\\/schema\\\/logo\\\/image\\\/\",\"url\":\"https:\\\/\\\/mueblesgora.com.mx\\\/blog\\\/wp-content\\\/uploads\\\/2025\\\/09\\\/GoraW_64.png\",\"contentUrl\":\"https:\\\/\\\/mueblesgora.com.mx\\\/blog\\\/wp-content\\\/uploads\\\/2025\\\/09\\\/GoraW_64.png\",\"width\":373,\"height\":64,\"caption\":\"Muebles GORA\"},\"image\":{\"@id\":\"https:\\\/\\\/mueblesgora.com.mx\\\/blog\\\/#\\\/schema\\\/logo\\\/image\\\/\"}},{\"@type\":\"Person\",\"@id\":\"https:\\\/\\\/mueblesgora.com.mx\\\/blog\\\/#\\\/schema\\\/person\\\/7eea029d9ac31830dc6248b74753fd0f\",\"name\":\"Mercedes Arz\u00e1palo\",\"image\":{\"@type\":\"ImageObject\",\"inLanguage\":\"es\",\"@id\":\"https:\\\/\\\/secure.gravatar.com\\\/avatar\\\/047acb7b7ffa9f7fda3c2b4fbe6255979271635dddb970075b4fe34906c550ae?s=96&d=mm&r=g\",\"url\":\"https:\\\/\\\/secure.gravatar.com\\\/avatar\\\/047acb7b7ffa9f7fda3c2b4fbe6255979271635dddb970075b4fe34906c550ae?s=96&d=mm&r=g\",\"contentUrl\":\"https:\\\/\\\/secure.gravatar.com\\\/avatar\\\/047acb7b7ffa9f7fda3c2b4fbe6255979271635dddb970075b4fe34906c550ae?s=96&d=mm&r=g\",\"caption\":\"Mercedes Arz\u00e1palo\"},\"url\":\"https:\\\/\\\/mueblesgora.com.mx\\\/blog\\\/author\\\/merarzapalo\\\/\"}]}<\/script>\n<!-- \/ Yoast SEO plugin. -->","yoast_head_json":{"title":"\ud83e\ude91 \u00bfC\u00f3mo elegir el mobiliario ideal para tu oficina sin gastar de m\u00e1s? - Muebles GORA","robots":{"index":"index","follow":"follow","max-snippet":"max-snippet:-1","max-image-preview":"max-image-preview:large","max-video-preview":"max-video-preview:-1"},"canonical":"https:\/\/mueblesgora.com.mx\/blog\/2025\/06\/02\/como-elegir-el-mobiliario-ideal-para-tu-oficina-sin-gastar-de-mas\/","og_locale":"es_MX","og_type":"article","og_title":"\ud83e\ude91 \u00bfC\u00f3mo elegir el mobiliario ideal para tu oficina sin gastar de m\u00e1s? - Muebles GORA","og_description":"Dise\u00f1ar o renovar una oficina no tiene por qu\u00e9 convertirse en una pesadilla financiera. Elegir el mobiliario correcto es clave para crear espacios funcionales, c\u00f3modos y con buena imagen sin comprometer tu presupuesto. En Muebles Gora, sabemos que cada empresa es distinta, pero todos buscamos lo mismo: calidad, durabilidad y precio justo. Aqu\u00ed te compartimos &hellip; Leer m\u00e1s \u00ab\ud83e\ude91 \u00bfC\u00f3mo elegir el mobiliario ideal para tu oficina sin gastar de m\u00e1s?\u00bb","og_url":"https:\/\/mueblesgora.com.mx\/blog\/2025\/06\/02\/como-elegir-el-mobiliario-ideal-para-tu-oficina-sin-gastar-de-mas\/","og_site_name":"Muebles GORA","article_published_time":"2025-06-02T17:20:01+00:00","article_modified_time":"2025-06-03T18:51:42+00:00","og_image":[{"width":1200,"height":900,"url":"https:\/\/mueblesgora.com.mx\/blog\/wp-content\/uploads\/2025\/05\/Para-Cabecera-Sin-gastar.png","type":"image\/png"}],"author":"Mercedes Arz\u00e1palo","twitter_card":"summary_large_image","twitter_misc":{"Escrito por":"Mercedes Arz\u00e1palo","Tiempo de lectura":"2 minutos"},"schema":{"@context":"https:\/\/schema.org","@graph":[{"@type":"Article","@id":"https:\/\/mueblesgora.com.mx\/blog\/2025\/06\/02\/como-elegir-el-mobiliario-ideal-para-tu-oficina-sin-gastar-de-mas\/#article","isPartOf":{"@id":"https:\/\/mueblesgora.com.mx\/blog\/2025\/06\/02\/como-elegir-el-mobiliario-ideal-para-tu-oficina-sin-gastar-de-mas\/"},"author":{"name":"Mercedes Arz\u00e1palo","@id":"https:\/\/mueblesgora.com.mx\/blog\/#\/schema\/person\/7eea029d9ac31830dc6248b74753fd0f"},"headline":"\ud83e\ude91 \u00bfC\u00f3mo elegir el mobiliario ideal para tu oficina sin gastar de m\u00e1s?","datePublished":"2025-06-02T17:20:01+00:00","dateModified":"2025-06-03T18:51:42+00:00","mainEntityOfPage":{"@id":"https:\/\/mueblesgora.com.mx\/blog\/2025\/06\/02\/como-elegir-el-mobiliario-ideal-para-tu-oficina-sin-gastar-de-mas\/"},"wordCount":436,"commentCount":0,"publisher":{"@id":"https:\/\/mueblesgora.com.mx\/blog\/#organization"},"image":{"@id":"https:\/\/mueblesgora.com.mx\/blog\/2025\/06\/02\/como-elegir-el-mobiliario-ideal-para-tu-oficina-sin-gastar-de-mas\/#primaryimage"},"thumbnailUrl":"https:\/\/mueblesgora.com.mx\/blog\/wp-content\/uploads\/2025\/05\/Para-Cabecera-Sin-gastar.png","keywords":["Almacenaje","Dise\u00f1o de oficinas","Interiorismo Oficinas","Lockers","Mesas de juntas","Mobiliario de Calidad","Mobiliario Econ\u00f3mico","Mobiliario en M\u00e9rida","Mobiliario Funcional","Oficinas M\u00e9rida","Presupuesto Oficinas","Sillas ergon\u00f3micas"],"articleSection":["Dise\u00f1o de Oficinas","Mobiliario","Oficinas"],"inLanguage":"es","potentialAction":[{"@type":"CommentAction","name":"Comment","target":["https:\/\/mueblesgora.com.mx\/blog\/2025\/06\/02\/como-elegir-el-mobiliario-ideal-para-tu-oficina-sin-gastar-de-mas\/#respond"]}]},{"@type":"WebPage","@id":"https:\/\/mueblesgora.com.mx\/blog\/2025\/06\/02\/como-elegir-el-mobiliario-ideal-para-tu-oficina-sin-gastar-de-mas\/","url":"https:\/\/mueblesgora.com.mx\/blog\/2025\/06\/02\/como-elegir-el-mobiliario-ideal-para-tu-oficina-sin-gastar-de-mas\/","name":"\ud83e\ude91 \u00bfC\u00f3mo elegir el mobiliario ideal para tu oficina sin gastar de m\u00e1s? - Muebles GORA","isPartOf":{"@id":"https:\/\/mueblesgora.com.mx\/blog\/#website"},"primaryImageOfPage":{"@id":"https:\/\/mueblesgora.com.mx\/blog\/2025\/06\/02\/como-elegir-el-mobiliario-ideal-para-tu-oficina-sin-gastar-de-mas\/#primaryimage"},"image":{"@id":"https:\/\/mueblesgora.com.mx\/blog\/2025\/06\/02\/como-elegir-el-mobiliario-ideal-para-tu-oficina-sin-gastar-de-mas\/#primaryimage"},"thumbnailUrl":"https:\/\/mueblesgora.com.mx\/blog\/wp-content\/uploads\/2025\/05\/Para-Cabecera-Sin-gastar.png","datePublished":"2025-06-02T17:20:01+00:00","dateModified":"2025-06-03T18:51:42+00:00","breadcrumb":{"@id":"https:\/\/mueblesgora.com.mx\/blog\/2025\/06\/02\/como-elegir-el-mobiliario-ideal-para-tu-oficina-sin-gastar-de-mas\/#breadcrumb"},"inLanguage":"es","potentialAction":[{"@type":"ReadAction","target":["https:\/\/mueblesgora.com.mx\/blog\/2025\/06\/02\/como-elegir-el-mobiliario-ideal-para-tu-oficina-sin-gastar-de-mas\/"]}]},{"@type":"ImageObject","inLanguage":"es","@id":"https:\/\/mueblesgora.com.mx\/blog\/2025\/06\/02\/como-elegir-el-mobiliario-ideal-para-tu-oficina-sin-gastar-de-mas\/#primaryimage","url":"https:\/\/mueblesgora.com.mx\/blog\/wp-content\/uploads\/2025\/05\/Para-Cabecera-Sin-gastar.png","contentUrl":"https:\/\/mueblesgora.com.mx\/blog\/wp-content\/uploads\/2025\/05\/Para-Cabecera-Sin-gastar.png","width":1200,"height":900},{"@type":"BreadcrumbList","@id":"https:\/\/mueblesgora.com.mx\/blog\/2025\/06\/02\/como-elegir-el-mobiliario-ideal-para-tu-oficina-sin-gastar-de-mas\/#breadcrumb","itemListElement":[{"@type":"ListItem","position":1,"name":"Inicio","item":"https:\/\/mueblesgora.com.mx\/blog\/"},{"@type":"ListItem","position":2,"name":"\ud83e\ude91 \u00bfC\u00f3mo elegir el mobiliario ideal para tu oficina sin gastar de m\u00e1s?"}]},{"@type":"WebSite","@id":"https:\/\/mueblesgora.com.mx\/blog\/#website","url":"https:\/\/mueblesgora.com.mx\/blog\/","name":"Muebles GORA","description":"Fabricamos tus ideas.","publisher":{"@id":"https:\/\/mueblesgora.com.mx\/blog\/#organization"},"potentialAction":[{"@type":"SearchAction","target":{"@type":"EntryPoint","urlTemplate":"https:\/\/mueblesgora.com.mx\/blog\/?s={search_term_string}"},"query-input":{"@type":"PropertyValueSpecification","valueRequired":true,"valueName":"search_term_string"}}],"inLanguage":"es"},{"@type":"Organization","@id":"https:\/\/mueblesgora.com.mx\/blog\/#organization","name":"Muebles GORA","url":"https:\/\/mueblesgora.com.mx\/blog\/","logo":{"@type":"ImageObject","inLanguage":"es","@id":"https:\/\/mueblesgora.com.mx\/blog\/#\/schema\/logo\/image\/","url":"https:\/\/mueblesgora.com.mx\/blog\/wp-content\/uploads\/2025\/09\/GoraW_64.png","contentUrl":"https:\/\/mueblesgora.com.mx\/blog\/wp-content\/uploads\/2025\/09\/GoraW_64.png","width":373,"height":64,"caption":"Muebles GORA"},"image":{"@id":"https:\/\/mueblesgora.com.mx\/blog\/#\/schema\/logo\/image\/"}},{"@type":"Person","@id":"https:\/\/mueblesgora.com.mx\/blog\/#\/schema\/person\/7eea029d9ac31830dc6248b74753fd0f","name":"Mercedes Arz\u00e1palo","image":{"@type":"ImageObject","inLanguage":"es","@id":"https:\/\/secure.gravatar.com\/avatar\/047acb7b7ffa9f7fda3c2b4fbe6255979271635dddb970075b4fe34906c550ae?s=96&d=mm&r=g","url":"https:\/\/secure.gravatar.com\/avatar\/047acb7b7ffa9f7fda3c2b4fbe6255979271635dddb970075b4fe34906c550ae?s=96&d=mm&r=g","contentUrl":"https:\/\/secure.gravatar.com\/avatar\/047acb7b7ffa9f7fda3c2b4fbe6255979271635dddb970075b4fe34906c550ae?s=96&d=mm&r=g","caption":"Mercedes Arz\u00e1palo"},"url":"https:\/\/mueblesgora.com.mx\/blog\/author\/merarzapalo\/"}]}},"featured_media_urls":{"thumbnail":["https:\/\/mueblesgora.com.mx\/blog\/wp-content\/uploads\/2025\/05\/Para-Cabecera-Sin-gastar-150x150.png",150,150,true],"medium":["https:\/\/mueblesgora.com.mx\/blog\/wp-content\/uploads\/2025\/05\/Para-Cabecera-Sin-gastar-300x225.png",300,225,true],"medium_large":["https:\/\/mueblesgora.com.mx\/blog\/wp-content\/uploads\/2025\/05\/Para-Cabecera-Sin-gastar-768x576.png",768,576,true],"large":["https:\/\/mueblesgora.com.mx\/blog\/wp-content\/uploads\/2025\/05\/Para-Cabecera-Sin-gastar-1024x768.png",950,713,true],"1536x1536":["https:\/\/mueblesgora.com.mx\/blog\/wp-content\/uploads\/2025\/05\/Para-Cabecera-Sin-gastar.png",1200,900,false],"2048x2048":["https:\/\/mueblesgora.com.mx\/blog\/wp-content\/uploads\/2025\/05\/Para-Cabecera-Sin-gastar.png",1200,900,false],"inspiro-featured-image":["https:\/\/mueblesgora.com.mx\/blog\/wp-content\/uploads\/2025\/05\/Para-Cabecera-Sin-gastar.png",1200,900,false],"inspiro-loop":["https:\/\/mueblesgora.com.mx\/blog\/wp-content\/uploads\/2025\/05\/Para-Cabecera-Sin-gastar-950x320.png",950,320,true],"inspiro-loop@2x":["https:\/\/mueblesgora.com.mx\/blog\/wp-content\/uploads\/2025\/05\/Para-Cabecera-Sin-gastar-1200x640.png",1200,640,true],"portfolio_item-thumbnail":["https:\/\/mueblesgora.com.mx\/blog\/wp-content\/uploads\/2025\/05\/Para-Cabecera-Sin-gastar-600x400.png",600,400,true],"portfolio_item-thumbnail@2x":["https:\/\/mueblesgora.com.mx\/blog\/wp-content\/uploads\/2025\/05\/Para-Cabecera-Sin-gastar-1200x800.png",1200,800,true],"portfolio_item-masonry":["https:\/\/mueblesgora.com.mx\/blog\/wp-content\/uploads\/2025\/05\/Para-Cabecera-Sin-gastar-600x450.png",600,450,true],"portfolio_item-masonry@2x":["https:\/\/mueblesgora.com.mx\/blog\/wp-content\/uploads\/2025\/05\/Para-Cabecera-Sin-gastar.png",1200,900,false],"portfolio_item-thumbnail_cinema":["https:\/\/mueblesgora.com.mx\/blog\/wp-content\/uploads\/2025\/05\/Para-Cabecera-Sin-gastar-800x335.png",800,335,true],"portfolio_item-thumbnail_portrait":["https:\/\/mueblesgora.com.mx\/blog\/wp-content\/uploads\/2025\/05\/Para-Cabecera-Sin-gastar-600x900.png",600,900,true],"portfolio_item-thumbnail_portrait@2x":["https:\/\/mueblesgora.com.mx\/blog\/wp-content\/uploads\/2025\/05\/Para-Cabecera-Sin-gastar.png",1200,900,false],"portfolio_item-thumbnail_square":["https:\/\/mueblesgora.com.mx\/blog\/wp-content\/uploads\/2025\/05\/Para-Cabecera-Sin-gastar-800x800.png",800,800,true]},"_links":{"self":[{"href":"https:\/\/mueblesgora.com.mx\/blog\/wp-json\/wp\/v2\/posts\/380","targetHints":{"allow":["GET"]}}],"collection":[{"href":"https:\/\/mueblesgora.com.mx\/blog\/wp-json\/wp\/v2\/posts"}],"about":[{"href":"https:\/\/mueblesgora.com.mx\/blog\/wp-json\/wp\/v2\/types\/post"}],"author":[{"embeddable":true,"href":"https:\/\/mueblesgora.com.mx\/blog\/wp-json\/wp\/v2\/users\/2"}],"replies":[{"embeddable":true,"href":"https:\/\/mueblesgora.com.mx\/blog\/wp-json\/wp\/v2\/comments?post=380"}],"version-history":[{"count":2,"href":"https:\/\/mueblesgora.com.mx\/blog\/wp-json\/wp\/v2\/posts\/380\/revisions"}],"predecessor-version":[{"id":386,"href":"https:\/\/mueblesgora.com.mx\/blog\/wp-json\/wp\/v2\/posts\/380\/revisions\/386"}],"wp:featuredmedia":[{"embeddable":true,"href":"https:\/\/mueblesgora.com.mx\/blog\/wp-json\/wp\/v2\/media\/382"}],"wp:attachment":[{"href":"https:\/\/mueblesgora.com.mx\/blog\/wp-json\/wp\/v2\/media?parent=380"}],"wp:term":[{"taxonomy":"category","embeddable":true,"href":"https:\/\/mueblesgora.com.mx\/blog\/wp-json\/wp\/v2\/categories?post=380"},{"taxonomy":"post_tag","embeddable":true,"href":"https:\/\/mueblesgora.com.mx\/blog\/wp-json\/wp\/v2\/tags?post=380"}],"curies":[{"name":"wp","href":"https:\/\/api.w.org\/{rel}","templated":true}]}}