{"id":451,"date":"2025-07-25T07:30:00","date_gmt":"2025-07-25T13:30:00","guid":{"rendered":"https:\/\/mueblesgora.com.mx\/blog\/?p=451"},"modified":"2025-07-24T16:23:12","modified_gmt":"2025-07-24T22:23:12","slug":"diseno-bonito-o-resistente-ambos","status":"publish","type":"post","link":"https:\/\/mueblesgora.com.mx\/blog\/2025\/07\/25\/diseno-bonito-o-resistente-ambos\/","title":{"rendered":"\ud83e\ude91 \u00bfDise\u00f1o bonito o resistente? \u00a1Ambos!"},"content":{"rendered":"\n<h2 class=\"wp-block-heading\">\u274c El mito de que lo resistente no puede ser bonito<\/h2>\n\n\n\n<p class=\"has-medium-font-size wp-block-paragraph\">Durante mucho tiempo, lo resistente se asoci\u00f3 con lo tosco o industrial. Pero los avances en materiales, acabados y procesos permiten que el mobiliario actual combine una <strong>estructura s\u00f3lida con dise\u00f1o contempor\u00e1neo<\/strong> \ud83e\udde9<\/p>\n\n\n\n<p class=\"has-medium-font-size wp-block-paragraph\">Hay <a href=\"https:\/\/mueblesgora.com.mx\/mobiliario.php?MOBILIARIO=Oficinas\">escritorios<\/a> con refuerzos met\u00e1licos ocultos, <a href=\"https:\/\/mueblesgora.com.mx\/sillas.php\">sillas<\/a> con soporte ergon\u00f3mico y tapizados elegantes, y <a href=\"https:\/\/mueblesgora.com.mx\/mobiliario.php?MOBILIARIO=Escolar\">mesas escolares <\/a>con colores vibrantes pero resistentes al uso diario \ud83c\udfa8<\/p>\n\n\n\n<h2 class=\"wp-block-heading\">\ud83d\udee0\ufe0f \u00bfQu\u00e9 hace que un mueble sea resistente?<\/h2>\n\n\n\n<p class=\"has-medium-font-size wp-block-paragraph\">No se trata solo del peso o del grosor. La resistencia real est\u00e1 en los detalles:<\/p>\n\n\n\n<ul class=\"wp-block-list\">\n<li class=\"has-medium-font-size\"><strong>Materiales<\/strong>: melaminas de alta densidad, estructuras de acero, recubrimientos pl\u00e1sticos de uso rudo \ud83d\udd29<\/li>\n\n\n\n<li class=\"has-medium-font-size\"><strong>Acabados<\/strong>: pinturas horneadas, laminados antihumedad, protecci\u00f3n UV o contra rayones \ud83e\uddfd<\/li>\n\n\n\n<li class=\"has-medium-font-size\"><strong>Estructura interna<\/strong>: uniones debidamente reforzadas, herrajes en metal, esquinas protegidas \ud83e\uddf1<\/li>\n<\/ul>\n\n\n\n<p class=\"has-medium-font-size wp-block-paragraph\">Elegir los materiales adecuados seg\u00fan el uso del mueble es clave para que dure y funcione correctamente \u2705<\/p>\n\n\n\n<h2 class=\"wp-block-heading\">\ud83e\udde0 El dise\u00f1o tambi\u00e9n comunica<\/h2>\n\n\n\n<p class=\"has-medium-font-size wp-block-paragraph\">El <a href=\"https:\/\/drive.google.com\/file\/d\/1dPeQC7Xax-8ZJTHB5rwn8azfLOTtZOcX\/view\">mobiliario<\/a> forma parte del ambiente y tiene un <strong>impacto emocional<\/strong> en quien lo usa. Una oficina arm\u00f3nica transmite orden, una escuela con colores adecuados mejora la concentraci\u00f3n, un comedor bien dise\u00f1ado invita a quedarse \ud83e\uddd8\u200d\u2642\ufe0f<\/p>\n\n\n\n<p class=\"has-medium-font-size wp-block-paragraph\">Un mueble puede ser resistente y al mismo tiempo <strong>ayudar a crear un entorno profesional, limpio, c\u00e1lido o creativo<\/strong> \ud83c\udf3f<\/p>\n\n\n\n<h2 class=\"wp-block-heading\">\ud83d\udcb0 \u00bfY el precio?<\/h2>\n\n\n\n<p class=\"has-medium-font-size wp-block-paragraph\">Invertir en mobiliario que combine calidad y buen dise\u00f1o suele representar un <strong>ahorro a mediano plazo<\/strong>. Menos reemplazos, menos mantenimiento, menos quejas \ud83d\udd27<\/p>\n\n\n\n<p class=\"has-medium-font-size wp-block-paragraph\">Adem\u00e1s, <strong>mejora la percepci\u00f3n<\/strong> de tus espacios y puede hacerlos m\u00e1s agradables para quienes trabajan o visitan ah\u00ed \ud83c\udfe2<\/p>\n\n\n\n<figure class=\"wp-block-image size-large\"><img fetchpriority=\"high\" decoding=\"async\" width=\"1024\" height=\"538\" src=\"https:\/\/mueblesgora.com.mx\/blog\/wp-content\/uploads\/2025\/07\/Entrada-Diseno-Bonito-O-Resistente-1024x538.png\" alt=\"\" class=\"wp-image-455\" srcset=\"https:\/\/mueblesgora.com.mx\/blog\/wp-content\/uploads\/2025\/07\/Entrada-Diseno-Bonito-O-Resistente-1024x538.png 1024w, https:\/\/mueblesgora.com.mx\/blog\/wp-content\/uploads\/2025\/07\/Entrada-Diseno-Bonito-O-Resistente-300x158.png 300w, https:\/\/mueblesgora.com.mx\/blog\/wp-content\/uploads\/2025\/07\/Entrada-Diseno-Bonito-O-Resistente-768x403.png 768w, https:\/\/mueblesgora.com.mx\/blog\/wp-content\/uploads\/2025\/07\/Entrada-Diseno-Bonito-O-Resistente.png 1200w\" sizes=\"(max-width: 1024px) 100vw, 1024px\" \/><\/figure>\n\n\n\n<h2 class=\"wp-block-heading\">\ud83d\udca1 Belleza que aguante el ritmo<\/h2>\n\n\n\n<p class=\"has-medium-font-size wp-block-paragraph\">Resistencia y est\u00e9tica no tienen por qu\u00e9 estar peleadas. Hoy puedes encontrar mobiliario que se adapte al uso real que necesitas <strong>sin sacrificar la imagen de tus espacios<\/strong> \ud83e\uddd1\u200d\ud83d\udcbc<\/p>\n\n\n\n<p class=\"has-medium-font-size wp-block-paragraph\">Y si no sabes por d\u00f3nde empezar, <strong>en<a href=\"https:\/\/g.co\/kgs\/Gv8ZWbY\"> Muebles Gora<\/a> podemos ayudarte<\/strong> a encontrar las opciones ideales para tu oficina, escuela, restaurante o industria \ud83d\ude80<\/p>\n\n\n\n<p class=\"has-medium-font-size wp-block-paragraph\"><\/p>\n\n\n\n<p class=\"wp-block-paragraph\"><\/p>\n","protected":false},"excerpt":{"rendered":"<p>\u274c El mito de que lo resistente no puede ser bonito Durante mucho tiempo, lo resistente se asoci\u00f3 con lo tosco o industrial. Pero los avances en materiales, acabados y procesos permiten que el mobiliario actual combine una estructura s\u00f3lida con dise\u00f1o contempor\u00e1neo \ud83e\udde9 Hay escritorios con refuerzos met\u00e1licos ocultos, sillas con soporte ergon\u00f3mico y &hellip; <\/p>\n<p class=\"link-more\"><a href=\"https:\/\/mueblesgora.com.mx\/blog\/2025\/07\/25\/diseno-bonito-o-resistente-ambos\/\" class=\"more-link\">Leer m\u00e1s<span class=\"screen-reader-text\"> \u00ab\ud83e\ude91 \u00bfDise\u00f1o bonito o resistente? \u00a1Ambos!\u00bb<\/span><\/a><\/p>\n","protected":false},"author":2,"featured_media":454,"comment_status":"open","ping_status":"closed","sticky":false,"template":"","format":"standard","meta":{"footnotes":""},"categories":[5,4],"tags":[10,182,26,25,159,11],"class_list":["post-451","post","type-post","status-publish","format-standard","has-post-thumbnail","hentry","category-diseno-de-oficinas","category-oficinas","tag-diseno-de-oficinas","tag-diseno-resistente","tag-escritorios-en-merida","tag-mobiliario-en-merida","tag-muebles-resistentes","tag-oficinas"],"yoast_head":"<!-- This site is optimized with the Yoast SEO plugin v27.3 - https:\/\/yoast.com\/product\/yoast-seo-wordpress\/ -->\n<title>\ud83e\ude91 \u00bfDise\u00f1o bonito o resistente? \u00a1Ambos! - Muebles GORA<\/title>\n<meta name=\"robots\" content=\"index, follow, max-snippet:-1, max-image-preview:large, max-video-preview:-1\" \/>\n<link rel=\"canonical\" href=\"https:\/\/mueblesgora.com.mx\/blog\/2025\/07\/25\/diseno-bonito-o-resistente-ambos\/\" \/>\n<meta property=\"og:locale\" content=\"es_MX\" \/>\n<meta property=\"og:type\" content=\"article\" \/>\n<meta property=\"og:title\" content=\"\ud83e\ude91 \u00bfDise\u00f1o bonito o resistente? \u00a1Ambos! - Muebles GORA\" \/>\n<meta property=\"og:description\" content=\"\u274c El mito de que lo resistente no puede ser bonito Durante mucho tiempo, lo resistente se asoci\u00f3 con lo tosco o industrial. Pero los avances en materiales, acabados y procesos permiten que el mobiliario actual combine una estructura s\u00f3lida con dise\u00f1o contempor\u00e1neo \ud83e\udde9 Hay escritorios con refuerzos met\u00e1licos ocultos, sillas con soporte ergon\u00f3mico y &hellip; Leer m\u00e1s \u00ab\ud83e\ude91 \u00bfDise\u00f1o bonito o resistente? \u00a1Ambos!\u00bb\" \/>\n<meta property=\"og:url\" content=\"https:\/\/mueblesgora.com.mx\/blog\/2025\/07\/25\/diseno-bonito-o-resistente-ambos\/\" \/>\n<meta property=\"og:site_name\" content=\"Muebles GORA\" \/>\n<meta property=\"article:published_time\" content=\"2025-07-25T13:30:00+00:00\" \/>\n<meta property=\"og:image\" content=\"https:\/\/mueblesgora.com.mx\/blog\/wp-content\/uploads\/2025\/07\/Cabecera-Diseno-Bonito-O-Resistente.png\" \/>\n\t<meta property=\"og:image:width\" content=\"1200\" \/>\n\t<meta property=\"og:image:height\" content=\"900\" \/>\n\t<meta property=\"og:image:type\" content=\"image\/png\" \/>\n<meta name=\"author\" content=\"Mercedes Arz\u00e1palo\" \/>\n<meta name=\"twitter:card\" content=\"summary_large_image\" \/>\n<meta name=\"twitter:label1\" content=\"Escrito por\" \/>\n\t<meta name=\"twitter:data1\" content=\"Mercedes Arz\u00e1palo\" \/>\n\t<meta name=\"twitter:label2\" content=\"Tiempo de lectura\" \/>\n\t<meta name=\"twitter:data2\" content=\"2 minutos\" \/>\n<script type=\"application\/ld+json\" class=\"yoast-schema-graph\">{\"@context\":\"https:\\\/\\\/schema.org\",\"@graph\":[{\"@type\":\"Article\",\"@id\":\"https:\\\/\\\/mueblesgora.com.mx\\\/blog\\\/2025\\\/07\\\/25\\\/diseno-bonito-o-resistente-ambos\\\/#article\",\"isPartOf\":{\"@id\":\"https:\\\/\\\/mueblesgora.com.mx\\\/blog\\\/2025\\\/07\\\/25\\\/diseno-bonito-o-resistente-ambos\\\/\"},\"author\":{\"name\":\"Mercedes Arz\u00e1palo\",\"@id\":\"https:\\\/\\\/mueblesgora.com.mx\\\/blog\\\/#\\\/schema\\\/person\\\/7eea029d9ac31830dc6248b74753fd0f\"},\"headline\":\"\ud83e\ude91 \u00bfDise\u00f1o bonito o resistente? \u00a1Ambos!\",\"datePublished\":\"2025-07-25T13:30:00+00:00\",\"mainEntityOfPage\":{\"@id\":\"https:\\\/\\\/mueblesgora.com.mx\\\/blog\\\/2025\\\/07\\\/25\\\/diseno-bonito-o-resistente-ambos\\\/\"},\"wordCount\":323,\"commentCount\":0,\"publisher\":{\"@id\":\"https:\\\/\\\/mueblesgora.com.mx\\\/blog\\\/#organization\"},\"image\":{\"@id\":\"https:\\\/\\\/mueblesgora.com.mx\\\/blog\\\/2025\\\/07\\\/25\\\/diseno-bonito-o-resistente-ambos\\\/#primaryimage\"},\"thumbnailUrl\":\"https:\\\/\\\/mueblesgora.com.mx\\\/blog\\\/wp-content\\\/uploads\\\/2025\\\/07\\\/Cabecera-Diseno-Bonito-O-Resistente.png\",\"keywords\":[\"Dise\u00f1o de oficinas\",\"Dise\u00f1o Resistente\",\"Escritorios en M\u00e9rida\",\"Mobiliario en M\u00e9rida\",\"Muebles resistentes\",\"oficinas\"],\"articleSection\":[\"Dise\u00f1o de Oficinas\",\"Oficinas\"],\"inLanguage\":\"es\",\"potentialAction\":[{\"@type\":\"CommentAction\",\"name\":\"Comment\",\"target\":[\"https:\\\/\\\/mueblesgora.com.mx\\\/blog\\\/2025\\\/07\\\/25\\\/diseno-bonito-o-resistente-ambos\\\/#respond\"]}]},{\"@type\":\"WebPage\",\"@id\":\"https:\\\/\\\/mueblesgora.com.mx\\\/blog\\\/2025\\\/07\\\/25\\\/diseno-bonito-o-resistente-ambos\\\/\",\"url\":\"https:\\\/\\\/mueblesgora.com.mx\\\/blog\\\/2025\\\/07\\\/25\\\/diseno-bonito-o-resistente-ambos\\\/\",\"name\":\"\ud83e\ude91 \u00bfDise\u00f1o bonito o resistente? \u00a1Ambos! - Muebles GORA\",\"isPartOf\":{\"@id\":\"https:\\\/\\\/mueblesgora.com.mx\\\/blog\\\/#website\"},\"primaryImageOfPage\":{\"@id\":\"https:\\\/\\\/mueblesgora.com.mx\\\/blog\\\/2025\\\/07\\\/25\\\/diseno-bonito-o-resistente-ambos\\\/#primaryimage\"},\"image\":{\"@id\":\"https:\\\/\\\/mueblesgora.com.mx\\\/blog\\\/2025\\\/07\\\/25\\\/diseno-bonito-o-resistente-ambos\\\/#primaryimage\"},\"thumbnailUrl\":\"https:\\\/\\\/mueblesgora.com.mx\\\/blog\\\/wp-content\\\/uploads\\\/2025\\\/07\\\/Cabecera-Diseno-Bonito-O-Resistente.png\",\"datePublished\":\"2025-07-25T13:30:00+00:00\",\"breadcrumb\":{\"@id\":\"https:\\\/\\\/mueblesgora.com.mx\\\/blog\\\/2025\\\/07\\\/25\\\/diseno-bonito-o-resistente-ambos\\\/#breadcrumb\"},\"inLanguage\":\"es\",\"potentialAction\":[{\"@type\":\"ReadAction\",\"target\":[\"https:\\\/\\\/mueblesgora.com.mx\\\/blog\\\/2025\\\/07\\\/25\\\/diseno-bonito-o-resistente-ambos\\\/\"]}]},{\"@type\":\"ImageObject\",\"inLanguage\":\"es\",\"@id\":\"https:\\\/\\\/mueblesgora.com.mx\\\/blog\\\/2025\\\/07\\\/25\\\/diseno-bonito-o-resistente-ambos\\\/#primaryimage\",\"url\":\"https:\\\/\\\/mueblesgora.com.mx\\\/blog\\\/wp-content\\\/uploads\\\/2025\\\/07\\\/Cabecera-Diseno-Bonito-O-Resistente.png\",\"contentUrl\":\"https:\\\/\\\/mueblesgora.com.mx\\\/blog\\\/wp-content\\\/uploads\\\/2025\\\/07\\\/Cabecera-Diseno-Bonito-O-Resistente.png\",\"width\":1200,\"height\":900},{\"@type\":\"BreadcrumbList\",\"@id\":\"https:\\\/\\\/mueblesgora.com.mx\\\/blog\\\/2025\\\/07\\\/25\\\/diseno-bonito-o-resistente-ambos\\\/#breadcrumb\",\"itemListElement\":[{\"@type\":\"ListItem\",\"position\":1,\"name\":\"Inicio\",\"item\":\"https:\\\/\\\/mueblesgora.com.mx\\\/blog\\\/\"},{\"@type\":\"ListItem\",\"position\":2,\"name\":\"\ud83e\ude91 \u00bfDise\u00f1o bonito o resistente? \u00a1Ambos!\"}]},{\"@type\":\"WebSite\",\"@id\":\"https:\\\/\\\/mueblesgora.com.mx\\\/blog\\\/#website\",\"url\":\"https:\\\/\\\/mueblesgora.com.mx\\\/blog\\\/\",\"name\":\"Muebles GORA\",\"description\":\"Fabricamos tus ideas.\",\"publisher\":{\"@id\":\"https:\\\/\\\/mueblesgora.com.mx\\\/blog\\\/#organization\"},\"potentialAction\":[{\"@type\":\"SearchAction\",\"target\":{\"@type\":\"EntryPoint\",\"urlTemplate\":\"https:\\\/\\\/mueblesgora.com.mx\\\/blog\\\/?s={search_term_string}\"},\"query-input\":{\"@type\":\"PropertyValueSpecification\",\"valueRequired\":true,\"valueName\":\"search_term_string\"}}],\"inLanguage\":\"es\"},{\"@type\":\"Organization\",\"@id\":\"https:\\\/\\\/mueblesgora.com.mx\\\/blog\\\/#organization\",\"name\":\"Muebles GORA\",\"url\":\"https:\\\/\\\/mueblesgora.com.mx\\\/blog\\\/\",\"logo\":{\"@type\":\"ImageObject\",\"inLanguage\":\"es\",\"@id\":\"https:\\\/\\\/mueblesgora.com.mx\\\/blog\\\/#\\\/schema\\\/logo\\\/image\\\/\",\"url\":\"https:\\\/\\\/mueblesgora.com.mx\\\/blog\\\/wp-content\\\/uploads\\\/2025\\\/09\\\/GoraW_64.png\",\"contentUrl\":\"https:\\\/\\\/mueblesgora.com.mx\\\/blog\\\/wp-content\\\/uploads\\\/2025\\\/09\\\/GoraW_64.png\",\"width\":373,\"height\":64,\"caption\":\"Muebles GORA\"},\"image\":{\"@id\":\"https:\\\/\\\/mueblesgora.com.mx\\\/blog\\\/#\\\/schema\\\/logo\\\/image\\\/\"}},{\"@type\":\"Person\",\"@id\":\"https:\\\/\\\/mueblesgora.com.mx\\\/blog\\\/#\\\/schema\\\/person\\\/7eea029d9ac31830dc6248b74753fd0f\",\"name\":\"Mercedes Arz\u00e1palo\",\"image\":{\"@type\":\"ImageObject\",\"inLanguage\":\"es\",\"@id\":\"https:\\\/\\\/secure.gravatar.com\\\/avatar\\\/047acb7b7ffa9f7fda3c2b4fbe6255979271635dddb970075b4fe34906c550ae?s=96&d=mm&r=g\",\"url\":\"https:\\\/\\\/secure.gravatar.com\\\/avatar\\\/047acb7b7ffa9f7fda3c2b4fbe6255979271635dddb970075b4fe34906c550ae?s=96&d=mm&r=g\",\"contentUrl\":\"https:\\\/\\\/secure.gravatar.com\\\/avatar\\\/047acb7b7ffa9f7fda3c2b4fbe6255979271635dddb970075b4fe34906c550ae?s=96&d=mm&r=g\",\"caption\":\"Mercedes Arz\u00e1palo\"},\"url\":\"https:\\\/\\\/mueblesgora.com.mx\\\/blog\\\/author\\\/merarzapalo\\\/\"}]}<\/script>\n<!-- \/ Yoast SEO plugin. -->","yoast_head_json":{"title":"\ud83e\ude91 \u00bfDise\u00f1o bonito o resistente? \u00a1Ambos! - Muebles GORA","robots":{"index":"index","follow":"follow","max-snippet":"max-snippet:-1","max-image-preview":"max-image-preview:large","max-video-preview":"max-video-preview:-1"},"canonical":"https:\/\/mueblesgora.com.mx\/blog\/2025\/07\/25\/diseno-bonito-o-resistente-ambos\/","og_locale":"es_MX","og_type":"article","og_title":"\ud83e\ude91 \u00bfDise\u00f1o bonito o resistente? \u00a1Ambos! - Muebles GORA","og_description":"\u274c El mito de que lo resistente no puede ser bonito Durante mucho tiempo, lo resistente se asoci\u00f3 con lo tosco o industrial. Pero los avances en materiales, acabados y procesos permiten que el mobiliario actual combine una estructura s\u00f3lida con dise\u00f1o contempor\u00e1neo \ud83e\udde9 Hay escritorios con refuerzos met\u00e1licos ocultos, sillas con soporte ergon\u00f3mico y &hellip; Leer m\u00e1s \u00ab\ud83e\ude91 \u00bfDise\u00f1o bonito o resistente? \u00a1Ambos!\u00bb","og_url":"https:\/\/mueblesgora.com.mx\/blog\/2025\/07\/25\/diseno-bonito-o-resistente-ambos\/","og_site_name":"Muebles GORA","article_published_time":"2025-07-25T13:30:00+00:00","og_image":[{"width":1200,"height":900,"url":"https:\/\/mueblesgora.com.mx\/blog\/wp-content\/uploads\/2025\/07\/Cabecera-Diseno-Bonito-O-Resistente.png","type":"image\/png"}],"author":"Mercedes Arz\u00e1palo","twitter_card":"summary_large_image","twitter_misc":{"Escrito por":"Mercedes Arz\u00e1palo","Tiempo de lectura":"2 minutos"},"schema":{"@context":"https:\/\/schema.org","@graph":[{"@type":"Article","@id":"https:\/\/mueblesgora.com.mx\/blog\/2025\/07\/25\/diseno-bonito-o-resistente-ambos\/#article","isPartOf":{"@id":"https:\/\/mueblesgora.com.mx\/blog\/2025\/07\/25\/diseno-bonito-o-resistente-ambos\/"},"author":{"name":"Mercedes Arz\u00e1palo","@id":"https:\/\/mueblesgora.com.mx\/blog\/#\/schema\/person\/7eea029d9ac31830dc6248b74753fd0f"},"headline":"\ud83e\ude91 \u00bfDise\u00f1o bonito o resistente? \u00a1Ambos!","datePublished":"2025-07-25T13:30:00+00:00","mainEntityOfPage":{"@id":"https:\/\/mueblesgora.com.mx\/blog\/2025\/07\/25\/diseno-bonito-o-resistente-ambos\/"},"wordCount":323,"commentCount":0,"publisher":{"@id":"https:\/\/mueblesgora.com.mx\/blog\/#organization"},"image":{"@id":"https:\/\/mueblesgora.com.mx\/blog\/2025\/07\/25\/diseno-bonito-o-resistente-ambos\/#primaryimage"},"thumbnailUrl":"https:\/\/mueblesgora.com.mx\/blog\/wp-content\/uploads\/2025\/07\/Cabecera-Diseno-Bonito-O-Resistente.png","keywords":["Dise\u00f1o de oficinas","Dise\u00f1o Resistente","Escritorios en M\u00e9rida","Mobiliario en M\u00e9rida","Muebles resistentes","oficinas"],"articleSection":["Dise\u00f1o de Oficinas","Oficinas"],"inLanguage":"es","potentialAction":[{"@type":"CommentAction","name":"Comment","target":["https:\/\/mueblesgora.com.mx\/blog\/2025\/07\/25\/diseno-bonito-o-resistente-ambos\/#respond"]}]},{"@type":"WebPage","@id":"https:\/\/mueblesgora.com.mx\/blog\/2025\/07\/25\/diseno-bonito-o-resistente-ambos\/","url":"https:\/\/mueblesgora.com.mx\/blog\/2025\/07\/25\/diseno-bonito-o-resistente-ambos\/","name":"\ud83e\ude91 \u00bfDise\u00f1o bonito o resistente? \u00a1Ambos! - Muebles GORA","isPartOf":{"@id":"https:\/\/mueblesgora.com.mx\/blog\/#website"},"primaryImageOfPage":{"@id":"https:\/\/mueblesgora.com.mx\/blog\/2025\/07\/25\/diseno-bonito-o-resistente-ambos\/#primaryimage"},"image":{"@id":"https:\/\/mueblesgora.com.mx\/blog\/2025\/07\/25\/diseno-bonito-o-resistente-ambos\/#primaryimage"},"thumbnailUrl":"https:\/\/mueblesgora.com.mx\/blog\/wp-content\/uploads\/2025\/07\/Cabecera-Diseno-Bonito-O-Resistente.png","datePublished":"2025-07-25T13:30:00+00:00","breadcrumb":{"@id":"https:\/\/mueblesgora.com.mx\/blog\/2025\/07\/25\/diseno-bonito-o-resistente-ambos\/#breadcrumb"},"inLanguage":"es","potentialAction":[{"@type":"ReadAction","target":["https:\/\/mueblesgora.com.mx\/blog\/2025\/07\/25\/diseno-bonito-o-resistente-ambos\/"]}]},{"@type":"ImageObject","inLanguage":"es","@id":"https:\/\/mueblesgora.com.mx\/blog\/2025\/07\/25\/diseno-bonito-o-resistente-ambos\/#primaryimage","url":"https:\/\/mueblesgora.com.mx\/blog\/wp-content\/uploads\/2025\/07\/Cabecera-Diseno-Bonito-O-Resistente.png","contentUrl":"https:\/\/mueblesgora.com.mx\/blog\/wp-content\/uploads\/2025\/07\/Cabecera-Diseno-Bonito-O-Resistente.png","width":1200,"height":900},{"@type":"BreadcrumbList","@id":"https:\/\/mueblesgora.com.mx\/blog\/2025\/07\/25\/diseno-bonito-o-resistente-ambos\/#breadcrumb","itemListElement":[{"@type":"ListItem","position":1,"name":"Inicio","item":"https:\/\/mueblesgora.com.mx\/blog\/"},{"@type":"ListItem","position":2,"name":"\ud83e\ude91 \u00bfDise\u00f1o bonito o resistente? \u00a1Ambos!"}]},{"@type":"WebSite","@id":"https:\/\/mueblesgora.com.mx\/blog\/#website","url":"https:\/\/mueblesgora.com.mx\/blog\/","name":"Muebles GORA","description":"Fabricamos tus ideas.","publisher":{"@id":"https:\/\/mueblesgora.com.mx\/blog\/#organization"},"potentialAction":[{"@type":"SearchAction","target":{"@type":"EntryPoint","urlTemplate":"https:\/\/mueblesgora.com.mx\/blog\/?s={search_term_string}"},"query-input":{"@type":"PropertyValueSpecification","valueRequired":true,"valueName":"search_term_string"}}],"inLanguage":"es"},{"@type":"Organization","@id":"https:\/\/mueblesgora.com.mx\/blog\/#organization","name":"Muebles GORA","url":"https:\/\/mueblesgora.com.mx\/blog\/","logo":{"@type":"ImageObject","inLanguage":"es","@id":"https:\/\/mueblesgora.com.mx\/blog\/#\/schema\/logo\/image\/","url":"https:\/\/mueblesgora.com.mx\/blog\/wp-content\/uploads\/2025\/09\/GoraW_64.png","contentUrl":"https:\/\/mueblesgora.com.mx\/blog\/wp-content\/uploads\/2025\/09\/GoraW_64.png","width":373,"height":64,"caption":"Muebles GORA"},"image":{"@id":"https:\/\/mueblesgora.com.mx\/blog\/#\/schema\/logo\/image\/"}},{"@type":"Person","@id":"https:\/\/mueblesgora.com.mx\/blog\/#\/schema\/person\/7eea029d9ac31830dc6248b74753fd0f","name":"Mercedes Arz\u00e1palo","image":{"@type":"ImageObject","inLanguage":"es","@id":"https:\/\/secure.gravatar.com\/avatar\/047acb7b7ffa9f7fda3c2b4fbe6255979271635dddb970075b4fe34906c550ae?s=96&d=mm&r=g","url":"https:\/\/secure.gravatar.com\/avatar\/047acb7b7ffa9f7fda3c2b4fbe6255979271635dddb970075b4fe34906c550ae?s=96&d=mm&r=g","contentUrl":"https:\/\/secure.gravatar.com\/avatar\/047acb7b7ffa9f7fda3c2b4fbe6255979271635dddb970075b4fe34906c550ae?s=96&d=mm&r=g","caption":"Mercedes Arz\u00e1palo"},"url":"https:\/\/mueblesgora.com.mx\/blog\/author\/merarzapalo\/"}]}},"featured_media_urls":{"thumbnail":["https:\/\/mueblesgora.com.mx\/blog\/wp-content\/uploads\/2025\/07\/Cabecera-Diseno-Bonito-O-Resistente-150x150.png",150,150,true],"medium":["https:\/\/mueblesgora.com.mx\/blog\/wp-content\/uploads\/2025\/07\/Cabecera-Diseno-Bonito-O-Resistente-300x225.png",300,225,true],"medium_large":["https:\/\/mueblesgora.com.mx\/blog\/wp-content\/uploads\/2025\/07\/Cabecera-Diseno-Bonito-O-Resistente-768x576.png",768,576,true],"large":["https:\/\/mueblesgora.com.mx\/blog\/wp-content\/uploads\/2025\/07\/Cabecera-Diseno-Bonito-O-Resistente-1024x768.png",950,713,true],"1536x1536":["https:\/\/mueblesgora.com.mx\/blog\/wp-content\/uploads\/2025\/07\/Cabecera-Diseno-Bonito-O-Resistente.png",1200,900,false],"2048x2048":["https:\/\/mueblesgora.com.mx\/blog\/wp-content\/uploads\/2025\/07\/Cabecera-Diseno-Bonito-O-Resistente.png",1200,900,false],"inspiro-featured-image":["https:\/\/mueblesgora.com.mx\/blog\/wp-content\/uploads\/2025\/07\/Cabecera-Diseno-Bonito-O-Resistente.png",1200,900,false],"inspiro-loop":["https:\/\/mueblesgora.com.mx\/blog\/wp-content\/uploads\/2025\/07\/Cabecera-Diseno-Bonito-O-Resistente-950x320.png",950,320,true],"inspiro-loop@2x":["https:\/\/mueblesgora.com.mx\/blog\/wp-content\/uploads\/2025\/07\/Cabecera-Diseno-Bonito-O-Resistente-1200x640.png",1200,640,true],"portfolio_item-thumbnail":["https:\/\/mueblesgora.com.mx\/blog\/wp-content\/uploads\/2025\/07\/Cabecera-Diseno-Bonito-O-Resistente-600x400.png",600,400,true],"portfolio_item-thumbnail@2x":["https:\/\/mueblesgora.com.mx\/blog\/wp-content\/uploads\/2025\/07\/Cabecera-Diseno-Bonito-O-Resistente-1200x800.png",1200,800,true],"portfolio_item-masonry":["https:\/\/mueblesgora.com.mx\/blog\/wp-content\/uploads\/2025\/07\/Cabecera-Diseno-Bonito-O-Resistente-600x450.png",600,450,true],"portfolio_item-masonry@2x":["https:\/\/mueblesgora.com.mx\/blog\/wp-content\/uploads\/2025\/07\/Cabecera-Diseno-Bonito-O-Resistente.png",1200,900,false],"portfolio_item-thumbnail_cinema":["https:\/\/mueblesgora.com.mx\/blog\/wp-content\/uploads\/2025\/07\/Cabecera-Diseno-Bonito-O-Resistente-800x335.png",800,335,true],"portfolio_item-thumbnail_portrait":["https:\/\/mueblesgora.com.mx\/blog\/wp-content\/uploads\/2025\/07\/Cabecera-Diseno-Bonito-O-Resistente-600x900.png",600,900,true],"portfolio_item-thumbnail_portrait@2x":["https:\/\/mueblesgora.com.mx\/blog\/wp-content\/uploads\/2025\/07\/Cabecera-Diseno-Bonito-O-Resistente.png",1200,900,false],"portfolio_item-thumbnail_square":["https:\/\/mueblesgora.com.mx\/blog\/wp-content\/uploads\/2025\/07\/Cabecera-Diseno-Bonito-O-Resistente-800x800.png",800,800,true]},"_links":{"self":[{"href":"https:\/\/mueblesgora.com.mx\/blog\/wp-json\/wp\/v2\/posts\/451","targetHints":{"allow":["GET"]}}],"collection":[{"href":"https:\/\/mueblesgora.com.mx\/blog\/wp-json\/wp\/v2\/posts"}],"about":[{"href":"https:\/\/mueblesgora.com.mx\/blog\/wp-json\/wp\/v2\/types\/post"}],"author":[{"embeddable":true,"href":"https:\/\/mueblesgora.com.mx\/blog\/wp-json\/wp\/v2\/users\/2"}],"replies":[{"embeddable":true,"href":"https:\/\/mueblesgora.com.mx\/blog\/wp-json\/wp\/v2\/comments?post=451"}],"version-history":[{"count":5,"href":"https:\/\/mueblesgora.com.mx\/blog\/wp-json\/wp\/v2\/posts\/451\/revisions"}],"predecessor-version":[{"id":458,"href":"https:\/\/mueblesgora.com.mx\/blog\/wp-json\/wp\/v2\/posts\/451\/revisions\/458"}],"wp:featuredmedia":[{"embeddable":true,"href":"https:\/\/mueblesgora.com.mx\/blog\/wp-json\/wp\/v2\/media\/454"}],"wp:attachment":[{"href":"https:\/\/mueblesgora.com.mx\/blog\/wp-json\/wp\/v2\/media?parent=451"}],"wp:term":[{"taxonomy":"category","embeddable":true,"href":"https:\/\/mueblesgora.com.mx\/blog\/wp-json\/wp\/v2\/categories?post=451"},{"taxonomy":"post_tag","embeddable":true,"href":"https:\/\/mueblesgora.com.mx\/blog\/wp-json\/wp\/v2\/tags?post=451"}],"curies":[{"name":"wp","href":"https:\/\/api.w.org\/{rel}","templated":true}]}}