{"id":494,"date":"2025-09-08T15:00:41","date_gmt":"2025-09-08T21:00:41","guid":{"rendered":"https:\/\/mueblesgora.com.mx\/blog\/?p=494"},"modified":"2025-09-08T15:01:07","modified_gmt":"2025-09-08T21:01:07","slug":"mobiliario-de-oficina-economico-como-elegir-sin-sacrificar-calidad","status":"publish","type":"post","link":"https:\/\/mueblesgora.com.mx\/blog\/2025\/09\/08\/mobiliario-de-oficina-economico-como-elegir-sin-sacrificar-calidad\/","title":{"rendered":"\ud83d\udcbc Mobiliario de oficina econ\u00f3mico: c\u00f3mo elegir sin sacrificar calidad"},"content":{"rendered":"\n<p class=\"has-medium-font-size wp-block-paragraph\">En muchas empresas, sobre todo PYMEs y startups, el presupuesto para amueblar la oficina suele ser limitado. Sin embargo, elegir <em>mobiliario econ\u00f3mico<\/em> no significa optar por soluciones de baja calidad: se trata de encontrar piezas accesibles, funcionales y duraderas que realmente aporten al d\u00eda a d\u00eda.<\/p>\n\n\n\n<p class=\"has-medium-font-size wp-block-paragraph\">En este art\u00edculo te compartimos consejos y ejemplos de <a href=\"https:\/\/drive.google.com\/file\/d\/1dPeQC7Xax-8ZJTHB5rwn8azfLOTtZOcX\/view?usp=sharing\">mobiliario<\/a> econ\u00f3mico que combina dise\u00f1o, ergonom\u00eda y resistencia.<\/p>\n\n\n\n<h3 class=\"wp-block-heading\">\ud83d\udd0e \u00bfQu\u00e9 significa realmente \u201cmobiliario econ\u00f3mico\u201d?<\/h3>\n\n\n\n<p class=\"has-medium-font-size wp-block-paragraph\">M\u00e1s all\u00e1 de lo barato, hablamos de muebles que ofrecen:<\/p>\n\n\n\n<ul class=\"wp-block-list\">\n<li class=\"has-medium-font-size\"><strong>Funcionalidad<\/strong>: cumplen con las necesidades b\u00e1sicas de la oficina.<\/li>\n\n\n\n<li class=\"has-medium-font-size\"><strong>Durabilidad<\/strong>: materiales resistentes para uso continuo.<\/li>\n\n\n\n<li class=\"has-medium-font-size\"><strong>Dise\u00f1o sencillo<\/strong>: sin lujos innecesarios, pero con estilo moderno.<\/li>\n\n\n\n<li class=\"has-medium-font-size\"><strong>Precio accesible<\/strong>: ideales para empresas que buscan optimizar su inversi\u00f3n.<\/li>\n<\/ul>\n\n\n\n<h3 class=\"wp-block-heading\">\ud83e\ude91 Opciones de sillas econ\u00f3micas y funcionales<\/h3>\n\n\n\n<p class=\"has-medium-font-size wp-block-paragraph\">Las <strong><a href=\"https:\/\/mueblesgora.com.mx\/sillas.php\">sillas operativas<\/a><\/strong> son un buen ejemplo de c\u00f3mo es posible tener soluciones c\u00f3modas y accesibles sin perder funcionalidad:<\/p>\n\n\n\n<ul class=\"wp-block-list\">\n<li class=\"has-medium-font-size\"><strong>Ecochair Negra<\/strong><br>Una silla b\u00e1sica, pr\u00e1ctica y resistente, ideal para oficinas operativas. Su dise\u00f1o sencillo la convierte en una excelente opci\u00f3n para proyectos con presupuesto limitado.<br>\ud83d\udc49 <a href=\"https:\/\/www.offiho.com\/econosillas\/ecochair\/ecochairnegra\">Ver m\u00e1s<\/a><\/li>\n\n\n\n<li class=\"has-medium-font-size\"><strong>Econo Malla Negra<\/strong><br>Con respaldo de malla que aporta frescura y un dise\u00f1o moderno. Ofrece mayor comodidad sin incrementar demasiado el costo.<br>\ud83d\udc49 <a href=\"https:\/\/www.offiho.com\/econosillas\/econo-malla\/econo-mallanegro\">Ver m\u00e1s<\/a><\/li>\n\n\n\n<li class=\"has-medium-font-size\"><strong>Contempo<\/strong><br>Una opci\u00f3n ligera y funcional, pensada para espacios de alto movimiento o como silla auxiliar.<br>\ud83d\udc49 <a href=\"https:\/\/www.offiho.com\/econosillas\/OHS-10\">Ver m\u00e1s<\/a><\/li>\n\n\n\n<li class=\"has-medium-font-size\"><strong>Ocean<\/strong><br>Silla ligera y vers\u00e1til, fabricada en una sola pieza de polipropileno de alta resistencia, con patas de aluminio tubular. Es apta para interiores y exteriores gracias a su protecci\u00f3n contra rayos UV y ambiente salino. Disponible en varios colores (blanco, verde, negro, naranja, rojo, azul y amarillo), es una opci\u00f3n econ\u00f3mica y pr\u00e1ctica para espacios de uso comercial ligero.<br>\ud83d\udc49 <a href=\"https:\/\/www.offiho.com\/econosillas\/ocean-modelo-OHV-61\">Ver m\u00e1s<\/a><\/li>\n<\/ul>\n\n\n\n<figure class=\"wp-block-image size-large\"><img fetchpriority=\"high\" decoding=\"async\" width=\"1024\" height=\"538\" src=\"https:\/\/mueblesgora.com.mx\/blog\/wp-content\/uploads\/2025\/09\/Entrada-Econosillas-1-1024x538.png\" alt=\"\" class=\"wp-image-503\" srcset=\"https:\/\/mueblesgora.com.mx\/blog\/wp-content\/uploads\/2025\/09\/Entrada-Econosillas-1-1024x538.png 1024w, https:\/\/mueblesgora.com.mx\/blog\/wp-content\/uploads\/2025\/09\/Entrada-Econosillas-1-300x158.png 300w, https:\/\/mueblesgora.com.mx\/blog\/wp-content\/uploads\/2025\/09\/Entrada-Econosillas-1-768x403.png 768w, https:\/\/mueblesgora.com.mx\/blog\/wp-content\/uploads\/2025\/09\/Entrada-Econosillas-1.png 1200w\" sizes=\"(max-width: 1024px) 100vw, 1024px\" \/><\/figure>\n\n\n\n<h3 class=\"wp-block-heading\">\ud83d\udee0\ufe0f Mobiliario econ\u00f3mico de fabricaci\u00f3n propia<\/h3>\n\n\n\n<p class=\"has-medium-font-size wp-block-paragraph\">En <strong><a href=\"https:\/\/mueblesgora.com.mx\/index.php\">Muebles Gora<\/a><\/strong> contamos con opciones de fabricaci\u00f3n propia que combinan <strong>precio accesible, resistencia y dise\u00f1o funcional<\/strong>. Estos modelos son ideales para oficinas que buscan optimizar su inversi\u00f3n sin perder calidad:<\/p>\n\n\n\n<ul class=\"wp-block-list\">\n<li class=\"has-medium-font-size\"><strong>Escritorio QA-109<\/strong><br>Dise\u00f1o minimalista con cubierta en melamina y estructura met\u00e1lica. Perfecto para estaciones de trabajo individuales que requieren durabilidad y estilo sencillo.<\/li>\n<\/ul>\n\n\n\n<figure class=\"wp-block-image size-large\"><img decoding=\"async\" width=\"1024\" height=\"538\" src=\"https:\/\/mueblesgora.com.mx\/blog\/wp-content\/uploads\/2025\/09\/Entrada-QA-109-1024x538.png\" alt=\"\" class=\"wp-image-497\" srcset=\"https:\/\/mueblesgora.com.mx\/blog\/wp-content\/uploads\/2025\/09\/Entrada-QA-109-1024x538.png 1024w, https:\/\/mueblesgora.com.mx\/blog\/wp-content\/uploads\/2025\/09\/Entrada-QA-109-300x158.png 300w, https:\/\/mueblesgora.com.mx\/blog\/wp-content\/uploads\/2025\/09\/Entrada-QA-109-768x403.png 768w, https:\/\/mueblesgora.com.mx\/blog\/wp-content\/uploads\/2025\/09\/Entrada-QA-109.png 1200w\" sizes=\"(max-width: 1024px) 100vw, 1024px\" \/><\/figure>\n\n\n\n<ul class=\"wp-block-list\">\n<li class=\"has-medium-font-size\"><strong>Cub\u00edculos LA-109<\/strong><br>Una opci\u00f3n pr\u00e1ctica para espacios donde se necesita privacidad y concentraci\u00f3n. Sus divisores ayudan a mejorar la productividad sin incrementar demasiado el costo.<\/li>\n<\/ul>\n\n\n\n<figure class=\"wp-block-image size-large\"><img decoding=\"async\" width=\"1024\" height=\"538\" src=\"https:\/\/mueblesgora.com.mx\/blog\/wp-content\/uploads\/2025\/09\/Entrada-LA-109-1024x538.png\" alt=\"\" class=\"wp-image-499\" srcset=\"https:\/\/mueblesgora.com.mx\/blog\/wp-content\/uploads\/2025\/09\/Entrada-LA-109-1024x538.png 1024w, https:\/\/mueblesgora.com.mx\/blog\/wp-content\/uploads\/2025\/09\/Entrada-LA-109-300x158.png 300w, https:\/\/mueblesgora.com.mx\/blog\/wp-content\/uploads\/2025\/09\/Entrada-LA-109-768x403.png 768w, https:\/\/mueblesgora.com.mx\/blog\/wp-content\/uploads\/2025\/09\/Entrada-LA-109.png 1200w\" sizes=\"(max-width: 1024px) 100vw, 1024px\" \/><\/figure>\n\n\n\n<ul class=\"wp-block-list\">\n<li class=\"has-medium-font-size\"><strong>Escritorio LI-105<\/strong><br>Con estructura met\u00e1lica y cubierta en melamina, es un modelo robusto y funcional para uso intensivo en oficinas.<\/li>\n<\/ul>\n\n\n\n<figure class=\"wp-block-image size-large\"><img loading=\"lazy\" decoding=\"async\" width=\"1024\" height=\"538\" src=\"https:\/\/mueblesgora.com.mx\/blog\/wp-content\/uploads\/2025\/09\/Entrada-LI-105-1024x538.png\" alt=\"\" class=\"wp-image-500\" srcset=\"https:\/\/mueblesgora.com.mx\/blog\/wp-content\/uploads\/2025\/09\/Entrada-LI-105-1024x538.png 1024w, https:\/\/mueblesgora.com.mx\/blog\/wp-content\/uploads\/2025\/09\/Entrada-LI-105-300x158.png 300w, https:\/\/mueblesgora.com.mx\/blog\/wp-content\/uploads\/2025\/09\/Entrada-LI-105-768x403.png 768w, https:\/\/mueblesgora.com.mx\/blog\/wp-content\/uploads\/2025\/09\/Entrada-LI-105.png 1200w\" sizes=\"(max-width: 1024px) 100vw, 1024px\" \/><\/figure>\n\n\n\n<ul class=\"wp-block-list\">\n<li class=\"has-medium-font-size\"><strong>Escritorios met\u00e1licos cl\u00e1sicos<\/strong><br>Resistentes y pr\u00e1cticos, ideales para oficinas que requieren mobiliario de larga vida \u00fatil con una inversi\u00f3n accesible.<\/li>\n<\/ul>\n\n\n\n<figure class=\"wp-block-image size-large\"><img loading=\"lazy\" decoding=\"async\" width=\"1024\" height=\"538\" src=\"https:\/\/mueblesgora.com.mx\/blog\/wp-content\/uploads\/2025\/09\/Entrada-Linea-Nueva-1024x538.png\" alt=\"\" class=\"wp-image-504\" srcset=\"https:\/\/mueblesgora.com.mx\/blog\/wp-content\/uploads\/2025\/09\/Entrada-Linea-Nueva-1024x538.png 1024w, https:\/\/mueblesgora.com.mx\/blog\/wp-content\/uploads\/2025\/09\/Entrada-Linea-Nueva-300x158.png 300w, https:\/\/mueblesgora.com.mx\/blog\/wp-content\/uploads\/2025\/09\/Entrada-Linea-Nueva-768x403.png 768w, https:\/\/mueblesgora.com.mx\/blog\/wp-content\/uploads\/2025\/09\/Entrada-Linea-Nueva.png 1200w\" sizes=\"(max-width: 1024px) 100vw, 1024px\" \/><\/figure>\n\n\n\n<ul class=\"wp-block-list\">\n<li class=\"has-medium-font-size\"><strong>Escritorio SC-05<\/strong><br>Un escritorio sencillo con cubierta en melamina y estructura met\u00e1lica ligera, perfecto para oficinas que buscan lo b\u00e1sico sin complicaciones.<\/li>\n<\/ul>\n\n\n\n<figure class=\"wp-block-image size-large\"><img loading=\"lazy\" decoding=\"async\" width=\"1024\" height=\"538\" src=\"https:\/\/mueblesgora.com.mx\/blog\/wp-content\/uploads\/2025\/09\/Entrada-SC-5-1024x538.png\" alt=\"\" class=\"wp-image-501\" srcset=\"https:\/\/mueblesgora.com.mx\/blog\/wp-content\/uploads\/2025\/09\/Entrada-SC-5-1024x538.png 1024w, https:\/\/mueblesgora.com.mx\/blog\/wp-content\/uploads\/2025\/09\/Entrada-SC-5-300x158.png 300w, https:\/\/mueblesgora.com.mx\/blog\/wp-content\/uploads\/2025\/09\/Entrada-SC-5-768x403.png 768w, https:\/\/mueblesgora.com.mx\/blog\/wp-content\/uploads\/2025\/09\/Entrada-SC-5.png 1200w\" sizes=\"(max-width: 1024px) 100vw, 1024px\" \/><\/figure>\n\n\n\n<p class=\"has-medium-font-size wp-block-paragraph\"><\/p>\n\n\n\n<h3 class=\"wp-block-heading\">\ud83d\udca1 Una inversi\u00f3n inteligente para tu oficina<\/h3>\n\n\n\n<p class=\"has-medium-font-size wp-block-paragraph\">El mobiliario econ\u00f3mico no debe verse como una limitaci\u00f3n, sino como una oportunidad para optimizar espacios de manera inteligente. La clave est\u00e1 en elegir piezas que equilibren <strong>precio, funcionalidad y calidad<\/strong>.<\/p>\n\n\n\n<p class=\"has-medium-font-size wp-block-paragraph\">En <strong><a href=\"https:\/\/mueblesgora.com.mx\/\">Muebles Gora<\/a><\/strong> te ayudamos a encontrar las soluciones m\u00e1s convenientes para tu oficina, desde sillas accesibles hasta muebles modulares a la medida. <a href=\"https:\/\/api.whatsapp.com\/send?phone=5219992247700&amp;text=Quisiera%20asesor%C3%ADa%20sobre%20mobiliario%20%C2%BFPodr%C3%ADas%20ayudarme%3F\">Cont\u00e1ctanos<\/a> \ud83d\udcf1<\/p>\n\n\n\n<p class=\"wp-block-paragraph\"><\/p>\n","protected":false},"excerpt":{"rendered":"<p>En muchas empresas, sobre todo PYMEs y startups, el presupuesto para amueblar la oficina suele ser limitado. Sin embargo, elegir mobiliario econ\u00f3mico no significa optar por soluciones de baja calidad: se trata de encontrar piezas accesibles, funcionales y duraderas que realmente aporten al d\u00eda a d\u00eda. En este art\u00edculo te compartimos consejos y ejemplos de &hellip; <\/p>\n<p class=\"link-more\"><a href=\"https:\/\/mueblesgora.com.mx\/blog\/2025\/09\/08\/mobiliario-de-oficina-economico-como-elegir-sin-sacrificar-calidad\/\" class=\"more-link\">Leer m\u00e1s<span class=\"screen-reader-text\"> \u00ab\ud83d\udcbc Mobiliario de oficina econ\u00f3mico: c\u00f3mo elegir sin sacrificar calidad\u00bb<\/span><\/a><\/p>\n","protected":false},"author":2,"featured_media":496,"comment_status":"open","ping_status":"closed","sticky":false,"template":"","format":"standard","meta":{"footnotes":""},"categories":[5,56,211],"tags":[10,214,140,200,212,201,159,213],"class_list":["post-494","post","type-post","status-publish","format-standard","has-post-thumbnail","hentry","category-diseno-de-oficinas","category-mobiliario","category-mobiliario-para-pymes","tag-diseno-de-oficinas","tag-escritorios-economicos","tag-mobiliario-economico","tag-mobiliario-para-pymes","tag-muebles-de-oficina-accesibles","tag-muebles-modulares","tag-muebles-resistentes","tag-sillas-operativas-economicas"],"yoast_head":"<!-- This site is optimized with the Yoast SEO plugin v27.3 - https:\/\/yoast.com\/product\/yoast-seo-wordpress\/ -->\n<title>\ud83d\udcbc Mobiliario de oficina econ\u00f3mico: c\u00f3mo elegir sin sacrificar calidad - Muebles GORA<\/title>\n<meta name=\"robots\" content=\"index, follow, max-snippet:-1, max-image-preview:large, max-video-preview:-1\" \/>\n<link rel=\"canonical\" href=\"https:\/\/mueblesgora.com.mx\/blog\/2025\/09\/08\/mobiliario-de-oficina-economico-como-elegir-sin-sacrificar-calidad\/\" \/>\n<meta property=\"og:locale\" content=\"es_MX\" \/>\n<meta property=\"og:type\" content=\"article\" \/>\n<meta property=\"og:title\" content=\"\ud83d\udcbc Mobiliario de oficina econ\u00f3mico: c\u00f3mo elegir sin sacrificar calidad - Muebles GORA\" \/>\n<meta property=\"og:description\" content=\"En muchas empresas, sobre todo PYMEs y startups, el presupuesto para amueblar la oficina suele ser limitado. Sin embargo, elegir mobiliario econ\u00f3mico no significa optar por soluciones de baja calidad: se trata de encontrar piezas accesibles, funcionales y duraderas que realmente aporten al d\u00eda a d\u00eda. En este art\u00edculo te compartimos consejos y ejemplos de &hellip; Leer m\u00e1s \u00ab\ud83d\udcbc Mobiliario de oficina econ\u00f3mico: c\u00f3mo elegir sin sacrificar calidad\u00bb\" \/>\n<meta property=\"og:url\" content=\"https:\/\/mueblesgora.com.mx\/blog\/2025\/09\/08\/mobiliario-de-oficina-economico-como-elegir-sin-sacrificar-calidad\/\" \/>\n<meta property=\"og:site_name\" content=\"Muebles GORA\" \/>\n<meta property=\"article:published_time\" content=\"2025-09-08T21:00:41+00:00\" \/>\n<meta property=\"article:modified_time\" content=\"2025-09-08T21:01:07+00:00\" \/>\n<meta property=\"og:image\" content=\"https:\/\/mueblesgora.com.mx\/blog\/wp-content\/uploads\/2025\/09\/Cabecera-Mobiliario-Economico-1.png\" \/>\n\t<meta property=\"og:image:width\" content=\"1200\" \/>\n\t<meta property=\"og:image:height\" content=\"900\" \/>\n\t<meta property=\"og:image:type\" content=\"image\/png\" \/>\n<meta name=\"author\" content=\"Mercedes Arz\u00e1palo\" \/>\n<meta name=\"twitter:card\" content=\"summary_large_image\" \/>\n<meta name=\"twitter:label1\" content=\"Escrito por\" \/>\n\t<meta name=\"twitter:data1\" content=\"Mercedes Arz\u00e1palo\" \/>\n\t<meta name=\"twitter:label2\" content=\"Tiempo de lectura\" \/>\n\t<meta name=\"twitter:data2\" content=\"3 minutos\" \/>\n<script type=\"application\/ld+json\" class=\"yoast-schema-graph\">{\"@context\":\"https:\\\/\\\/schema.org\",\"@graph\":[{\"@type\":\"Article\",\"@id\":\"https:\\\/\\\/mueblesgora.com.mx\\\/blog\\\/2025\\\/09\\\/08\\\/mobiliario-de-oficina-economico-como-elegir-sin-sacrificar-calidad\\\/#article\",\"isPartOf\":{\"@id\":\"https:\\\/\\\/mueblesgora.com.mx\\\/blog\\\/2025\\\/09\\\/08\\\/mobiliario-de-oficina-economico-como-elegir-sin-sacrificar-calidad\\\/\"},\"author\":{\"name\":\"Mercedes Arz\u00e1palo\",\"@id\":\"https:\\\/\\\/mueblesgora.com.mx\\\/blog\\\/#\\\/schema\\\/person\\\/7eea029d9ac31830dc6248b74753fd0f\"},\"headline\":\"\ud83d\udcbc Mobiliario de oficina econ\u00f3mico: c\u00f3mo elegir sin sacrificar calidad\",\"datePublished\":\"2025-09-08T21:00:41+00:00\",\"dateModified\":\"2025-09-08T21:01:07+00:00\",\"mainEntityOfPage\":{\"@id\":\"https:\\\/\\\/mueblesgora.com.mx\\\/blog\\\/2025\\\/09\\\/08\\\/mobiliario-de-oficina-economico-como-elegir-sin-sacrificar-calidad\\\/\"},\"wordCount\":540,\"commentCount\":0,\"publisher\":{\"@id\":\"https:\\\/\\\/mueblesgora.com.mx\\\/blog\\\/#organization\"},\"image\":{\"@id\":\"https:\\\/\\\/mueblesgora.com.mx\\\/blog\\\/2025\\\/09\\\/08\\\/mobiliario-de-oficina-economico-como-elegir-sin-sacrificar-calidad\\\/#primaryimage\"},\"thumbnailUrl\":\"https:\\\/\\\/mueblesgora.com.mx\\\/blog\\\/wp-content\\\/uploads\\\/2025\\\/09\\\/Cabecera-Mobiliario-Economico-1.png\",\"keywords\":[\"Dise\u00f1o de oficinas\",\"Escritorios Econ\u00f3micos\",\"Mobiliario Econ\u00f3mico\",\"mobiliario para PYMEs\",\"Muebles de Oficina Accesibles\",\"Muebles Modulares\",\"Muebles resistentes\",\"Sillas Operativas Econ\u00f3micas\"],\"articleSection\":[\"Dise\u00f1o de Oficinas\",\"Mobiliario\",\"Mobiliario para PYMEs\"],\"inLanguage\":\"es\",\"potentialAction\":[{\"@type\":\"CommentAction\",\"name\":\"Comment\",\"target\":[\"https:\\\/\\\/mueblesgora.com.mx\\\/blog\\\/2025\\\/09\\\/08\\\/mobiliario-de-oficina-economico-como-elegir-sin-sacrificar-calidad\\\/#respond\"]}]},{\"@type\":\"WebPage\",\"@id\":\"https:\\\/\\\/mueblesgora.com.mx\\\/blog\\\/2025\\\/09\\\/08\\\/mobiliario-de-oficina-economico-como-elegir-sin-sacrificar-calidad\\\/\",\"url\":\"https:\\\/\\\/mueblesgora.com.mx\\\/blog\\\/2025\\\/09\\\/08\\\/mobiliario-de-oficina-economico-como-elegir-sin-sacrificar-calidad\\\/\",\"name\":\"\ud83d\udcbc Mobiliario de oficina econ\u00f3mico: c\u00f3mo elegir sin sacrificar calidad - Muebles GORA\",\"isPartOf\":{\"@id\":\"https:\\\/\\\/mueblesgora.com.mx\\\/blog\\\/#website\"},\"primaryImageOfPage\":{\"@id\":\"https:\\\/\\\/mueblesgora.com.mx\\\/blog\\\/2025\\\/09\\\/08\\\/mobiliario-de-oficina-economico-como-elegir-sin-sacrificar-calidad\\\/#primaryimage\"},\"image\":{\"@id\":\"https:\\\/\\\/mueblesgora.com.mx\\\/blog\\\/2025\\\/09\\\/08\\\/mobiliario-de-oficina-economico-como-elegir-sin-sacrificar-calidad\\\/#primaryimage\"},\"thumbnailUrl\":\"https:\\\/\\\/mueblesgora.com.mx\\\/blog\\\/wp-content\\\/uploads\\\/2025\\\/09\\\/Cabecera-Mobiliario-Economico-1.png\",\"datePublished\":\"2025-09-08T21:00:41+00:00\",\"dateModified\":\"2025-09-08T21:01:07+00:00\",\"breadcrumb\":{\"@id\":\"https:\\\/\\\/mueblesgora.com.mx\\\/blog\\\/2025\\\/09\\\/08\\\/mobiliario-de-oficina-economico-como-elegir-sin-sacrificar-calidad\\\/#breadcrumb\"},\"inLanguage\":\"es\",\"potentialAction\":[{\"@type\":\"ReadAction\",\"target\":[\"https:\\\/\\\/mueblesgora.com.mx\\\/blog\\\/2025\\\/09\\\/08\\\/mobiliario-de-oficina-economico-como-elegir-sin-sacrificar-calidad\\\/\"]}]},{\"@type\":\"ImageObject\",\"inLanguage\":\"es\",\"@id\":\"https:\\\/\\\/mueblesgora.com.mx\\\/blog\\\/2025\\\/09\\\/08\\\/mobiliario-de-oficina-economico-como-elegir-sin-sacrificar-calidad\\\/#primaryimage\",\"url\":\"https:\\\/\\\/mueblesgora.com.mx\\\/blog\\\/wp-content\\\/uploads\\\/2025\\\/09\\\/Cabecera-Mobiliario-Economico-1.png\",\"contentUrl\":\"https:\\\/\\\/mueblesgora.com.mx\\\/blog\\\/wp-content\\\/uploads\\\/2025\\\/09\\\/Cabecera-Mobiliario-Economico-1.png\",\"width\":1200,\"height\":900},{\"@type\":\"BreadcrumbList\",\"@id\":\"https:\\\/\\\/mueblesgora.com.mx\\\/blog\\\/2025\\\/09\\\/08\\\/mobiliario-de-oficina-economico-como-elegir-sin-sacrificar-calidad\\\/#breadcrumb\",\"itemListElement\":[{\"@type\":\"ListItem\",\"position\":1,\"name\":\"Inicio\",\"item\":\"https:\\\/\\\/mueblesgora.com.mx\\\/blog\\\/\"},{\"@type\":\"ListItem\",\"position\":2,\"name\":\"\ud83d\udcbc Mobiliario de oficina econ\u00f3mico: c\u00f3mo elegir sin sacrificar calidad\"}]},{\"@type\":\"WebSite\",\"@id\":\"https:\\\/\\\/mueblesgora.com.mx\\\/blog\\\/#website\",\"url\":\"https:\\\/\\\/mueblesgora.com.mx\\\/blog\\\/\",\"name\":\"Muebles GORA\",\"description\":\"Fabricamos tus ideas.\",\"publisher\":{\"@id\":\"https:\\\/\\\/mueblesgora.com.mx\\\/blog\\\/#organization\"},\"potentialAction\":[{\"@type\":\"SearchAction\",\"target\":{\"@type\":\"EntryPoint\",\"urlTemplate\":\"https:\\\/\\\/mueblesgora.com.mx\\\/blog\\\/?s={search_term_string}\"},\"query-input\":{\"@type\":\"PropertyValueSpecification\",\"valueRequired\":true,\"valueName\":\"search_term_string\"}}],\"inLanguage\":\"es\"},{\"@type\":\"Organization\",\"@id\":\"https:\\\/\\\/mueblesgora.com.mx\\\/blog\\\/#organization\",\"name\":\"Muebles GORA\",\"url\":\"https:\\\/\\\/mueblesgora.com.mx\\\/blog\\\/\",\"logo\":{\"@type\":\"ImageObject\",\"inLanguage\":\"es\",\"@id\":\"https:\\\/\\\/mueblesgora.com.mx\\\/blog\\\/#\\\/schema\\\/logo\\\/image\\\/\",\"url\":\"https:\\\/\\\/mueblesgora.com.mx\\\/blog\\\/wp-content\\\/uploads\\\/2025\\\/09\\\/GoraW_64.png\",\"contentUrl\":\"https:\\\/\\\/mueblesgora.com.mx\\\/blog\\\/wp-content\\\/uploads\\\/2025\\\/09\\\/GoraW_64.png\",\"width\":373,\"height\":64,\"caption\":\"Muebles GORA\"},\"image\":{\"@id\":\"https:\\\/\\\/mueblesgora.com.mx\\\/blog\\\/#\\\/schema\\\/logo\\\/image\\\/\"}},{\"@type\":\"Person\",\"@id\":\"https:\\\/\\\/mueblesgora.com.mx\\\/blog\\\/#\\\/schema\\\/person\\\/7eea029d9ac31830dc6248b74753fd0f\",\"name\":\"Mercedes Arz\u00e1palo\",\"image\":{\"@type\":\"ImageObject\",\"inLanguage\":\"es\",\"@id\":\"https:\\\/\\\/secure.gravatar.com\\\/avatar\\\/047acb7b7ffa9f7fda3c2b4fbe6255979271635dddb970075b4fe34906c550ae?s=96&d=mm&r=g\",\"url\":\"https:\\\/\\\/secure.gravatar.com\\\/avatar\\\/047acb7b7ffa9f7fda3c2b4fbe6255979271635dddb970075b4fe34906c550ae?s=96&d=mm&r=g\",\"contentUrl\":\"https:\\\/\\\/secure.gravatar.com\\\/avatar\\\/047acb7b7ffa9f7fda3c2b4fbe6255979271635dddb970075b4fe34906c550ae?s=96&d=mm&r=g\",\"caption\":\"Mercedes Arz\u00e1palo\"},\"url\":\"https:\\\/\\\/mueblesgora.com.mx\\\/blog\\\/author\\\/merarzapalo\\\/\"}]}<\/script>\n<!-- \/ Yoast SEO plugin. -->","yoast_head_json":{"title":"\ud83d\udcbc Mobiliario de oficina econ\u00f3mico: c\u00f3mo elegir sin sacrificar calidad - Muebles GORA","robots":{"index":"index","follow":"follow","max-snippet":"max-snippet:-1","max-image-preview":"max-image-preview:large","max-video-preview":"max-video-preview:-1"},"canonical":"https:\/\/mueblesgora.com.mx\/blog\/2025\/09\/08\/mobiliario-de-oficina-economico-como-elegir-sin-sacrificar-calidad\/","og_locale":"es_MX","og_type":"article","og_title":"\ud83d\udcbc Mobiliario de oficina econ\u00f3mico: c\u00f3mo elegir sin sacrificar calidad - Muebles GORA","og_description":"En muchas empresas, sobre todo PYMEs y startups, el presupuesto para amueblar la oficina suele ser limitado. Sin embargo, elegir mobiliario econ\u00f3mico no significa optar por soluciones de baja calidad: se trata de encontrar piezas accesibles, funcionales y duraderas que realmente aporten al d\u00eda a d\u00eda. En este art\u00edculo te compartimos consejos y ejemplos de &hellip; Leer m\u00e1s \u00ab\ud83d\udcbc Mobiliario de oficina econ\u00f3mico: c\u00f3mo elegir sin sacrificar calidad\u00bb","og_url":"https:\/\/mueblesgora.com.mx\/blog\/2025\/09\/08\/mobiliario-de-oficina-economico-como-elegir-sin-sacrificar-calidad\/","og_site_name":"Muebles GORA","article_published_time":"2025-09-08T21:00:41+00:00","article_modified_time":"2025-09-08T21:01:07+00:00","og_image":[{"width":1200,"height":900,"url":"https:\/\/mueblesgora.com.mx\/blog\/wp-content\/uploads\/2025\/09\/Cabecera-Mobiliario-Economico-1.png","type":"image\/png"}],"author":"Mercedes Arz\u00e1palo","twitter_card":"summary_large_image","twitter_misc":{"Escrito por":"Mercedes Arz\u00e1palo","Tiempo de lectura":"3 minutos"},"schema":{"@context":"https:\/\/schema.org","@graph":[{"@type":"Article","@id":"https:\/\/mueblesgora.com.mx\/blog\/2025\/09\/08\/mobiliario-de-oficina-economico-como-elegir-sin-sacrificar-calidad\/#article","isPartOf":{"@id":"https:\/\/mueblesgora.com.mx\/blog\/2025\/09\/08\/mobiliario-de-oficina-economico-como-elegir-sin-sacrificar-calidad\/"},"author":{"name":"Mercedes Arz\u00e1palo","@id":"https:\/\/mueblesgora.com.mx\/blog\/#\/schema\/person\/7eea029d9ac31830dc6248b74753fd0f"},"headline":"\ud83d\udcbc Mobiliario de oficina econ\u00f3mico: c\u00f3mo elegir sin sacrificar calidad","datePublished":"2025-09-08T21:00:41+00:00","dateModified":"2025-09-08T21:01:07+00:00","mainEntityOfPage":{"@id":"https:\/\/mueblesgora.com.mx\/blog\/2025\/09\/08\/mobiliario-de-oficina-economico-como-elegir-sin-sacrificar-calidad\/"},"wordCount":540,"commentCount":0,"publisher":{"@id":"https:\/\/mueblesgora.com.mx\/blog\/#organization"},"image":{"@id":"https:\/\/mueblesgora.com.mx\/blog\/2025\/09\/08\/mobiliario-de-oficina-economico-como-elegir-sin-sacrificar-calidad\/#primaryimage"},"thumbnailUrl":"https:\/\/mueblesgora.com.mx\/blog\/wp-content\/uploads\/2025\/09\/Cabecera-Mobiliario-Economico-1.png","keywords":["Dise\u00f1o de oficinas","Escritorios Econ\u00f3micos","Mobiliario Econ\u00f3mico","mobiliario para PYMEs","Muebles de Oficina Accesibles","Muebles Modulares","Muebles resistentes","Sillas Operativas Econ\u00f3micas"],"articleSection":["Dise\u00f1o de Oficinas","Mobiliario","Mobiliario para PYMEs"],"inLanguage":"es","potentialAction":[{"@type":"CommentAction","name":"Comment","target":["https:\/\/mueblesgora.com.mx\/blog\/2025\/09\/08\/mobiliario-de-oficina-economico-como-elegir-sin-sacrificar-calidad\/#respond"]}]},{"@type":"WebPage","@id":"https:\/\/mueblesgora.com.mx\/blog\/2025\/09\/08\/mobiliario-de-oficina-economico-como-elegir-sin-sacrificar-calidad\/","url":"https:\/\/mueblesgora.com.mx\/blog\/2025\/09\/08\/mobiliario-de-oficina-economico-como-elegir-sin-sacrificar-calidad\/","name":"\ud83d\udcbc Mobiliario de oficina econ\u00f3mico: c\u00f3mo elegir sin sacrificar calidad - Muebles GORA","isPartOf":{"@id":"https:\/\/mueblesgora.com.mx\/blog\/#website"},"primaryImageOfPage":{"@id":"https:\/\/mueblesgora.com.mx\/blog\/2025\/09\/08\/mobiliario-de-oficina-economico-como-elegir-sin-sacrificar-calidad\/#primaryimage"},"image":{"@id":"https:\/\/mueblesgora.com.mx\/blog\/2025\/09\/08\/mobiliario-de-oficina-economico-como-elegir-sin-sacrificar-calidad\/#primaryimage"},"thumbnailUrl":"https:\/\/mueblesgora.com.mx\/blog\/wp-content\/uploads\/2025\/09\/Cabecera-Mobiliario-Economico-1.png","datePublished":"2025-09-08T21:00:41+00:00","dateModified":"2025-09-08T21:01:07+00:00","breadcrumb":{"@id":"https:\/\/mueblesgora.com.mx\/blog\/2025\/09\/08\/mobiliario-de-oficina-economico-como-elegir-sin-sacrificar-calidad\/#breadcrumb"},"inLanguage":"es","potentialAction":[{"@type":"ReadAction","target":["https:\/\/mueblesgora.com.mx\/blog\/2025\/09\/08\/mobiliario-de-oficina-economico-como-elegir-sin-sacrificar-calidad\/"]}]},{"@type":"ImageObject","inLanguage":"es","@id":"https:\/\/mueblesgora.com.mx\/blog\/2025\/09\/08\/mobiliario-de-oficina-economico-como-elegir-sin-sacrificar-calidad\/#primaryimage","url":"https:\/\/mueblesgora.com.mx\/blog\/wp-content\/uploads\/2025\/09\/Cabecera-Mobiliario-Economico-1.png","contentUrl":"https:\/\/mueblesgora.com.mx\/blog\/wp-content\/uploads\/2025\/09\/Cabecera-Mobiliario-Economico-1.png","width":1200,"height":900},{"@type":"BreadcrumbList","@id":"https:\/\/mueblesgora.com.mx\/blog\/2025\/09\/08\/mobiliario-de-oficina-economico-como-elegir-sin-sacrificar-calidad\/#breadcrumb","itemListElement":[{"@type":"ListItem","position":1,"name":"Inicio","item":"https:\/\/mueblesgora.com.mx\/blog\/"},{"@type":"ListItem","position":2,"name":"\ud83d\udcbc Mobiliario de oficina econ\u00f3mico: c\u00f3mo elegir sin sacrificar calidad"}]},{"@type":"WebSite","@id":"https:\/\/mueblesgora.com.mx\/blog\/#website","url":"https:\/\/mueblesgora.com.mx\/blog\/","name":"Muebles GORA","description":"Fabricamos tus ideas.","publisher":{"@id":"https:\/\/mueblesgora.com.mx\/blog\/#organization"},"potentialAction":[{"@type":"SearchAction","target":{"@type":"EntryPoint","urlTemplate":"https:\/\/mueblesgora.com.mx\/blog\/?s={search_term_string}"},"query-input":{"@type":"PropertyValueSpecification","valueRequired":true,"valueName":"search_term_string"}}],"inLanguage":"es"},{"@type":"Organization","@id":"https:\/\/mueblesgora.com.mx\/blog\/#organization","name":"Muebles GORA","url":"https:\/\/mueblesgora.com.mx\/blog\/","logo":{"@type":"ImageObject","inLanguage":"es","@id":"https:\/\/mueblesgora.com.mx\/blog\/#\/schema\/logo\/image\/","url":"https:\/\/mueblesgora.com.mx\/blog\/wp-content\/uploads\/2025\/09\/GoraW_64.png","contentUrl":"https:\/\/mueblesgora.com.mx\/blog\/wp-content\/uploads\/2025\/09\/GoraW_64.png","width":373,"height":64,"caption":"Muebles GORA"},"image":{"@id":"https:\/\/mueblesgora.com.mx\/blog\/#\/schema\/logo\/image\/"}},{"@type":"Person","@id":"https:\/\/mueblesgora.com.mx\/blog\/#\/schema\/person\/7eea029d9ac31830dc6248b74753fd0f","name":"Mercedes Arz\u00e1palo","image":{"@type":"ImageObject","inLanguage":"es","@id":"https:\/\/secure.gravatar.com\/avatar\/047acb7b7ffa9f7fda3c2b4fbe6255979271635dddb970075b4fe34906c550ae?s=96&d=mm&r=g","url":"https:\/\/secure.gravatar.com\/avatar\/047acb7b7ffa9f7fda3c2b4fbe6255979271635dddb970075b4fe34906c550ae?s=96&d=mm&r=g","contentUrl":"https:\/\/secure.gravatar.com\/avatar\/047acb7b7ffa9f7fda3c2b4fbe6255979271635dddb970075b4fe34906c550ae?s=96&d=mm&r=g","caption":"Mercedes Arz\u00e1palo"},"url":"https:\/\/mueblesgora.com.mx\/blog\/author\/merarzapalo\/"}]}},"featured_media_urls":{"thumbnail":["https:\/\/mueblesgora.com.mx\/blog\/wp-content\/uploads\/2025\/09\/Cabecera-Mobiliario-Economico-1-150x150.png",150,150,true],"medium":["https:\/\/mueblesgora.com.mx\/blog\/wp-content\/uploads\/2025\/09\/Cabecera-Mobiliario-Economico-1-300x225.png",300,225,true],"medium_large":["https:\/\/mueblesgora.com.mx\/blog\/wp-content\/uploads\/2025\/09\/Cabecera-Mobiliario-Economico-1-768x576.png",768,576,true],"large":["https:\/\/mueblesgora.com.mx\/blog\/wp-content\/uploads\/2025\/09\/Cabecera-Mobiliario-Economico-1-1024x768.png",950,713,true],"1536x1536":["https:\/\/mueblesgora.com.mx\/blog\/wp-content\/uploads\/2025\/09\/Cabecera-Mobiliario-Economico-1.png",1200,900,false],"2048x2048":["https:\/\/mueblesgora.com.mx\/blog\/wp-content\/uploads\/2025\/09\/Cabecera-Mobiliario-Economico-1.png",1200,900,false],"inspiro-featured-image":["https:\/\/mueblesgora.com.mx\/blog\/wp-content\/uploads\/2025\/09\/Cabecera-Mobiliario-Economico-1.png",1200,900,false],"inspiro-loop":["https:\/\/mueblesgora.com.mx\/blog\/wp-content\/uploads\/2025\/09\/Cabecera-Mobiliario-Economico-1-950x320.png",950,320,true],"inspiro-loop@2x":["https:\/\/mueblesgora.com.mx\/blog\/wp-content\/uploads\/2025\/09\/Cabecera-Mobiliario-Economico-1-1200x640.png",1200,640,true],"portfolio_item-thumbnail":["https:\/\/mueblesgora.com.mx\/blog\/wp-content\/uploads\/2025\/09\/Cabecera-Mobiliario-Economico-1-600x400.png",600,400,true],"portfolio_item-thumbnail@2x":["https:\/\/mueblesgora.com.mx\/blog\/wp-content\/uploads\/2025\/09\/Cabecera-Mobiliario-Economico-1-1200x800.png",1200,800,true],"portfolio_item-masonry":["https:\/\/mueblesgora.com.mx\/blog\/wp-content\/uploads\/2025\/09\/Cabecera-Mobiliario-Economico-1-600x450.png",600,450,true],"portfolio_item-masonry@2x":["https:\/\/mueblesgora.com.mx\/blog\/wp-content\/uploads\/2025\/09\/Cabecera-Mobiliario-Economico-1.png",1200,900,false],"portfolio_item-thumbnail_cinema":["https:\/\/mueblesgora.com.mx\/blog\/wp-content\/uploads\/2025\/09\/Cabecera-Mobiliario-Economico-1-800x335.png",800,335,true],"portfolio_item-thumbnail_portrait":["https:\/\/mueblesgora.com.mx\/blog\/wp-content\/uploads\/2025\/09\/Cabecera-Mobiliario-Economico-1-600x900.png",600,900,true],"portfolio_item-thumbnail_portrait@2x":["https:\/\/mueblesgora.com.mx\/blog\/wp-content\/uploads\/2025\/09\/Cabecera-Mobiliario-Economico-1.png",1200,900,false],"portfolio_item-thumbnail_square":["https:\/\/mueblesgora.com.mx\/blog\/wp-content\/uploads\/2025\/09\/Cabecera-Mobiliario-Economico-1-800x800.png",800,800,true]},"_links":{"self":[{"href":"https:\/\/mueblesgora.com.mx\/blog\/wp-json\/wp\/v2\/posts\/494","targetHints":{"allow":["GET"]}}],"collection":[{"href":"https:\/\/mueblesgora.com.mx\/blog\/wp-json\/wp\/v2\/posts"}],"about":[{"href":"https:\/\/mueblesgora.com.mx\/blog\/wp-json\/wp\/v2\/types\/post"}],"author":[{"embeddable":true,"href":"https:\/\/mueblesgora.com.mx\/blog\/wp-json\/wp\/v2\/users\/2"}],"replies":[{"embeddable":true,"href":"https:\/\/mueblesgora.com.mx\/blog\/wp-json\/wp\/v2\/comments?post=494"}],"version-history":[{"count":2,"href":"https:\/\/mueblesgora.com.mx\/blog\/wp-json\/wp\/v2\/posts\/494\/revisions"}],"predecessor-version":[{"id":505,"href":"https:\/\/mueblesgora.com.mx\/blog\/wp-json\/wp\/v2\/posts\/494\/revisions\/505"}],"wp:featuredmedia":[{"embeddable":true,"href":"https:\/\/mueblesgora.com.mx\/blog\/wp-json\/wp\/v2\/media\/496"}],"wp:attachment":[{"href":"https:\/\/mueblesgora.com.mx\/blog\/wp-json\/wp\/v2\/media?parent=494"}],"wp:term":[{"taxonomy":"category","embeddable":true,"href":"https:\/\/mueblesgora.com.mx\/blog\/wp-json\/wp\/v2\/categories?post=494"},{"taxonomy":"post_tag","embeddable":true,"href":"https:\/\/mueblesgora.com.mx\/blog\/wp-json\/wp\/v2\/tags?post=494"}],"curies":[{"name":"wp","href":"https:\/\/api.w.org\/{rel}","templated":true}]}}