{"id":634,"date":"2025-10-15T13:29:44","date_gmt":"2025-10-15T19:29:44","guid":{"rendered":"https:\/\/mueblesgora.com.mx\/blog\/?p=634"},"modified":"2025-10-24T13:38:34","modified_gmt":"2025-10-24T19:38:34","slug":"el-impacto-del-mobiliario-en-la-identidad-de-marca","status":"publish","type":"post","link":"https:\/\/mueblesgora.com.mx\/blog\/2025\/10\/15\/el-impacto-del-mobiliario-en-la-identidad-de-marca\/","title":{"rendered":"\ud83d\udca5 El impacto del mobiliario en la identidad de marca"},"content":{"rendered":"\n<p class=\"has-medium-font-size wp-block-paragraph\">Cada empresa tiene una personalidad que la hace \u00fanica. Desde el tono en el que se comunica hasta los colores que usa, todo habla de su su forma de trabajar. Pero hay un elemento quemuchas veces pasa desapercibido y que tambi\u00e9n habla de una marca: <strong>su mobiliario<\/strong>.<\/p>\n\n\n\n<p class=\"has-medium-font-size wp-block-paragraph\">El dise\u00f1o, los materiales y los colores de los muebles de una oficina no solo influyen en como funciona el espacio, tambi\u00e9n reflejan la identidad de la empresa y la forma en la que esta quiere ser percibida ante el mundo.<\/p>\n\n\n\n<h2 class=\"wp-block-heading\">1. El mobiliario como reflejo de la marca<\/h2>\n\n\n\n<p class=\"has-medium-font-size wp-block-paragraph\">El <a href=\"https:\/\/drive.google.com\/file\/d\/1dPeQC7Xax-8ZJTHB5rwn8azfLOTtZOcX\/view\">mobiliario<\/a> de una oficina es capaz de contar una historia incluso antes de que alguien diga una sola palabra.<\/p>\n\n\n\n<ul class=\"wp-block-list has-medium-font-size\">\n<li>Una oficina con acabados c\u00e1lidos y tonos naturales se percibe como cercana, hospitalaria y de confianza.<\/li>\n\n\n\n<li>Espacios minimalistas y l\u00edneas limpias transmiten innovaci\u00f3n, orden y modernidad.<\/li>\n\n\n\n<li>Los contrastes o acentos con colores muestran dinamismo y una gran creatividad.<\/li>\n<\/ul>\n\n\n\n<p class=\"has-medium-font-size wp-block-paragraph\">Dise\u00f1ar una <a href=\"https:\/\/mueblesgora.com.mx\/mobiliario.php?MOBILIARIO=Oficinas\">oficina<\/a> no es solo cuesti\u00f3n de est\u00e9tica: es una herramienta que fortalece la cultura organizacional y comunica valores sin tener que decirlos con palabras.<\/p>\n\n\n\n<h2 class=\"wp-block-heading\">2. La coherencia visual genera confianza<\/h2>\n\n\n\n<p class=\"has-medium-font-size wp-block-paragraph\">Cuando los visitantes o clientes entran a un espacio en armon\u00eda \u2014desde el logo hasta los muebles\u2014 perciben una empresa profesional, organizada y que es confiable. Clave a la hora de establecer relaciones comerciales a largo plazo.<\/p>\n\n\n\n<p class=\"has-medium-font-size wp-block-paragraph\">Por ejemplo:<\/p>\n\n\n\n<ul class=\"wp-block-list\">\n<li class=\"has-medium-font-size\">Si tu marca utiliza tonos fr\u00edos y met\u00e1licos, muebles con cubiertas grises o negras pueden reforzar esa identidad.<\/li>\n\n\n\n<li class=\"has-medium-font-size\">Si tu marca busca proyectar calidez, puedes optar por melaminas tipo madera como <strong>roble o nogal<\/strong>.<\/li>\n<\/ul>\n\n\n\n<p class=\"has-medium-font-size wp-block-paragraph\">En Muebles Gora trabajamos con una amplia paleta de colores y acabados que permite adaptar cada dise\u00f1o a la imagen de tu empresa.<\/p>\n\n\n\n<figure class=\"wp-block-image size-large is-resized\"><img fetchpriority=\"high\" decoding=\"async\" width=\"1024\" height=\"538\" src=\"https:\/\/mueblesgora.com.mx\/blog\/wp-content\/uploads\/2025\/10\/Entrada-identidad-de-marca-1-1024x538.png\" alt=\"\" class=\"wp-image-641\" style=\"width:1177px;height:auto\" srcset=\"https:\/\/mueblesgora.com.mx\/blog\/wp-content\/uploads\/2025\/10\/Entrada-identidad-de-marca-1-1024x538.png 1024w, https:\/\/mueblesgora.com.mx\/blog\/wp-content\/uploads\/2025\/10\/Entrada-identidad-de-marca-1-300x158.png 300w, https:\/\/mueblesgora.com.mx\/blog\/wp-content\/uploads\/2025\/10\/Entrada-identidad-de-marca-1.png 1200w\" sizes=\"(max-width: 1024px) 100vw, 1024px\" \/><\/figure>\n\n\n\n<h2 class=\"wp-block-heading\">3. Dise\u00f1ar espacios que tambi\u00e9n inspiran a tu equipo<\/h2>\n\n\n\n<p class=\"has-medium-font-size wp-block-paragraph\">Un <a href=\"https:\/\/drive.google.com\/file\/d\/1dPeQC7Xax-8ZJTHB5rwn8azfLOTtZOcX\/view\">mobiliario<\/a> alineado con la identidad visual de la marca tambi\u00e9n impacta en c\u00f3mo se sienten las personas que trabajan en ese espacio.<br>Colores, texturas y distribuci\u00f3n del espacio pueden inspirar creatividad, fomentar concentraci\u00f3n o propiciar un ambiente de colaboraci\u00f3n.<\/p>\n\n\n\n<p class=\"has-medium-font-size wp-block-paragraph\">Un espacio que refleja los valores de la marca, se crea un sentido de pertenencia. El ambiente se convierte en una extensi\u00f3n de la cultura de la empresa.<\/p>\n\n\n\n<h2 class=\"wp-block-heading\">\u2728 <a href=\"https:\/\/mueblesgora.com.mx\/index.php\">Muebles GORA<\/a>: dise\u00f1o con prop\u00f3sito<\/h2>\n\n\n\n<p class=\"has-medium-font-size wp-block-paragraph\">Buscamos equilibrar funcionalidad, confort y dise\u00f1o, en cada uno de nuestros proyectos.<br>Nos especializamos en crear mobiliario que no solo se adapta a tus espacios y presupuesto, sino que <strong>refuerza la esencia de cada marca<\/strong>.<\/p>\n\n\n\n<p class=\"has-medium-font-size wp-block-paragraph\">Recuerda, tu oficina no es solo un lugar de trabajo: es una herramienta para comunicar qui\u00e9n eres.<\/p>\n\n\n\n<p class=\"has-medium-font-size wp-block-paragraph\"><a href=\"https:\/\/api.whatsapp.com\/send?phone=5219992247700&amp;text=Quisiera%20asesor%C3%ADa%20sobre%20mobiliario%20%C2%BFPodr%C3%ADas%20ayudarme%3F\">Cont\u00e1ctanos<\/a> \ud83d\udcf2<\/p>\n\n\n\n<p class=\"wp-block-paragraph\"><\/p>\n","protected":false},"excerpt":{"rendered":"<p>Cada empresa tiene una personalidad que la hace \u00fanica. Desde el tono en el que se comunica hasta los colores que usa, todo habla de su su forma de trabajar. Pero hay un elemento quemuchas veces pasa desapercibido y que tambi\u00e9n habla de una marca: su mobiliario. El dise\u00f1o, los materiales y los colores de &hellip; <\/p>\n<p class=\"link-more\"><a href=\"https:\/\/mueblesgora.com.mx\/blog\/2025\/10\/15\/el-impacto-del-mobiliario-en-la-identidad-de-marca\/\" class=\"more-link\">Leer m\u00e1s<span class=\"screen-reader-text\"> \u00ab\ud83d\udca5 El impacto del mobiliario en la identidad de marca\u00bb<\/span><\/a><\/p>\n","protected":false},"author":2,"featured_media":640,"comment_status":"open","ping_status":"","sticky":false,"template":"","format":"standard","meta":{"footnotes":""},"categories":[5,56,211,4,202],"tags":[206,110,21,196,177,14,32],"class_list":["post-634","post","type-post","status-publish","format-standard","has-post-thumbnail","hentry","category-diseno-de-oficinas","category-mobiliario","category-mobiliario-para-pymes","category-oficinas","category-tendencias","tag-diseno-corporativo","tag-diseno-personalizado","tag-identidad-de-marca","tag-mobiliario-a-medida","tag-mobiliario-de-oficina","tag-mobiliario-ergonomico","tag-oficinas-merida"],"yoast_head":"<!-- This site is optimized with the Yoast SEO plugin v27.3 - https:\/\/yoast.com\/product\/yoast-seo-wordpress\/ -->\n<title>\ud83d\udca5 El impacto del mobiliario en la identidad de marca - Muebles GORA<\/title>\n<meta name=\"robots\" content=\"index, follow, max-snippet:-1, max-image-preview:large, max-video-preview:-1\" \/>\n<link rel=\"canonical\" href=\"https:\/\/mueblesgora.com.mx\/blog\/2025\/10\/15\/el-impacto-del-mobiliario-en-la-identidad-de-marca\/\" \/>\n<meta property=\"og:locale\" content=\"es_MX\" \/>\n<meta property=\"og:type\" content=\"article\" \/>\n<meta property=\"og:title\" content=\"\ud83d\udca5 El impacto del mobiliario en la identidad de marca - Muebles GORA\" \/>\n<meta property=\"og:description\" content=\"Cada empresa tiene una personalidad que la hace \u00fanica. Desde el tono en el que se comunica hasta los colores que usa, todo habla de su su forma de trabajar. Pero hay un elemento quemuchas veces pasa desapercibido y que tambi\u00e9n habla de una marca: su mobiliario. El dise\u00f1o, los materiales y los colores de &hellip; Leer m\u00e1s \u00ab\ud83d\udca5 El impacto del mobiliario en la identidad de marca\u00bb\" \/>\n<meta property=\"og:url\" content=\"https:\/\/mueblesgora.com.mx\/blog\/2025\/10\/15\/el-impacto-del-mobiliario-en-la-identidad-de-marca\/\" \/>\n<meta property=\"og:site_name\" content=\"Muebles GORA\" \/>\n<meta property=\"article:published_time\" content=\"2025-10-15T19:29:44+00:00\" \/>\n<meta property=\"article:modified_time\" content=\"2025-10-24T19:38:34+00:00\" \/>\n<meta property=\"og:image\" content=\"https:\/\/mueblesgora.com.mx\/blog\/wp-content\/uploads\/2025\/10\/Cabecera-identidad-de-marca-1.png\" \/>\n\t<meta property=\"og:image:width\" content=\"1200\" \/>\n\t<meta property=\"og:image:height\" content=\"900\" \/>\n\t<meta property=\"og:image:type\" content=\"image\/png\" \/>\n<meta name=\"author\" content=\"Mercedes Arz\u00e1palo\" \/>\n<meta name=\"twitter:card\" content=\"summary_large_image\" \/>\n<meta name=\"twitter:label1\" content=\"Escrito por\" \/>\n\t<meta name=\"twitter:data1\" content=\"Mercedes Arz\u00e1palo\" \/>\n\t<meta name=\"twitter:label2\" content=\"Tiempo de lectura\" \/>\n\t<meta name=\"twitter:data2\" content=\"2 minutos\" \/>\n<script type=\"application\/ld+json\" class=\"yoast-schema-graph\">{\"@context\":\"https:\\\/\\\/schema.org\",\"@graph\":[{\"@type\":\"Article\",\"@id\":\"https:\\\/\\\/mueblesgora.com.mx\\\/blog\\\/2025\\\/10\\\/15\\\/el-impacto-del-mobiliario-en-la-identidad-de-marca\\\/#article\",\"isPartOf\":{\"@id\":\"https:\\\/\\\/mueblesgora.com.mx\\\/blog\\\/2025\\\/10\\\/15\\\/el-impacto-del-mobiliario-en-la-identidad-de-marca\\\/\"},\"author\":{\"name\":\"Mercedes Arz\u00e1palo\",\"@id\":\"https:\\\/\\\/mueblesgora.com.mx\\\/blog\\\/#\\\/schema\\\/person\\\/7eea029d9ac31830dc6248b74753fd0f\"},\"headline\":\"\ud83d\udca5 El impacto del mobiliario en la identidad de marca\",\"datePublished\":\"2025-10-15T19:29:44+00:00\",\"dateModified\":\"2025-10-24T19:38:34+00:00\",\"mainEntityOfPage\":{\"@id\":\"https:\\\/\\\/mueblesgora.com.mx\\\/blog\\\/2025\\\/10\\\/15\\\/el-impacto-del-mobiliario-en-la-identidad-de-marca\\\/\"},\"wordCount\":449,\"commentCount\":0,\"publisher\":{\"@id\":\"https:\\\/\\\/mueblesgora.com.mx\\\/blog\\\/#organization\"},\"image\":{\"@id\":\"https:\\\/\\\/mueblesgora.com.mx\\\/blog\\\/2025\\\/10\\\/15\\\/el-impacto-del-mobiliario-en-la-identidad-de-marca\\\/#primaryimage\"},\"thumbnailUrl\":\"https:\\\/\\\/mueblesgora.com.mx\\\/blog\\\/wp-content\\\/uploads\\\/2025\\\/10\\\/Cabecera-identidad-de-marca-1.png\",\"keywords\":[\"Dise\u00f1o Corporativo\",\"Dise\u00f1o Personalizado\",\"Identidad de marca\",\"Mobiliario a medida\",\"Mobiliario de Oficina\",\"mobiliario ergon\u00f3mico\",\"Oficinas M\u00e9rida\"],\"articleSection\":[\"Dise\u00f1o de Oficinas\",\"Mobiliario\",\"Mobiliario para PYMEs\",\"Oficinas\",\"Tendencias\"],\"inLanguage\":\"es\",\"potentialAction\":[{\"@type\":\"CommentAction\",\"name\":\"Comment\",\"target\":[\"https:\\\/\\\/mueblesgora.com.mx\\\/blog\\\/2025\\\/10\\\/15\\\/el-impacto-del-mobiliario-en-la-identidad-de-marca\\\/#respond\"]}]},{\"@type\":\"WebPage\",\"@id\":\"https:\\\/\\\/mueblesgora.com.mx\\\/blog\\\/2025\\\/10\\\/15\\\/el-impacto-del-mobiliario-en-la-identidad-de-marca\\\/\",\"url\":\"https:\\\/\\\/mueblesgora.com.mx\\\/blog\\\/2025\\\/10\\\/15\\\/el-impacto-del-mobiliario-en-la-identidad-de-marca\\\/\",\"name\":\"\ud83d\udca5 El impacto del mobiliario en la identidad de marca - Muebles GORA\",\"isPartOf\":{\"@id\":\"https:\\\/\\\/mueblesgora.com.mx\\\/blog\\\/#website\"},\"primaryImageOfPage\":{\"@id\":\"https:\\\/\\\/mueblesgora.com.mx\\\/blog\\\/2025\\\/10\\\/15\\\/el-impacto-del-mobiliario-en-la-identidad-de-marca\\\/#primaryimage\"},\"image\":{\"@id\":\"https:\\\/\\\/mueblesgora.com.mx\\\/blog\\\/2025\\\/10\\\/15\\\/el-impacto-del-mobiliario-en-la-identidad-de-marca\\\/#primaryimage\"},\"thumbnailUrl\":\"https:\\\/\\\/mueblesgora.com.mx\\\/blog\\\/wp-content\\\/uploads\\\/2025\\\/10\\\/Cabecera-identidad-de-marca-1.png\",\"datePublished\":\"2025-10-15T19:29:44+00:00\",\"dateModified\":\"2025-10-24T19:38:34+00:00\",\"breadcrumb\":{\"@id\":\"https:\\\/\\\/mueblesgora.com.mx\\\/blog\\\/2025\\\/10\\\/15\\\/el-impacto-del-mobiliario-en-la-identidad-de-marca\\\/#breadcrumb\"},\"inLanguage\":\"es\",\"potentialAction\":[{\"@type\":\"ReadAction\",\"target\":[\"https:\\\/\\\/mueblesgora.com.mx\\\/blog\\\/2025\\\/10\\\/15\\\/el-impacto-del-mobiliario-en-la-identidad-de-marca\\\/\"]}]},{\"@type\":\"ImageObject\",\"inLanguage\":\"es\",\"@id\":\"https:\\\/\\\/mueblesgora.com.mx\\\/blog\\\/2025\\\/10\\\/15\\\/el-impacto-del-mobiliario-en-la-identidad-de-marca\\\/#primaryimage\",\"url\":\"https:\\\/\\\/mueblesgora.com.mx\\\/blog\\\/wp-content\\\/uploads\\\/2025\\\/10\\\/Cabecera-identidad-de-marca-1.png\",\"contentUrl\":\"https:\\\/\\\/mueblesgora.com.mx\\\/blog\\\/wp-content\\\/uploads\\\/2025\\\/10\\\/Cabecera-identidad-de-marca-1.png\",\"width\":1200,\"height\":900},{\"@type\":\"BreadcrumbList\",\"@id\":\"https:\\\/\\\/mueblesgora.com.mx\\\/blog\\\/2025\\\/10\\\/15\\\/el-impacto-del-mobiliario-en-la-identidad-de-marca\\\/#breadcrumb\",\"itemListElement\":[{\"@type\":\"ListItem\",\"position\":1,\"name\":\"Inicio\",\"item\":\"https:\\\/\\\/mueblesgora.com.mx\\\/blog\\\/\"},{\"@type\":\"ListItem\",\"position\":2,\"name\":\"\ud83d\udca5 El impacto del mobiliario en la identidad de marca\"}]},{\"@type\":\"WebSite\",\"@id\":\"https:\\\/\\\/mueblesgora.com.mx\\\/blog\\\/#website\",\"url\":\"https:\\\/\\\/mueblesgora.com.mx\\\/blog\\\/\",\"name\":\"Muebles GORA\",\"description\":\"Fabricamos tus ideas.\",\"publisher\":{\"@id\":\"https:\\\/\\\/mueblesgora.com.mx\\\/blog\\\/#organization\"},\"potentialAction\":[{\"@type\":\"SearchAction\",\"target\":{\"@type\":\"EntryPoint\",\"urlTemplate\":\"https:\\\/\\\/mueblesgora.com.mx\\\/blog\\\/?s={search_term_string}\"},\"query-input\":{\"@type\":\"PropertyValueSpecification\",\"valueRequired\":true,\"valueName\":\"search_term_string\"}}],\"inLanguage\":\"es\"},{\"@type\":\"Organization\",\"@id\":\"https:\\\/\\\/mueblesgora.com.mx\\\/blog\\\/#organization\",\"name\":\"Muebles GORA\",\"url\":\"https:\\\/\\\/mueblesgora.com.mx\\\/blog\\\/\",\"logo\":{\"@type\":\"ImageObject\",\"inLanguage\":\"es\",\"@id\":\"https:\\\/\\\/mueblesgora.com.mx\\\/blog\\\/#\\\/schema\\\/logo\\\/image\\\/\",\"url\":\"https:\\\/\\\/mueblesgora.com.mx\\\/blog\\\/wp-content\\\/uploads\\\/2025\\\/09\\\/GoraW_64.png\",\"contentUrl\":\"https:\\\/\\\/mueblesgora.com.mx\\\/blog\\\/wp-content\\\/uploads\\\/2025\\\/09\\\/GoraW_64.png\",\"width\":373,\"height\":64,\"caption\":\"Muebles GORA\"},\"image\":{\"@id\":\"https:\\\/\\\/mueblesgora.com.mx\\\/blog\\\/#\\\/schema\\\/logo\\\/image\\\/\"}},{\"@type\":\"Person\",\"@id\":\"https:\\\/\\\/mueblesgora.com.mx\\\/blog\\\/#\\\/schema\\\/person\\\/7eea029d9ac31830dc6248b74753fd0f\",\"name\":\"Mercedes Arz\u00e1palo\",\"image\":{\"@type\":\"ImageObject\",\"inLanguage\":\"es\",\"@id\":\"https:\\\/\\\/secure.gravatar.com\\\/avatar\\\/047acb7b7ffa9f7fda3c2b4fbe6255979271635dddb970075b4fe34906c550ae?s=96&d=mm&r=g\",\"url\":\"https:\\\/\\\/secure.gravatar.com\\\/avatar\\\/047acb7b7ffa9f7fda3c2b4fbe6255979271635dddb970075b4fe34906c550ae?s=96&d=mm&r=g\",\"contentUrl\":\"https:\\\/\\\/secure.gravatar.com\\\/avatar\\\/047acb7b7ffa9f7fda3c2b4fbe6255979271635dddb970075b4fe34906c550ae?s=96&d=mm&r=g\",\"caption\":\"Mercedes Arz\u00e1palo\"},\"url\":\"https:\\\/\\\/mueblesgora.com.mx\\\/blog\\\/author\\\/merarzapalo\\\/\"}]}<\/script>\n<!-- \/ Yoast SEO plugin. -->","yoast_head_json":{"title":"\ud83d\udca5 El impacto del mobiliario en la identidad de marca - Muebles GORA","robots":{"index":"index","follow":"follow","max-snippet":"max-snippet:-1","max-image-preview":"max-image-preview:large","max-video-preview":"max-video-preview:-1"},"canonical":"https:\/\/mueblesgora.com.mx\/blog\/2025\/10\/15\/el-impacto-del-mobiliario-en-la-identidad-de-marca\/","og_locale":"es_MX","og_type":"article","og_title":"\ud83d\udca5 El impacto del mobiliario en la identidad de marca - Muebles GORA","og_description":"Cada empresa tiene una personalidad que la hace \u00fanica. Desde el tono en el que se comunica hasta los colores que usa, todo habla de su su forma de trabajar. Pero hay un elemento quemuchas veces pasa desapercibido y que tambi\u00e9n habla de una marca: su mobiliario. El dise\u00f1o, los materiales y los colores de &hellip; Leer m\u00e1s \u00ab\ud83d\udca5 El impacto del mobiliario en la identidad de marca\u00bb","og_url":"https:\/\/mueblesgora.com.mx\/blog\/2025\/10\/15\/el-impacto-del-mobiliario-en-la-identidad-de-marca\/","og_site_name":"Muebles GORA","article_published_time":"2025-10-15T19:29:44+00:00","article_modified_time":"2025-10-24T19:38:34+00:00","og_image":[{"width":1200,"height":900,"url":"https:\/\/mueblesgora.com.mx\/blog\/wp-content\/uploads\/2025\/10\/Cabecera-identidad-de-marca-1.png","type":"image\/png"}],"author":"Mercedes Arz\u00e1palo","twitter_card":"summary_large_image","twitter_misc":{"Escrito por":"Mercedes Arz\u00e1palo","Tiempo de lectura":"2 minutos"},"schema":{"@context":"https:\/\/schema.org","@graph":[{"@type":"Article","@id":"https:\/\/mueblesgora.com.mx\/blog\/2025\/10\/15\/el-impacto-del-mobiliario-en-la-identidad-de-marca\/#article","isPartOf":{"@id":"https:\/\/mueblesgora.com.mx\/blog\/2025\/10\/15\/el-impacto-del-mobiliario-en-la-identidad-de-marca\/"},"author":{"name":"Mercedes Arz\u00e1palo","@id":"https:\/\/mueblesgora.com.mx\/blog\/#\/schema\/person\/7eea029d9ac31830dc6248b74753fd0f"},"headline":"\ud83d\udca5 El impacto del mobiliario en la identidad de marca","datePublished":"2025-10-15T19:29:44+00:00","dateModified":"2025-10-24T19:38:34+00:00","mainEntityOfPage":{"@id":"https:\/\/mueblesgora.com.mx\/blog\/2025\/10\/15\/el-impacto-del-mobiliario-en-la-identidad-de-marca\/"},"wordCount":449,"commentCount":0,"publisher":{"@id":"https:\/\/mueblesgora.com.mx\/blog\/#organization"},"image":{"@id":"https:\/\/mueblesgora.com.mx\/blog\/2025\/10\/15\/el-impacto-del-mobiliario-en-la-identidad-de-marca\/#primaryimage"},"thumbnailUrl":"https:\/\/mueblesgora.com.mx\/blog\/wp-content\/uploads\/2025\/10\/Cabecera-identidad-de-marca-1.png","keywords":["Dise\u00f1o Corporativo","Dise\u00f1o Personalizado","Identidad de marca","Mobiliario a medida","Mobiliario de Oficina","mobiliario ergon\u00f3mico","Oficinas M\u00e9rida"],"articleSection":["Dise\u00f1o de Oficinas","Mobiliario","Mobiliario para PYMEs","Oficinas","Tendencias"],"inLanguage":"es","potentialAction":[{"@type":"CommentAction","name":"Comment","target":["https:\/\/mueblesgora.com.mx\/blog\/2025\/10\/15\/el-impacto-del-mobiliario-en-la-identidad-de-marca\/#respond"]}]},{"@type":"WebPage","@id":"https:\/\/mueblesgora.com.mx\/blog\/2025\/10\/15\/el-impacto-del-mobiliario-en-la-identidad-de-marca\/","url":"https:\/\/mueblesgora.com.mx\/blog\/2025\/10\/15\/el-impacto-del-mobiliario-en-la-identidad-de-marca\/","name":"\ud83d\udca5 El impacto del mobiliario en la identidad de marca - Muebles GORA","isPartOf":{"@id":"https:\/\/mueblesgora.com.mx\/blog\/#website"},"primaryImageOfPage":{"@id":"https:\/\/mueblesgora.com.mx\/blog\/2025\/10\/15\/el-impacto-del-mobiliario-en-la-identidad-de-marca\/#primaryimage"},"image":{"@id":"https:\/\/mueblesgora.com.mx\/blog\/2025\/10\/15\/el-impacto-del-mobiliario-en-la-identidad-de-marca\/#primaryimage"},"thumbnailUrl":"https:\/\/mueblesgora.com.mx\/blog\/wp-content\/uploads\/2025\/10\/Cabecera-identidad-de-marca-1.png","datePublished":"2025-10-15T19:29:44+00:00","dateModified":"2025-10-24T19:38:34+00:00","breadcrumb":{"@id":"https:\/\/mueblesgora.com.mx\/blog\/2025\/10\/15\/el-impacto-del-mobiliario-en-la-identidad-de-marca\/#breadcrumb"},"inLanguage":"es","potentialAction":[{"@type":"ReadAction","target":["https:\/\/mueblesgora.com.mx\/blog\/2025\/10\/15\/el-impacto-del-mobiliario-en-la-identidad-de-marca\/"]}]},{"@type":"ImageObject","inLanguage":"es","@id":"https:\/\/mueblesgora.com.mx\/blog\/2025\/10\/15\/el-impacto-del-mobiliario-en-la-identidad-de-marca\/#primaryimage","url":"https:\/\/mueblesgora.com.mx\/blog\/wp-content\/uploads\/2025\/10\/Cabecera-identidad-de-marca-1.png","contentUrl":"https:\/\/mueblesgora.com.mx\/blog\/wp-content\/uploads\/2025\/10\/Cabecera-identidad-de-marca-1.png","width":1200,"height":900},{"@type":"BreadcrumbList","@id":"https:\/\/mueblesgora.com.mx\/blog\/2025\/10\/15\/el-impacto-del-mobiliario-en-la-identidad-de-marca\/#breadcrumb","itemListElement":[{"@type":"ListItem","position":1,"name":"Inicio","item":"https:\/\/mueblesgora.com.mx\/blog\/"},{"@type":"ListItem","position":2,"name":"\ud83d\udca5 El impacto del mobiliario en la identidad de marca"}]},{"@type":"WebSite","@id":"https:\/\/mueblesgora.com.mx\/blog\/#website","url":"https:\/\/mueblesgora.com.mx\/blog\/","name":"Muebles GORA","description":"Fabricamos tus ideas.","publisher":{"@id":"https:\/\/mueblesgora.com.mx\/blog\/#organization"},"potentialAction":[{"@type":"SearchAction","target":{"@type":"EntryPoint","urlTemplate":"https:\/\/mueblesgora.com.mx\/blog\/?s={search_term_string}"},"query-input":{"@type":"PropertyValueSpecification","valueRequired":true,"valueName":"search_term_string"}}],"inLanguage":"es"},{"@type":"Organization","@id":"https:\/\/mueblesgora.com.mx\/blog\/#organization","name":"Muebles GORA","url":"https:\/\/mueblesgora.com.mx\/blog\/","logo":{"@type":"ImageObject","inLanguage":"es","@id":"https:\/\/mueblesgora.com.mx\/blog\/#\/schema\/logo\/image\/","url":"https:\/\/mueblesgora.com.mx\/blog\/wp-content\/uploads\/2025\/09\/GoraW_64.png","contentUrl":"https:\/\/mueblesgora.com.mx\/blog\/wp-content\/uploads\/2025\/09\/GoraW_64.png","width":373,"height":64,"caption":"Muebles GORA"},"image":{"@id":"https:\/\/mueblesgora.com.mx\/blog\/#\/schema\/logo\/image\/"}},{"@type":"Person","@id":"https:\/\/mueblesgora.com.mx\/blog\/#\/schema\/person\/7eea029d9ac31830dc6248b74753fd0f","name":"Mercedes Arz\u00e1palo","image":{"@type":"ImageObject","inLanguage":"es","@id":"https:\/\/secure.gravatar.com\/avatar\/047acb7b7ffa9f7fda3c2b4fbe6255979271635dddb970075b4fe34906c550ae?s=96&d=mm&r=g","url":"https:\/\/secure.gravatar.com\/avatar\/047acb7b7ffa9f7fda3c2b4fbe6255979271635dddb970075b4fe34906c550ae?s=96&d=mm&r=g","contentUrl":"https:\/\/secure.gravatar.com\/avatar\/047acb7b7ffa9f7fda3c2b4fbe6255979271635dddb970075b4fe34906c550ae?s=96&d=mm&r=g","caption":"Mercedes Arz\u00e1palo"},"url":"https:\/\/mueblesgora.com.mx\/blog\/author\/merarzapalo\/"}]}},"featured_media_urls":{"thumbnail":["https:\/\/mueblesgora.com.mx\/blog\/wp-content\/uploads\/2025\/10\/Cabecera-identidad-de-marca-1-150x150.png",150,150,true],"medium":["https:\/\/mueblesgora.com.mx\/blog\/wp-content\/uploads\/2025\/10\/Cabecera-identidad-de-marca-1-300x225.png",300,225,true],"medium_large":["https:\/\/mueblesgora.com.mx\/blog\/wp-content\/uploads\/2025\/10\/Cabecera-identidad-de-marca-1.png",768,576,false],"large":["https:\/\/mueblesgora.com.mx\/blog\/wp-content\/uploads\/2025\/10\/Cabecera-identidad-de-marca-1-1024x768.png",950,713,true],"1536x1536":["https:\/\/mueblesgora.com.mx\/blog\/wp-content\/uploads\/2025\/10\/Cabecera-identidad-de-marca-1.png",1200,900,false],"2048x2048":["https:\/\/mueblesgora.com.mx\/blog\/wp-content\/uploads\/2025\/10\/Cabecera-identidad-de-marca-1.png",1200,900,false],"inspiro-featured-image":["https:\/\/mueblesgora.com.mx\/blog\/wp-content\/uploads\/2025\/10\/Cabecera-identidad-de-marca-1.png",1200,900,false],"inspiro-loop":["https:\/\/mueblesgora.com.mx\/blog\/wp-content\/uploads\/2025\/10\/Cabecera-identidad-de-marca-1-950x320.png",950,320,true],"inspiro-loop@2x":["https:\/\/mueblesgora.com.mx\/blog\/wp-content\/uploads\/2025\/10\/Cabecera-identidad-de-marca-1-1200x640.png",1200,640,true],"portfolio_item-thumbnail":["https:\/\/mueblesgora.com.mx\/blog\/wp-content\/uploads\/2025\/10\/Cabecera-identidad-de-marca-1-600x400.png",600,400,true],"portfolio_item-thumbnail@2x":["https:\/\/mueblesgora.com.mx\/blog\/wp-content\/uploads\/2025\/10\/Cabecera-identidad-de-marca-1-1200x800.png",1200,800,true],"portfolio_item-masonry":["https:\/\/mueblesgora.com.mx\/blog\/wp-content\/uploads\/2025\/10\/Cabecera-identidad-de-marca-1-600x450.png",600,450,true],"portfolio_item-masonry@2x":["https:\/\/mueblesgora.com.mx\/blog\/wp-content\/uploads\/2025\/10\/Cabecera-identidad-de-marca-1.png",1200,900,false],"portfolio_item-thumbnail_cinema":["https:\/\/mueblesgora.com.mx\/blog\/wp-content\/uploads\/2025\/10\/Cabecera-identidad-de-marca-1-800x335.png",800,335,true],"portfolio_item-thumbnail_portrait":["https:\/\/mueblesgora.com.mx\/blog\/wp-content\/uploads\/2025\/10\/Cabecera-identidad-de-marca-1-600x900.png",600,900,true],"portfolio_item-thumbnail_portrait@2x":["https:\/\/mueblesgora.com.mx\/blog\/wp-content\/uploads\/2025\/10\/Cabecera-identidad-de-marca-1.png",1200,900,false],"portfolio_item-thumbnail_square":["https:\/\/mueblesgora.com.mx\/blog\/wp-content\/uploads\/2025\/10\/Cabecera-identidad-de-marca-1-800x800.png",800,800,true]},"_links":{"self":[{"href":"https:\/\/mueblesgora.com.mx\/blog\/wp-json\/wp\/v2\/posts\/634","targetHints":{"allow":["GET"]}}],"collection":[{"href":"https:\/\/mueblesgora.com.mx\/blog\/wp-json\/wp\/v2\/posts"}],"about":[{"href":"https:\/\/mueblesgora.com.mx\/blog\/wp-json\/wp\/v2\/types\/post"}],"author":[{"embeddable":true,"href":"https:\/\/mueblesgora.com.mx\/blog\/wp-json\/wp\/v2\/users\/2"}],"replies":[{"embeddable":true,"href":"https:\/\/mueblesgora.com.mx\/blog\/wp-json\/wp\/v2\/comments?post=634"}],"version-history":[{"count":6,"href":"https:\/\/mueblesgora.com.mx\/blog\/wp-json\/wp\/v2\/posts\/634\/revisions"}],"predecessor-version":[{"id":653,"href":"https:\/\/mueblesgora.com.mx\/blog\/wp-json\/wp\/v2\/posts\/634\/revisions\/653"}],"wp:featuredmedia":[{"embeddable":true,"href":"https:\/\/mueblesgora.com.mx\/blog\/wp-json\/wp\/v2\/media\/640"}],"wp:attachment":[{"href":"https:\/\/mueblesgora.com.mx\/blog\/wp-json\/wp\/v2\/media?parent=634"}],"wp:term":[{"taxonomy":"category","embeddable":true,"href":"https:\/\/mueblesgora.com.mx\/blog\/wp-json\/wp\/v2\/categories?post=634"},{"taxonomy":"post_tag","embeddable":true,"href":"https:\/\/mueblesgora.com.mx\/blog\/wp-json\/wp\/v2\/tags?post=634"}],"curies":[{"name":"wp","href":"https:\/\/api.w.org\/{rel}","templated":true}]}}