{"id":644,"date":"2025-10-27T15:54:55","date_gmt":"2025-10-27T21:54:55","guid":{"rendered":"https:\/\/mueblesgora.com.mx\/blog\/?p=644"},"modified":"2025-10-27T15:55:19","modified_gmt":"2025-10-27T21:55:19","slug":"biofilia-en-la-oficina-conectar-el-diseno-con-la-naturaleza","status":"publish","type":"post","link":"https:\/\/mueblesgora.com.mx\/blog\/2025\/10\/27\/biofilia-en-la-oficina-conectar-el-diseno-con-la-naturaleza\/","title":{"rendered":"\ud83c\udf3f Biofilia en la oficina: conectar el dise\u00f1o con la naturaleza"},"content":{"rendered":"\n<p class=\"has-medium-font-size wp-block-paragraph\">En la actualidad, una <a href=\"https:\/\/mueblesgora.com.mx\/mobiliario.php?MOBILIARIO=Oficinas\">oficina<\/a> ha dejado de ser ese lugar r\u00edgido y fr\u00edo para transformarse en un entorno m\u00e1s humano, c\u00f3modos, din\u00e1mico y estimulante. Dentro de estos cambios, el dise\u00f1o biof\u00edlico se ha vuelto una tendencia clave para crear lugares de trabajo donde las personas se sientan mejor y rindan mejor.<\/p>\n\n\n\n<h3 class=\"wp-block-heading has-medium-font-size\">\ud83c\udf31 \u00bfQu\u00e9 es la biofilia?<\/h3>\n\n\n\n<p class=\"has-medium-font-size wp-block-paragraph\">El t\u00e9rmino <em>biofilia<\/em> significa de manera literal \u201camor por la vida\u201d. En el dise\u00f1o, se traduce en la integraci\u00f3n de elementos naturales que pueden ser plantas, luz, materiales y colores inspirados en la naturaleza, dentro del entorno construido.<br>Su objetivo es sencillo pero extremadamente poderoso: <strong>ayudar a las personas<\/strong> <strong>reconectar con la naturaleza, incluso en el interior<\/strong>.<\/p>\n\n\n\n<h3 class=\"wp-block-heading has-medium-font-size\">Beneficios de la biofilia en la oficina<\/h3>\n\n\n\n<p class=\"has-medium-font-size wp-block-paragraph\">Incorporar la biofilia en el dise\u00f1o del mobiliario y los espacios de trabajo genera beneficios palpables:<\/p>\n\n\n\n<ul class=\"wp-block-list\">\n<li class=\"has-medium-font-size\"><strong>Mayor bienestar y concentraci\u00f3n:<\/strong> los tonos naturales y el uso de plantas reducen el estr\u00e9s, no solo visual sino tambi\u00e9n mental.<\/li>\n\n\n\n<li class=\"has-medium-font-size\"><strong>Ambientes m\u00e1s agradables:<\/strong> un espacio con vegetaci\u00f3n, materiales que transmitan calidez y una buena iluminaci\u00f3n genera sensaci\u00f3n de confort.<\/li>\n\n\n\n<li class=\"has-medium-font-size\"><strong>Productividad y creatividad:<\/strong> diversos estudios confirman que las oficinas con elementos naturales se traducen en una mejor\u00eda en el rendimiento del equipo.<\/li>\n\n\n\n<li class=\"has-medium-font-size\"><strong>Mejor imagen corporativa:<\/strong> las empresas que cuidan el entorno f\u00edsico en el que laboran proyectan una cultura m\u00e1s consciente, moderna, fresca y humana.<\/li>\n<\/ul>\n\n\n\n<figure class=\"wp-block-image size-large is-resized\"><img fetchpriority=\"high\" decoding=\"async\" width=\"1024\" height=\"538\" src=\"https:\/\/mueblesgora.com.mx\/blog\/wp-content\/uploads\/2025\/10\/Cabecera-biofilia-2-1024x538.png\" alt=\"\" class=\"wp-image-658\" style=\"width:1182px;height:auto\" srcset=\"https:\/\/mueblesgora.com.mx\/blog\/wp-content\/uploads\/2025\/10\/Cabecera-biofilia-2-1024x538.png 1024w, https:\/\/mueblesgora.com.mx\/blog\/wp-content\/uploads\/2025\/10\/Cabecera-biofilia-2-300x158.png 300w, https:\/\/mueblesgora.com.mx\/blog\/wp-content\/uploads\/2025\/10\/Cabecera-biofilia-2.png 1200w\" sizes=\"(max-width: 1024px) 100vw, 1024px\" \/><\/figure>\n\n\n\n<h3 class=\"wp-block-heading has-medium-font-size\">C\u00f3mo aplicar la biofilia con el mobiliario<\/h3>\n\n\n\n<p class=\"has-medium-font-size wp-block-paragraph\">No es necesario convertir la oficina en un jard\u00edn de babilonia para aprovechar sus beneficios. Algunas ideas simples y sencillas de implementar hacen una gran diferencia:<\/p>\n\n\n\n<ul class=\"wp-block-list\">\n<li class=\"has-medium-font-size\"><strong>Muebles con acabados tipo madera<\/strong> que transmiten calidez.<\/li>\n\n\n\n<li class=\"has-medium-font-size\"><strong><a href=\"https:\/\/mueblesgora.com.mx\/blog\/tag\/mesas-tipo-bench-en-merida\/\">Mesas tipo bench<\/a> con maceteros integrados<\/strong>, que aportan el toque de vegetaci\u00f3n y adem\u00e1s funcionan como divisores visuales.<\/li>\n\n\n\n<li class=\"has-medium-font-size\"><strong>Uso de colores suaves<\/strong> como verdes, tonos beige o grises c\u00e1lidos para crear espacios m\u00e1s arm\u00f3nicos.<\/li>\n\n\n\n<li class=\"has-medium-font-size\"><strong><a href=\"https:\/\/mueblesgora.com.mx\/sillas.php\">Sillas ergon\u00f3micas<\/a> en tonos neutros<\/strong>, que se integran sin saturar visualmente.<\/li>\n\n\n\n<li class=\"has-medium-font-size\"><strong>Paneles o libreros abiertos<\/strong>, ideales para poner plantas o elementos naturales.<\/li>\n<\/ul>\n\n\n\n<h3 class=\"wp-block-heading has-medium-font-size\">\ud83c\udf1e En Muebles GORA, el bienestar tambi\u00e9n se dise\u00f1a<\/h3>\n\n\n\n<p class=\"has-medium-font-size wp-block-paragraph\">En <a href=\"https:\/\/mueblesgora.com.mx\/index.php\">Muebles GORA<\/a> creemos que el dise\u00f1o debe adaptarse a las personas y nunca al rev\u00e9s.<br>Por eso, trabajamos para ofrecer soluciones que combinan funcionalidad, comodidad y est\u00e9tica natural, ayud\u00e1ndote a crear <strong>espacios de trabajo m\u00e1s humanos, productivos y revitalizantes<\/strong>.<\/p>\n\n\n\n<p class=\"has-medium-font-size wp-block-paragraph\"><br>\ud83d\udc49 <a href=\"https:\/\/drive.google.com\/file\/d\/1dPeQC7Xax-8ZJTHB5rwn8azfLOTtZOcX\/view?usp=sharing\">Descubre <\/a>c\u00f3mo podemos ayudarte a transformar tu oficina con dise\u00f1o biof\u00edlico.<br>\ud83d\udcf2<a href=\"https:\/\/api.whatsapp.com\/send?phone=5219992247700&amp;text=Quisiera%20asesor%C3%ADa%20sobre%20mobiliario%20%C2%BFPodr%C3%ADas%20ayudarme%3F\"> Cont\u00e1ctanos<\/a> para recibir una propuesta personalizada<\/p>\n","protected":false},"excerpt":{"rendered":"<p>En la actualidad, una oficina ha dejado de ser ese lugar r\u00edgido y fr\u00edo para transformarse en un entorno m\u00e1s humano, c\u00f3modos, din\u00e1mico y estimulante. Dentro de estos cambios, el dise\u00f1o biof\u00edlico se ha vuelto una tendencia clave para crear lugares de trabajo donde las personas se sientan mejor y rindan mejor. \ud83c\udf31 \u00bfQu\u00e9 es &hellip; <\/p>\n<p class=\"link-more\"><a href=\"https:\/\/mueblesgora.com.mx\/blog\/2025\/10\/27\/biofilia-en-la-oficina-conectar-el-diseno-con-la-naturaleza\/\" class=\"more-link\">Leer m\u00e1s<span class=\"screen-reader-text\"> \u00ab\ud83c\udf3f Biofilia en la oficina: conectar el dise\u00f1o con la naturaleza\u00bb<\/span><\/a><\/p>\n","protected":false},"author":2,"featured_media":655,"comment_status":"open","ping_status":"","sticky":false,"template":"","format":"standard","meta":{"footnotes":""},"categories":[5,56,4,202],"tags":[52,51,10,26,43,25,32],"class_list":["post-644","post","type-post","status-publish","format-standard","has-post-thumbnail","hentry","category-diseno-de-oficinas","category-mobiliario","category-oficinas","category-tendencias","tag-biofilia","tag-diseno-biofilico","tag-diseno-de-oficinas","tag-escritorios-en-merida","tag-mesas-tipo-bench-en-merida","tag-mobiliario-en-merida","tag-oficinas-merida"],"yoast_head":"<!-- This site is optimized with the Yoast SEO plugin v27.3 - https:\/\/yoast.com\/product\/yoast-seo-wordpress\/ -->\n<title>\ud83c\udf3f Biofilia en la oficina: conectar el dise\u00f1o con la naturaleza - Muebles GORA<\/title>\n<meta name=\"robots\" content=\"index, follow, max-snippet:-1, max-image-preview:large, max-video-preview:-1\" \/>\n<link rel=\"canonical\" href=\"https:\/\/mueblesgora.com.mx\/blog\/2025\/10\/27\/biofilia-en-la-oficina-conectar-el-diseno-con-la-naturaleza\/\" \/>\n<meta property=\"og:locale\" content=\"es_MX\" \/>\n<meta property=\"og:type\" content=\"article\" \/>\n<meta property=\"og:title\" content=\"\ud83c\udf3f Biofilia en la oficina: conectar el dise\u00f1o con la naturaleza - Muebles GORA\" \/>\n<meta property=\"og:description\" content=\"En la actualidad, una oficina ha dejado de ser ese lugar r\u00edgido y fr\u00edo para transformarse en un entorno m\u00e1s humano, c\u00f3modos, din\u00e1mico y estimulante. Dentro de estos cambios, el dise\u00f1o biof\u00edlico se ha vuelto una tendencia clave para crear lugares de trabajo donde las personas se sientan mejor y rindan mejor. \ud83c\udf31 \u00bfQu\u00e9 es &hellip; Leer m\u00e1s \u00ab\ud83c\udf3f Biofilia en la oficina: conectar el dise\u00f1o con la naturaleza\u00bb\" \/>\n<meta property=\"og:url\" content=\"https:\/\/mueblesgora.com.mx\/blog\/2025\/10\/27\/biofilia-en-la-oficina-conectar-el-diseno-con-la-naturaleza\/\" \/>\n<meta property=\"og:site_name\" content=\"Muebles GORA\" \/>\n<meta property=\"article:published_time\" content=\"2025-10-27T21:54:55+00:00\" \/>\n<meta property=\"article:modified_time\" content=\"2025-10-27T21:55:19+00:00\" \/>\n<meta property=\"og:image\" content=\"https:\/\/mueblesgora.com.mx\/blog\/wp-content\/uploads\/2025\/10\/Entada-Biofilia.png\" \/>\n\t<meta property=\"og:image:width\" content=\"1200\" \/>\n\t<meta property=\"og:image:height\" content=\"900\" \/>\n\t<meta property=\"og:image:type\" content=\"image\/png\" \/>\n<meta name=\"author\" content=\"Mercedes Arz\u00e1palo\" \/>\n<meta name=\"twitter:card\" content=\"summary_large_image\" \/>\n<meta name=\"twitter:label1\" content=\"Escrito por\" \/>\n\t<meta name=\"twitter:data1\" content=\"Mercedes Arz\u00e1palo\" \/>\n\t<meta name=\"twitter:label2\" content=\"Tiempo de lectura\" \/>\n\t<meta name=\"twitter:data2\" content=\"2 minutos\" \/>\n<script type=\"application\/ld+json\" class=\"yoast-schema-graph\">{\"@context\":\"https:\\\/\\\/schema.org\",\"@graph\":[{\"@type\":\"Article\",\"@id\":\"https:\\\/\\\/mueblesgora.com.mx\\\/blog\\\/2025\\\/10\\\/27\\\/biofilia-en-la-oficina-conectar-el-diseno-con-la-naturaleza\\\/#article\",\"isPartOf\":{\"@id\":\"https:\\\/\\\/mueblesgora.com.mx\\\/blog\\\/2025\\\/10\\\/27\\\/biofilia-en-la-oficina-conectar-el-diseno-con-la-naturaleza\\\/\"},\"author\":{\"name\":\"Mercedes Arz\u00e1palo\",\"@id\":\"https:\\\/\\\/mueblesgora.com.mx\\\/blog\\\/#\\\/schema\\\/person\\\/7eea029d9ac31830dc6248b74753fd0f\"},\"headline\":\"\ud83c\udf3f Biofilia en la oficina: conectar el dise\u00f1o con la naturaleza\",\"datePublished\":\"2025-10-27T21:54:55+00:00\",\"dateModified\":\"2025-10-27T21:55:19+00:00\",\"mainEntityOfPage\":{\"@id\":\"https:\\\/\\\/mueblesgora.com.mx\\\/blog\\\/2025\\\/10\\\/27\\\/biofilia-en-la-oficina-conectar-el-diseno-con-la-naturaleza\\\/\"},\"wordCount\":434,\"commentCount\":0,\"publisher\":{\"@id\":\"https:\\\/\\\/mueblesgora.com.mx\\\/blog\\\/#organization\"},\"image\":{\"@id\":\"https:\\\/\\\/mueblesgora.com.mx\\\/blog\\\/2025\\\/10\\\/27\\\/biofilia-en-la-oficina-conectar-el-diseno-con-la-naturaleza\\\/#primaryimage\"},\"thumbnailUrl\":\"https:\\\/\\\/mueblesgora.com.mx\\\/blog\\\/wp-content\\\/uploads\\\/2025\\\/10\\\/Entada-Biofilia.png\",\"keywords\":[\"Biofilia\",\"Dise\u00f1o Biof\u00edlico\",\"Dise\u00f1o de oficinas\",\"Escritorios en M\u00e9rida\",\"Mesas Tipo Bench en M\u00e9rida\",\"Mobiliario en M\u00e9rida\",\"Oficinas M\u00e9rida\"],\"articleSection\":[\"Dise\u00f1o de Oficinas\",\"Mobiliario\",\"Oficinas\",\"Tendencias\"],\"inLanguage\":\"es\",\"potentialAction\":[{\"@type\":\"CommentAction\",\"name\":\"Comment\",\"target\":[\"https:\\\/\\\/mueblesgora.com.mx\\\/blog\\\/2025\\\/10\\\/27\\\/biofilia-en-la-oficina-conectar-el-diseno-con-la-naturaleza\\\/#respond\"]}]},{\"@type\":\"WebPage\",\"@id\":\"https:\\\/\\\/mueblesgora.com.mx\\\/blog\\\/2025\\\/10\\\/27\\\/biofilia-en-la-oficina-conectar-el-diseno-con-la-naturaleza\\\/\",\"url\":\"https:\\\/\\\/mueblesgora.com.mx\\\/blog\\\/2025\\\/10\\\/27\\\/biofilia-en-la-oficina-conectar-el-diseno-con-la-naturaleza\\\/\",\"name\":\"\ud83c\udf3f Biofilia en la oficina: conectar el dise\u00f1o con la naturaleza - Muebles GORA\",\"isPartOf\":{\"@id\":\"https:\\\/\\\/mueblesgora.com.mx\\\/blog\\\/#website\"},\"primaryImageOfPage\":{\"@id\":\"https:\\\/\\\/mueblesgora.com.mx\\\/blog\\\/2025\\\/10\\\/27\\\/biofilia-en-la-oficina-conectar-el-diseno-con-la-naturaleza\\\/#primaryimage\"},\"image\":{\"@id\":\"https:\\\/\\\/mueblesgora.com.mx\\\/blog\\\/2025\\\/10\\\/27\\\/biofilia-en-la-oficina-conectar-el-diseno-con-la-naturaleza\\\/#primaryimage\"},\"thumbnailUrl\":\"https:\\\/\\\/mueblesgora.com.mx\\\/blog\\\/wp-content\\\/uploads\\\/2025\\\/10\\\/Entada-Biofilia.png\",\"datePublished\":\"2025-10-27T21:54:55+00:00\",\"dateModified\":\"2025-10-27T21:55:19+00:00\",\"breadcrumb\":{\"@id\":\"https:\\\/\\\/mueblesgora.com.mx\\\/blog\\\/2025\\\/10\\\/27\\\/biofilia-en-la-oficina-conectar-el-diseno-con-la-naturaleza\\\/#breadcrumb\"},\"inLanguage\":\"es\",\"potentialAction\":[{\"@type\":\"ReadAction\",\"target\":[\"https:\\\/\\\/mueblesgora.com.mx\\\/blog\\\/2025\\\/10\\\/27\\\/biofilia-en-la-oficina-conectar-el-diseno-con-la-naturaleza\\\/\"]}]},{\"@type\":\"ImageObject\",\"inLanguage\":\"es\",\"@id\":\"https:\\\/\\\/mueblesgora.com.mx\\\/blog\\\/2025\\\/10\\\/27\\\/biofilia-en-la-oficina-conectar-el-diseno-con-la-naturaleza\\\/#primaryimage\",\"url\":\"https:\\\/\\\/mueblesgora.com.mx\\\/blog\\\/wp-content\\\/uploads\\\/2025\\\/10\\\/Entada-Biofilia.png\",\"contentUrl\":\"https:\\\/\\\/mueblesgora.com.mx\\\/blog\\\/wp-content\\\/uploads\\\/2025\\\/10\\\/Entada-Biofilia.png\",\"width\":1200,\"height\":900},{\"@type\":\"BreadcrumbList\",\"@id\":\"https:\\\/\\\/mueblesgora.com.mx\\\/blog\\\/2025\\\/10\\\/27\\\/biofilia-en-la-oficina-conectar-el-diseno-con-la-naturaleza\\\/#breadcrumb\",\"itemListElement\":[{\"@type\":\"ListItem\",\"position\":1,\"name\":\"Inicio\",\"item\":\"https:\\\/\\\/mueblesgora.com.mx\\\/blog\\\/\"},{\"@type\":\"ListItem\",\"position\":2,\"name\":\"\ud83c\udf3f Biofilia en la oficina: conectar el dise\u00f1o con la naturaleza\"}]},{\"@type\":\"WebSite\",\"@id\":\"https:\\\/\\\/mueblesgora.com.mx\\\/blog\\\/#website\",\"url\":\"https:\\\/\\\/mueblesgora.com.mx\\\/blog\\\/\",\"name\":\"Muebles GORA\",\"description\":\"Fabricamos tus ideas.\",\"publisher\":{\"@id\":\"https:\\\/\\\/mueblesgora.com.mx\\\/blog\\\/#organization\"},\"potentialAction\":[{\"@type\":\"SearchAction\",\"target\":{\"@type\":\"EntryPoint\",\"urlTemplate\":\"https:\\\/\\\/mueblesgora.com.mx\\\/blog\\\/?s={search_term_string}\"},\"query-input\":{\"@type\":\"PropertyValueSpecification\",\"valueRequired\":true,\"valueName\":\"search_term_string\"}}],\"inLanguage\":\"es\"},{\"@type\":\"Organization\",\"@id\":\"https:\\\/\\\/mueblesgora.com.mx\\\/blog\\\/#organization\",\"name\":\"Muebles GORA\",\"url\":\"https:\\\/\\\/mueblesgora.com.mx\\\/blog\\\/\",\"logo\":{\"@type\":\"ImageObject\",\"inLanguage\":\"es\",\"@id\":\"https:\\\/\\\/mueblesgora.com.mx\\\/blog\\\/#\\\/schema\\\/logo\\\/image\\\/\",\"url\":\"https:\\\/\\\/mueblesgora.com.mx\\\/blog\\\/wp-content\\\/uploads\\\/2025\\\/09\\\/GoraW_64.png\",\"contentUrl\":\"https:\\\/\\\/mueblesgora.com.mx\\\/blog\\\/wp-content\\\/uploads\\\/2025\\\/09\\\/GoraW_64.png\",\"width\":373,\"height\":64,\"caption\":\"Muebles GORA\"},\"image\":{\"@id\":\"https:\\\/\\\/mueblesgora.com.mx\\\/blog\\\/#\\\/schema\\\/logo\\\/image\\\/\"}},{\"@type\":\"Person\",\"@id\":\"https:\\\/\\\/mueblesgora.com.mx\\\/blog\\\/#\\\/schema\\\/person\\\/7eea029d9ac31830dc6248b74753fd0f\",\"name\":\"Mercedes Arz\u00e1palo\",\"image\":{\"@type\":\"ImageObject\",\"inLanguage\":\"es\",\"@id\":\"https:\\\/\\\/secure.gravatar.com\\\/avatar\\\/047acb7b7ffa9f7fda3c2b4fbe6255979271635dddb970075b4fe34906c550ae?s=96&d=mm&r=g\",\"url\":\"https:\\\/\\\/secure.gravatar.com\\\/avatar\\\/047acb7b7ffa9f7fda3c2b4fbe6255979271635dddb970075b4fe34906c550ae?s=96&d=mm&r=g\",\"contentUrl\":\"https:\\\/\\\/secure.gravatar.com\\\/avatar\\\/047acb7b7ffa9f7fda3c2b4fbe6255979271635dddb970075b4fe34906c550ae?s=96&d=mm&r=g\",\"caption\":\"Mercedes Arz\u00e1palo\"},\"url\":\"https:\\\/\\\/mueblesgora.com.mx\\\/blog\\\/author\\\/merarzapalo\\\/\"}]}<\/script>\n<!-- \/ Yoast SEO plugin. -->","yoast_head_json":{"title":"\ud83c\udf3f Biofilia en la oficina: conectar el dise\u00f1o con la naturaleza - Muebles GORA","robots":{"index":"index","follow":"follow","max-snippet":"max-snippet:-1","max-image-preview":"max-image-preview:large","max-video-preview":"max-video-preview:-1"},"canonical":"https:\/\/mueblesgora.com.mx\/blog\/2025\/10\/27\/biofilia-en-la-oficina-conectar-el-diseno-con-la-naturaleza\/","og_locale":"es_MX","og_type":"article","og_title":"\ud83c\udf3f Biofilia en la oficina: conectar el dise\u00f1o con la naturaleza - Muebles GORA","og_description":"En la actualidad, una oficina ha dejado de ser ese lugar r\u00edgido y fr\u00edo para transformarse en un entorno m\u00e1s humano, c\u00f3modos, din\u00e1mico y estimulante. Dentro de estos cambios, el dise\u00f1o biof\u00edlico se ha vuelto una tendencia clave para crear lugares de trabajo donde las personas se sientan mejor y rindan mejor. \ud83c\udf31 \u00bfQu\u00e9 es &hellip; Leer m\u00e1s \u00ab\ud83c\udf3f Biofilia en la oficina: conectar el dise\u00f1o con la naturaleza\u00bb","og_url":"https:\/\/mueblesgora.com.mx\/blog\/2025\/10\/27\/biofilia-en-la-oficina-conectar-el-diseno-con-la-naturaleza\/","og_site_name":"Muebles GORA","article_published_time":"2025-10-27T21:54:55+00:00","article_modified_time":"2025-10-27T21:55:19+00:00","og_image":[{"width":1200,"height":900,"url":"https:\/\/mueblesgora.com.mx\/blog\/wp-content\/uploads\/2025\/10\/Entada-Biofilia.png","type":"image\/png"}],"author":"Mercedes Arz\u00e1palo","twitter_card":"summary_large_image","twitter_misc":{"Escrito por":"Mercedes Arz\u00e1palo","Tiempo de lectura":"2 minutos"},"schema":{"@context":"https:\/\/schema.org","@graph":[{"@type":"Article","@id":"https:\/\/mueblesgora.com.mx\/blog\/2025\/10\/27\/biofilia-en-la-oficina-conectar-el-diseno-con-la-naturaleza\/#article","isPartOf":{"@id":"https:\/\/mueblesgora.com.mx\/blog\/2025\/10\/27\/biofilia-en-la-oficina-conectar-el-diseno-con-la-naturaleza\/"},"author":{"name":"Mercedes Arz\u00e1palo","@id":"https:\/\/mueblesgora.com.mx\/blog\/#\/schema\/person\/7eea029d9ac31830dc6248b74753fd0f"},"headline":"\ud83c\udf3f Biofilia en la oficina: conectar el dise\u00f1o con la naturaleza","datePublished":"2025-10-27T21:54:55+00:00","dateModified":"2025-10-27T21:55:19+00:00","mainEntityOfPage":{"@id":"https:\/\/mueblesgora.com.mx\/blog\/2025\/10\/27\/biofilia-en-la-oficina-conectar-el-diseno-con-la-naturaleza\/"},"wordCount":434,"commentCount":0,"publisher":{"@id":"https:\/\/mueblesgora.com.mx\/blog\/#organization"},"image":{"@id":"https:\/\/mueblesgora.com.mx\/blog\/2025\/10\/27\/biofilia-en-la-oficina-conectar-el-diseno-con-la-naturaleza\/#primaryimage"},"thumbnailUrl":"https:\/\/mueblesgora.com.mx\/blog\/wp-content\/uploads\/2025\/10\/Entada-Biofilia.png","keywords":["Biofilia","Dise\u00f1o Biof\u00edlico","Dise\u00f1o de oficinas","Escritorios en M\u00e9rida","Mesas Tipo Bench en M\u00e9rida","Mobiliario en M\u00e9rida","Oficinas M\u00e9rida"],"articleSection":["Dise\u00f1o de Oficinas","Mobiliario","Oficinas","Tendencias"],"inLanguage":"es","potentialAction":[{"@type":"CommentAction","name":"Comment","target":["https:\/\/mueblesgora.com.mx\/blog\/2025\/10\/27\/biofilia-en-la-oficina-conectar-el-diseno-con-la-naturaleza\/#respond"]}]},{"@type":"WebPage","@id":"https:\/\/mueblesgora.com.mx\/blog\/2025\/10\/27\/biofilia-en-la-oficina-conectar-el-diseno-con-la-naturaleza\/","url":"https:\/\/mueblesgora.com.mx\/blog\/2025\/10\/27\/biofilia-en-la-oficina-conectar-el-diseno-con-la-naturaleza\/","name":"\ud83c\udf3f Biofilia en la oficina: conectar el dise\u00f1o con la naturaleza - Muebles GORA","isPartOf":{"@id":"https:\/\/mueblesgora.com.mx\/blog\/#website"},"primaryImageOfPage":{"@id":"https:\/\/mueblesgora.com.mx\/blog\/2025\/10\/27\/biofilia-en-la-oficina-conectar-el-diseno-con-la-naturaleza\/#primaryimage"},"image":{"@id":"https:\/\/mueblesgora.com.mx\/blog\/2025\/10\/27\/biofilia-en-la-oficina-conectar-el-diseno-con-la-naturaleza\/#primaryimage"},"thumbnailUrl":"https:\/\/mueblesgora.com.mx\/blog\/wp-content\/uploads\/2025\/10\/Entada-Biofilia.png","datePublished":"2025-10-27T21:54:55+00:00","dateModified":"2025-10-27T21:55:19+00:00","breadcrumb":{"@id":"https:\/\/mueblesgora.com.mx\/blog\/2025\/10\/27\/biofilia-en-la-oficina-conectar-el-diseno-con-la-naturaleza\/#breadcrumb"},"inLanguage":"es","potentialAction":[{"@type":"ReadAction","target":["https:\/\/mueblesgora.com.mx\/blog\/2025\/10\/27\/biofilia-en-la-oficina-conectar-el-diseno-con-la-naturaleza\/"]}]},{"@type":"ImageObject","inLanguage":"es","@id":"https:\/\/mueblesgora.com.mx\/blog\/2025\/10\/27\/biofilia-en-la-oficina-conectar-el-diseno-con-la-naturaleza\/#primaryimage","url":"https:\/\/mueblesgora.com.mx\/blog\/wp-content\/uploads\/2025\/10\/Entada-Biofilia.png","contentUrl":"https:\/\/mueblesgora.com.mx\/blog\/wp-content\/uploads\/2025\/10\/Entada-Biofilia.png","width":1200,"height":900},{"@type":"BreadcrumbList","@id":"https:\/\/mueblesgora.com.mx\/blog\/2025\/10\/27\/biofilia-en-la-oficina-conectar-el-diseno-con-la-naturaleza\/#breadcrumb","itemListElement":[{"@type":"ListItem","position":1,"name":"Inicio","item":"https:\/\/mueblesgora.com.mx\/blog\/"},{"@type":"ListItem","position":2,"name":"\ud83c\udf3f Biofilia en la oficina: conectar el dise\u00f1o con la naturaleza"}]},{"@type":"WebSite","@id":"https:\/\/mueblesgora.com.mx\/blog\/#website","url":"https:\/\/mueblesgora.com.mx\/blog\/","name":"Muebles GORA","description":"Fabricamos tus ideas.","publisher":{"@id":"https:\/\/mueblesgora.com.mx\/blog\/#organization"},"potentialAction":[{"@type":"SearchAction","target":{"@type":"EntryPoint","urlTemplate":"https:\/\/mueblesgora.com.mx\/blog\/?s={search_term_string}"},"query-input":{"@type":"PropertyValueSpecification","valueRequired":true,"valueName":"search_term_string"}}],"inLanguage":"es"},{"@type":"Organization","@id":"https:\/\/mueblesgora.com.mx\/blog\/#organization","name":"Muebles GORA","url":"https:\/\/mueblesgora.com.mx\/blog\/","logo":{"@type":"ImageObject","inLanguage":"es","@id":"https:\/\/mueblesgora.com.mx\/blog\/#\/schema\/logo\/image\/","url":"https:\/\/mueblesgora.com.mx\/blog\/wp-content\/uploads\/2025\/09\/GoraW_64.png","contentUrl":"https:\/\/mueblesgora.com.mx\/blog\/wp-content\/uploads\/2025\/09\/GoraW_64.png","width":373,"height":64,"caption":"Muebles GORA"},"image":{"@id":"https:\/\/mueblesgora.com.mx\/blog\/#\/schema\/logo\/image\/"}},{"@type":"Person","@id":"https:\/\/mueblesgora.com.mx\/blog\/#\/schema\/person\/7eea029d9ac31830dc6248b74753fd0f","name":"Mercedes Arz\u00e1palo","image":{"@type":"ImageObject","inLanguage":"es","@id":"https:\/\/secure.gravatar.com\/avatar\/047acb7b7ffa9f7fda3c2b4fbe6255979271635dddb970075b4fe34906c550ae?s=96&d=mm&r=g","url":"https:\/\/secure.gravatar.com\/avatar\/047acb7b7ffa9f7fda3c2b4fbe6255979271635dddb970075b4fe34906c550ae?s=96&d=mm&r=g","contentUrl":"https:\/\/secure.gravatar.com\/avatar\/047acb7b7ffa9f7fda3c2b4fbe6255979271635dddb970075b4fe34906c550ae?s=96&d=mm&r=g","caption":"Mercedes Arz\u00e1palo"},"url":"https:\/\/mueblesgora.com.mx\/blog\/author\/merarzapalo\/"}]}},"featured_media_urls":{"thumbnail":["https:\/\/mueblesgora.com.mx\/blog\/wp-content\/uploads\/2025\/10\/Entada-Biofilia-150x150.png",150,150,true],"medium":["https:\/\/mueblesgora.com.mx\/blog\/wp-content\/uploads\/2025\/10\/Entada-Biofilia-300x225.png",300,225,true],"medium_large":["https:\/\/mueblesgora.com.mx\/blog\/wp-content\/uploads\/2025\/10\/Entada-Biofilia.png",768,576,false],"large":["https:\/\/mueblesgora.com.mx\/blog\/wp-content\/uploads\/2025\/10\/Entada-Biofilia-1024x768.png",950,713,true],"1536x1536":["https:\/\/mueblesgora.com.mx\/blog\/wp-content\/uploads\/2025\/10\/Entada-Biofilia.png",1200,900,false],"2048x2048":["https:\/\/mueblesgora.com.mx\/blog\/wp-content\/uploads\/2025\/10\/Entada-Biofilia.png",1200,900,false],"inspiro-featured-image":["https:\/\/mueblesgora.com.mx\/blog\/wp-content\/uploads\/2025\/10\/Entada-Biofilia.png",1200,900,false],"inspiro-loop":["https:\/\/mueblesgora.com.mx\/blog\/wp-content\/uploads\/2025\/10\/Entada-Biofilia-950x320.png",950,320,true],"inspiro-loop@2x":["https:\/\/mueblesgora.com.mx\/blog\/wp-content\/uploads\/2025\/10\/Entada-Biofilia-1200x640.png",1200,640,true],"portfolio_item-thumbnail":["https:\/\/mueblesgora.com.mx\/blog\/wp-content\/uploads\/2025\/10\/Entada-Biofilia-600x400.png",600,400,true],"portfolio_item-thumbnail@2x":["https:\/\/mueblesgora.com.mx\/blog\/wp-content\/uploads\/2025\/10\/Entada-Biofilia-1200x800.png",1200,800,true],"portfolio_item-masonry":["https:\/\/mueblesgora.com.mx\/blog\/wp-content\/uploads\/2025\/10\/Entada-Biofilia-600x450.png",600,450,true],"portfolio_item-masonry@2x":["https:\/\/mueblesgora.com.mx\/blog\/wp-content\/uploads\/2025\/10\/Entada-Biofilia.png",1200,900,false],"portfolio_item-thumbnail_cinema":["https:\/\/mueblesgora.com.mx\/blog\/wp-content\/uploads\/2025\/10\/Entada-Biofilia-800x335.png",800,335,true],"portfolio_item-thumbnail_portrait":["https:\/\/mueblesgora.com.mx\/blog\/wp-content\/uploads\/2025\/10\/Entada-Biofilia-600x900.png",600,900,true],"portfolio_item-thumbnail_portrait@2x":["https:\/\/mueblesgora.com.mx\/blog\/wp-content\/uploads\/2025\/10\/Entada-Biofilia.png",1200,900,false],"portfolio_item-thumbnail_square":["https:\/\/mueblesgora.com.mx\/blog\/wp-content\/uploads\/2025\/10\/Entada-Biofilia-800x800.png",800,800,true]},"_links":{"self":[{"href":"https:\/\/mueblesgora.com.mx\/blog\/wp-json\/wp\/v2\/posts\/644","targetHints":{"allow":["GET"]}}],"collection":[{"href":"https:\/\/mueblesgora.com.mx\/blog\/wp-json\/wp\/v2\/posts"}],"about":[{"href":"https:\/\/mueblesgora.com.mx\/blog\/wp-json\/wp\/v2\/types\/post"}],"author":[{"embeddable":true,"href":"https:\/\/mueblesgora.com.mx\/blog\/wp-json\/wp\/v2\/users\/2"}],"replies":[{"embeddable":true,"href":"https:\/\/mueblesgora.com.mx\/blog\/wp-json\/wp\/v2\/comments?post=644"}],"version-history":[{"count":9,"href":"https:\/\/mueblesgora.com.mx\/blog\/wp-json\/wp\/v2\/posts\/644\/revisions"}],"predecessor-version":[{"id":659,"href":"https:\/\/mueblesgora.com.mx\/blog\/wp-json\/wp\/v2\/posts\/644\/revisions\/659"}],"wp:featuredmedia":[{"embeddable":true,"href":"https:\/\/mueblesgora.com.mx\/blog\/wp-json\/wp\/v2\/media\/655"}],"wp:attachment":[{"href":"https:\/\/mueblesgora.com.mx\/blog\/wp-json\/wp\/v2\/media?parent=644"}],"wp:term":[{"taxonomy":"category","embeddable":true,"href":"https:\/\/mueblesgora.com.mx\/blog\/wp-json\/wp\/v2\/categories?post=644"},{"taxonomy":"post_tag","embeddable":true,"href":"https:\/\/mueblesgora.com.mx\/blog\/wp-json\/wp\/v2\/tags?post=644"}],"curies":[{"name":"wp","href":"https:\/\/api.w.org\/{rel}","templated":true}]}}