{"id":661,"date":"2025-11-10T16:25:38","date_gmt":"2025-11-10T22:25:38","guid":{"rendered":"https:\/\/mueblesgora.com.mx\/blog\/?p=661"},"modified":"2025-11-10T16:25:57","modified_gmt":"2025-11-10T22:25:57","slug":"como-planificar-la-renovacion-de-tu-oficina-sin-interrumpir-tus-operaciones","status":"publish","type":"post","link":"https:\/\/mueblesgora.com.mx\/blog\/2025\/11\/10\/como-planificar-la-renovacion-de-tu-oficina-sin-interrumpir-tus-operaciones\/","title":{"rendered":"\ud83e\udded C\u00f3mo planificar la renovaci\u00f3n de tu oficina sin interrumpir tus operaciones"},"content":{"rendered":"\n<p class=\"has-medium-font-size wp-block-paragraph\">Renovar la <a href=\"https:\/\/mueblesgora.com.mx\/mobiliario.php?MOBILIARIO=Oficinas\">oficina<\/a> siempre genera emoci\u00f3n: nuevos espacios, mejor imagen y un entorno que impulsa la productividad. Sin embargo, tambi\u00e9n puede despertar cierta preocupaci\u00f3n: \u00bfc\u00f3mo hacer el cambio sin afectar el trabajo diario del equipo?<\/p>\n\n\n\n<p class=\"has-medium-font-size wp-block-paragraph\">La buena noticia es que con una planeaci\u00f3n adecuada y el acompa\u00f1amiento de especialistas, <strong>es posible transformar tu oficina sin detener tus operaciones<\/strong>.<\/p>\n\n\n\n<h3 class=\"wp-block-heading has-medium-font-size\">\ud83e\ude91 1. Analiza tus necesidades y prioridades<\/h3>\n\n\n\n<p class=\"has-medium-font-size wp-block-paragraph\">Antes de mover un solo <a href=\"https:\/\/mueblesgora.com.mx\/blog\/tag\/escritorios-en-merida\/\">escritorio<\/a>, es importante <strong>definir el objetivo de la renovaci\u00f3n<\/strong>.<br>\u00bfBuscas optimizar espacio, mejorar la imagen de marca o crear zonas colaborativas?<\/p>\n\n\n\n<p class=\"has-medium-font-size wp-block-paragraph\">Este diagn\u00f3stico inicial te ayudar\u00e1 a determinar qu\u00e9 <a href=\"https:\/\/drive.google.com\/file\/d\/1dPeQC7Xax-8ZJTHB5rwn8azfLOTtZOcX\/view\">mobiliario<\/a> conservar, qu\u00e9 piezas requieren reemplazo y cu\u00e1les deben dise\u00f1arse a medida.<\/p>\n\n\n\n<h3 class=\"wp-block-heading has-medium-font-size\">\ud83d\uddc2\ufe0f 2. Planea por etapas<\/h3>\n\n\n\n<p class=\"has-medium-font-size wp-block-paragraph\">El error m\u00e1s com\u00fan es intentar cambiar todo al mismo tiempo.<br>La clave est\u00e1 en <strong>organizar el proyecto por \u00e1reas o etapas<\/strong>: recepci\u00f3n, direcci\u00f3n, estaciones operativas, salas de juntas, etc.<\/p>\n\n\n\n<p class=\"has-medium-font-size wp-block-paragraph\">As\u00ed, mientras una zona se renueva, el resto de la <a href=\"https:\/\/mueblesgora.com.mx\/mobiliario.php?MOBILIARIO=Oficinas#steps\">oficina<\/a> puede seguir funcionando con normalidad.<\/p>\n\n\n\n<h3 class=\"wp-block-heading has-medium-font-size\">\u2699\ufe0f 3. Dise\u00f1a con base en tus tiempos<\/h3>\n\n\n\n<p class=\"has-medium-font-size wp-block-paragraph\">El dise\u00f1o no solo debe ser est\u00e9tico y funcional, sino tambi\u00e9n <strong>realista en cuanto a tiempos de fabricaci\u00f3n e instalaci\u00f3n<\/strong>.<br>En <strong><a href=\"https:\/\/mueblesgora.com.mx\/\">Muebles GORA<\/a><\/strong>, trabajamos contigo para coordinar cada fase y minimizar interrupciones, asegurando que la renovaci\u00f3n fluya de manera ordenada y eficiente.<\/p>\n\n\n\n<h3 class=\"wp-block-heading has-medium-font-size\">\ud83e\uddf0 4. Elige mobiliario modular o adaptable<\/h3>\n\n\n\n<p class=\"has-medium-font-size wp-block-paragraph\">Optar por <a href=\"https:\/\/mueblesgora.com.mx\/blog\/tag\/mesas-tipo-bench-en-merida\/\">muebles modulares<\/a> o de f\u00e1cil reconfiguraci\u00f3n te permitir\u00e1 hacer ajustes sin necesidad de detener actividades.<br>Adem\u00e1s, este tipo de mobiliario facilita futuras expansiones o cambios en la distribuci\u00f3n del espacio.<\/p>\n\n\n\n<h3 class=\"wp-block-heading has-medium-font-size\">\ud83e\udd1d 5. Conf\u00eda en un proveedor que te acompa\u00f1e en todo el proceso<\/h3>\n\n\n\n<p class=\"has-medium-font-size wp-block-paragraph\">M\u00e1s all\u00e1 de los <a href=\"https:\/\/drive.google.com\/file\/d\/1dPeQC7Xax-8ZJTHB5rwn8azfLOTtZOcX\/view\">productos<\/a>, lo m\u00e1s importante es contar con un <strong>equipo que entienda tus operaciones<\/strong>.<br>Desde la toma de medidas hasta la instalaci\u00f3n final, en <a href=\"https:\/\/mueblesgora.com.mx\/index.php\">GORA<\/a> cuidamos cada detalle para que tu proyecto se lleve a cabo sin contratiempos y con la menor afectaci\u00f3n posible.<\/p>\n\n\n\n<figure class=\"wp-block-image size-large is-resized\"><img fetchpriority=\"high\" decoding=\"async\" width=\"1024\" height=\"538\" src=\"https:\/\/mueblesgora.com.mx\/blog\/wp-content\/uploads\/2025\/11\/Remodelacion2-1024x538.png\" alt=\"\" class=\"wp-image-676\" style=\"width:1180px;height:auto\" srcset=\"https:\/\/mueblesgora.com.mx\/blog\/wp-content\/uploads\/2025\/11\/Remodelacion2-1024x538.png 1024w, https:\/\/mueblesgora.com.mx\/blog\/wp-content\/uploads\/2025\/11\/Remodelacion2-300x158.png 300w, https:\/\/mueblesgora.com.mx\/blog\/wp-content\/uploads\/2025\/11\/Remodelacion2.png 1200w\" sizes=\"(max-width: 1024px) 100vw, 1024px\" \/><\/figure>\n\n\n\n<h3 class=\"wp-block-heading has-medium-font-size\">\u2728 Renovar tambi\u00e9n es evolucionar<\/h3>\n\n\n\n<p class=\"has-medium-font-size wp-block-paragraph\">Una renovaci\u00f3n bien planificada no solo mejora la imagen de tu empresa: <strong>optimiza procesos, eleva el \u00e1nimo del equipo y proyecta crecimiento<\/strong>.<br>Y hacerlo sin detener tus actividades es posible cuando hay planeaci\u00f3n, comunicaci\u00f3n y dise\u00f1o inteligente.<\/p>\n\n\n\n<p class=\"has-medium-font-size wp-block-paragraph\">\ud83e\ude91 <strong>En <a href=\"https:\/\/maps.app.goo.gl\/BkXBpiuyy42LK5W59\">Muebles GORA<\/a> te ayudamos a transformar tu oficina sin interrumpir tu ritmo.<\/strong><br>\ud83d\udcf2 <a href=\"https:\/\/api.whatsapp.com\/send\/?phone=%2B529992247700&amp;text=BLOG+GORA+SOLICITAR+INFORMACI%C3%93N&amp;type=phone_number&amp;app_absent=0\">Cont\u00e1ctanos<\/a> para planificar tu renovaci\u00f3n paso a paso.<\/p>\n\n\n\n<p class=\"wp-block-paragraph\"><\/p>\n","protected":false},"excerpt":{"rendered":"<p>Renovar la oficina siempre genera emoci\u00f3n: nuevos espacios, mejor imagen y un entorno que impulsa la productividad. Sin embargo, tambi\u00e9n puede despertar cierta preocupaci\u00f3n: \u00bfc\u00f3mo hacer el cambio sin afectar el trabajo diario del equipo? La buena noticia es que con una planeaci\u00f3n adecuada y el acompa\u00f1amiento de especialistas, es posible transformar tu oficina sin &hellip; <\/p>\n<p class=\"link-more\"><a href=\"https:\/\/mueblesgora.com.mx\/blog\/2025\/11\/10\/como-planificar-la-renovacion-de-tu-oficina-sin-interrumpir-tus-operaciones\/\" class=\"more-link\">Leer m\u00e1s<span class=\"screen-reader-text\"> \u00ab\ud83e\udded C\u00f3mo planificar la renovaci\u00f3n de tu oficina sin interrumpir tus operaciones\u00bb<\/span><\/a><\/p>\n","protected":false},"author":2,"featured_media":675,"comment_status":"open","ping_status":"","sticky":false,"template":"","format":"standard","meta":{"footnotes":""},"categories":[5,211,4],"tags":[10,26,25,11,32,222],"class_list":["post-661","post","type-post","status-publish","format-standard","has-post-thumbnail","hentry","category-diseno-de-oficinas","category-mobiliario-para-pymes","category-oficinas","tag-diseno-de-oficinas","tag-escritorios-en-merida","tag-mobiliario-en-merida","tag-oficinas","tag-oficinas-merida","tag-remodelacion-oficina"],"yoast_head":"<!-- This site is optimized with the Yoast SEO plugin v27.3 - https:\/\/yoast.com\/product\/yoast-seo-wordpress\/ -->\n<title>\ud83e\udded C\u00f3mo planificar la renovaci\u00f3n de tu oficina sin interrumpir tus operaciones - Muebles GORA<\/title>\n<meta name=\"robots\" content=\"index, follow, max-snippet:-1, max-image-preview:large, max-video-preview:-1\" \/>\n<link rel=\"canonical\" href=\"https:\/\/mueblesgora.com.mx\/blog\/2025\/11\/10\/como-planificar-la-renovacion-de-tu-oficina-sin-interrumpir-tus-operaciones\/\" \/>\n<meta property=\"og:locale\" content=\"es_MX\" \/>\n<meta property=\"og:type\" content=\"article\" \/>\n<meta property=\"og:title\" content=\"\ud83e\udded C\u00f3mo planificar la renovaci\u00f3n de tu oficina sin interrumpir tus operaciones - Muebles GORA\" \/>\n<meta property=\"og:description\" content=\"Renovar la oficina siempre genera emoci\u00f3n: nuevos espacios, mejor imagen y un entorno que impulsa la productividad. Sin embargo, tambi\u00e9n puede despertar cierta preocupaci\u00f3n: \u00bfc\u00f3mo hacer el cambio sin afectar el trabajo diario del equipo? La buena noticia es que con una planeaci\u00f3n adecuada y el acompa\u00f1amiento de especialistas, es posible transformar tu oficina sin &hellip; Leer m\u00e1s \u00ab\ud83e\udded C\u00f3mo planificar la renovaci\u00f3n de tu oficina sin interrumpir tus operaciones\u00bb\" \/>\n<meta property=\"og:url\" content=\"https:\/\/mueblesgora.com.mx\/blog\/2025\/11\/10\/como-planificar-la-renovacion-de-tu-oficina-sin-interrumpir-tus-operaciones\/\" \/>\n<meta property=\"og:site_name\" content=\"Muebles GORA\" \/>\n<meta property=\"article:published_time\" content=\"2025-11-10T22:25:38+00:00\" \/>\n<meta property=\"article:modified_time\" content=\"2025-11-10T22:25:57+00:00\" \/>\n<meta property=\"og:image\" content=\"https:\/\/mueblesgora.com.mx\/blog\/wp-content\/uploads\/2025\/11\/Remodelacion.png\" \/>\n\t<meta property=\"og:image:width\" content=\"1200\" \/>\n\t<meta property=\"og:image:height\" content=\"630\" \/>\n\t<meta property=\"og:image:type\" content=\"image\/png\" \/>\n<meta name=\"author\" content=\"Mercedes Arz\u00e1palo\" \/>\n<meta name=\"twitter:card\" content=\"summary_large_image\" \/>\n<meta name=\"twitter:label1\" content=\"Escrito por\" \/>\n\t<meta name=\"twitter:data1\" content=\"Mercedes Arz\u00e1palo\" \/>\n\t<meta name=\"twitter:label2\" content=\"Tiempo de lectura\" \/>\n\t<meta name=\"twitter:data2\" content=\"2 minutos\" \/>\n<script type=\"application\/ld+json\" class=\"yoast-schema-graph\">{\"@context\":\"https:\\\/\\\/schema.org\",\"@graph\":[{\"@type\":\"Article\",\"@id\":\"https:\\\/\\\/mueblesgora.com.mx\\\/blog\\\/2025\\\/11\\\/10\\\/como-planificar-la-renovacion-de-tu-oficina-sin-interrumpir-tus-operaciones\\\/#article\",\"isPartOf\":{\"@id\":\"https:\\\/\\\/mueblesgora.com.mx\\\/blog\\\/2025\\\/11\\\/10\\\/como-planificar-la-renovacion-de-tu-oficina-sin-interrumpir-tus-operaciones\\\/\"},\"author\":{\"name\":\"Mercedes Arz\u00e1palo\",\"@id\":\"https:\\\/\\\/mueblesgora.com.mx\\\/blog\\\/#\\\/schema\\\/person\\\/7eea029d9ac31830dc6248b74753fd0f\"},\"headline\":\"\ud83e\udded C\u00f3mo planificar la renovaci\u00f3n de tu oficina sin interrumpir tus operaciones\",\"datePublished\":\"2025-11-10T22:25:38+00:00\",\"dateModified\":\"2025-11-10T22:25:57+00:00\",\"mainEntityOfPage\":{\"@id\":\"https:\\\/\\\/mueblesgora.com.mx\\\/blog\\\/2025\\\/11\\\/10\\\/como-planificar-la-renovacion-de-tu-oficina-sin-interrumpir-tus-operaciones\\\/\"},\"wordCount\":414,\"commentCount\":2,\"publisher\":{\"@id\":\"https:\\\/\\\/mueblesgora.com.mx\\\/blog\\\/#organization\"},\"image\":{\"@id\":\"https:\\\/\\\/mueblesgora.com.mx\\\/blog\\\/2025\\\/11\\\/10\\\/como-planificar-la-renovacion-de-tu-oficina-sin-interrumpir-tus-operaciones\\\/#primaryimage\"},\"thumbnailUrl\":\"https:\\\/\\\/mueblesgora.com.mx\\\/blog\\\/wp-content\\\/uploads\\\/2025\\\/11\\\/Remodelacion.png\",\"keywords\":[\"Dise\u00f1o de oficinas\",\"Escritorios en M\u00e9rida\",\"Mobiliario en M\u00e9rida\",\"oficinas\",\"Oficinas M\u00e9rida\",\"Remodelaci\u00f3n Oficina\"],\"articleSection\":[\"Dise\u00f1o de Oficinas\",\"Mobiliario para PYMEs\",\"Oficinas\"],\"inLanguage\":\"es\",\"potentialAction\":[{\"@type\":\"CommentAction\",\"name\":\"Comment\",\"target\":[\"https:\\\/\\\/mueblesgora.com.mx\\\/blog\\\/2025\\\/11\\\/10\\\/como-planificar-la-renovacion-de-tu-oficina-sin-interrumpir-tus-operaciones\\\/#respond\"]}]},{\"@type\":\"WebPage\",\"@id\":\"https:\\\/\\\/mueblesgora.com.mx\\\/blog\\\/2025\\\/11\\\/10\\\/como-planificar-la-renovacion-de-tu-oficina-sin-interrumpir-tus-operaciones\\\/\",\"url\":\"https:\\\/\\\/mueblesgora.com.mx\\\/blog\\\/2025\\\/11\\\/10\\\/como-planificar-la-renovacion-de-tu-oficina-sin-interrumpir-tus-operaciones\\\/\",\"name\":\"\ud83e\udded C\u00f3mo planificar la renovaci\u00f3n de tu oficina sin interrumpir tus operaciones - Muebles GORA\",\"isPartOf\":{\"@id\":\"https:\\\/\\\/mueblesgora.com.mx\\\/blog\\\/#website\"},\"primaryImageOfPage\":{\"@id\":\"https:\\\/\\\/mueblesgora.com.mx\\\/blog\\\/2025\\\/11\\\/10\\\/como-planificar-la-renovacion-de-tu-oficina-sin-interrumpir-tus-operaciones\\\/#primaryimage\"},\"image\":{\"@id\":\"https:\\\/\\\/mueblesgora.com.mx\\\/blog\\\/2025\\\/11\\\/10\\\/como-planificar-la-renovacion-de-tu-oficina-sin-interrumpir-tus-operaciones\\\/#primaryimage\"},\"thumbnailUrl\":\"https:\\\/\\\/mueblesgora.com.mx\\\/blog\\\/wp-content\\\/uploads\\\/2025\\\/11\\\/Remodelacion.png\",\"datePublished\":\"2025-11-10T22:25:38+00:00\",\"dateModified\":\"2025-11-10T22:25:57+00:00\",\"breadcrumb\":{\"@id\":\"https:\\\/\\\/mueblesgora.com.mx\\\/blog\\\/2025\\\/11\\\/10\\\/como-planificar-la-renovacion-de-tu-oficina-sin-interrumpir-tus-operaciones\\\/#breadcrumb\"},\"inLanguage\":\"es\",\"potentialAction\":[{\"@type\":\"ReadAction\",\"target\":[\"https:\\\/\\\/mueblesgora.com.mx\\\/blog\\\/2025\\\/11\\\/10\\\/como-planificar-la-renovacion-de-tu-oficina-sin-interrumpir-tus-operaciones\\\/\"]}]},{\"@type\":\"ImageObject\",\"inLanguage\":\"es\",\"@id\":\"https:\\\/\\\/mueblesgora.com.mx\\\/blog\\\/2025\\\/11\\\/10\\\/como-planificar-la-renovacion-de-tu-oficina-sin-interrumpir-tus-operaciones\\\/#primaryimage\",\"url\":\"https:\\\/\\\/mueblesgora.com.mx\\\/blog\\\/wp-content\\\/uploads\\\/2025\\\/11\\\/Remodelacion.png\",\"contentUrl\":\"https:\\\/\\\/mueblesgora.com.mx\\\/blog\\\/wp-content\\\/uploads\\\/2025\\\/11\\\/Remodelacion.png\",\"width\":1200,\"height\":630},{\"@type\":\"BreadcrumbList\",\"@id\":\"https:\\\/\\\/mueblesgora.com.mx\\\/blog\\\/2025\\\/11\\\/10\\\/como-planificar-la-renovacion-de-tu-oficina-sin-interrumpir-tus-operaciones\\\/#breadcrumb\",\"itemListElement\":[{\"@type\":\"ListItem\",\"position\":1,\"name\":\"Inicio\",\"item\":\"https:\\\/\\\/mueblesgora.com.mx\\\/blog\\\/\"},{\"@type\":\"ListItem\",\"position\":2,\"name\":\"\ud83e\udded C\u00f3mo planificar la renovaci\u00f3n de tu oficina sin interrumpir tus operaciones\"}]},{\"@type\":\"WebSite\",\"@id\":\"https:\\\/\\\/mueblesgora.com.mx\\\/blog\\\/#website\",\"url\":\"https:\\\/\\\/mueblesgora.com.mx\\\/blog\\\/\",\"name\":\"Muebles GORA\",\"description\":\"Fabricamos tus ideas.\",\"publisher\":{\"@id\":\"https:\\\/\\\/mueblesgora.com.mx\\\/blog\\\/#organization\"},\"potentialAction\":[{\"@type\":\"SearchAction\",\"target\":{\"@type\":\"EntryPoint\",\"urlTemplate\":\"https:\\\/\\\/mueblesgora.com.mx\\\/blog\\\/?s={search_term_string}\"},\"query-input\":{\"@type\":\"PropertyValueSpecification\",\"valueRequired\":true,\"valueName\":\"search_term_string\"}}],\"inLanguage\":\"es\"},{\"@type\":\"Organization\",\"@id\":\"https:\\\/\\\/mueblesgora.com.mx\\\/blog\\\/#organization\",\"name\":\"Muebles GORA\",\"url\":\"https:\\\/\\\/mueblesgora.com.mx\\\/blog\\\/\",\"logo\":{\"@type\":\"ImageObject\",\"inLanguage\":\"es\",\"@id\":\"https:\\\/\\\/mueblesgora.com.mx\\\/blog\\\/#\\\/schema\\\/logo\\\/image\\\/\",\"url\":\"https:\\\/\\\/mueblesgora.com.mx\\\/blog\\\/wp-content\\\/uploads\\\/2025\\\/09\\\/GoraW_64.png\",\"contentUrl\":\"https:\\\/\\\/mueblesgora.com.mx\\\/blog\\\/wp-content\\\/uploads\\\/2025\\\/09\\\/GoraW_64.png\",\"width\":373,\"height\":64,\"caption\":\"Muebles GORA\"},\"image\":{\"@id\":\"https:\\\/\\\/mueblesgora.com.mx\\\/blog\\\/#\\\/schema\\\/logo\\\/image\\\/\"}},{\"@type\":\"Person\",\"@id\":\"https:\\\/\\\/mueblesgora.com.mx\\\/blog\\\/#\\\/schema\\\/person\\\/7eea029d9ac31830dc6248b74753fd0f\",\"name\":\"Mercedes Arz\u00e1palo\",\"image\":{\"@type\":\"ImageObject\",\"inLanguage\":\"es\",\"@id\":\"https:\\\/\\\/secure.gravatar.com\\\/avatar\\\/047acb7b7ffa9f7fda3c2b4fbe6255979271635dddb970075b4fe34906c550ae?s=96&d=mm&r=g\",\"url\":\"https:\\\/\\\/secure.gravatar.com\\\/avatar\\\/047acb7b7ffa9f7fda3c2b4fbe6255979271635dddb970075b4fe34906c550ae?s=96&d=mm&r=g\",\"contentUrl\":\"https:\\\/\\\/secure.gravatar.com\\\/avatar\\\/047acb7b7ffa9f7fda3c2b4fbe6255979271635dddb970075b4fe34906c550ae?s=96&d=mm&r=g\",\"caption\":\"Mercedes Arz\u00e1palo\"},\"url\":\"https:\\\/\\\/mueblesgora.com.mx\\\/blog\\\/author\\\/merarzapalo\\\/\"}]}<\/script>\n<!-- \/ Yoast SEO plugin. -->","yoast_head_json":{"title":"\ud83e\udded C\u00f3mo planificar la renovaci\u00f3n de tu oficina sin interrumpir tus operaciones - Muebles GORA","robots":{"index":"index","follow":"follow","max-snippet":"max-snippet:-1","max-image-preview":"max-image-preview:large","max-video-preview":"max-video-preview:-1"},"canonical":"https:\/\/mueblesgora.com.mx\/blog\/2025\/11\/10\/como-planificar-la-renovacion-de-tu-oficina-sin-interrumpir-tus-operaciones\/","og_locale":"es_MX","og_type":"article","og_title":"\ud83e\udded C\u00f3mo planificar la renovaci\u00f3n de tu oficina sin interrumpir tus operaciones - Muebles GORA","og_description":"Renovar la oficina siempre genera emoci\u00f3n: nuevos espacios, mejor imagen y un entorno que impulsa la productividad. Sin embargo, tambi\u00e9n puede despertar cierta preocupaci\u00f3n: \u00bfc\u00f3mo hacer el cambio sin afectar el trabajo diario del equipo? La buena noticia es que con una planeaci\u00f3n adecuada y el acompa\u00f1amiento de especialistas, es posible transformar tu oficina sin &hellip; Leer m\u00e1s \u00ab\ud83e\udded C\u00f3mo planificar la renovaci\u00f3n de tu oficina sin interrumpir tus operaciones\u00bb","og_url":"https:\/\/mueblesgora.com.mx\/blog\/2025\/11\/10\/como-planificar-la-renovacion-de-tu-oficina-sin-interrumpir-tus-operaciones\/","og_site_name":"Muebles GORA","article_published_time":"2025-11-10T22:25:38+00:00","article_modified_time":"2025-11-10T22:25:57+00:00","og_image":[{"width":1200,"height":630,"url":"https:\/\/mueblesgora.com.mx\/blog\/wp-content\/uploads\/2025\/11\/Remodelacion.png","type":"image\/png"}],"author":"Mercedes Arz\u00e1palo","twitter_card":"summary_large_image","twitter_misc":{"Escrito por":"Mercedes Arz\u00e1palo","Tiempo de lectura":"2 minutos"},"schema":{"@context":"https:\/\/schema.org","@graph":[{"@type":"Article","@id":"https:\/\/mueblesgora.com.mx\/blog\/2025\/11\/10\/como-planificar-la-renovacion-de-tu-oficina-sin-interrumpir-tus-operaciones\/#article","isPartOf":{"@id":"https:\/\/mueblesgora.com.mx\/blog\/2025\/11\/10\/como-planificar-la-renovacion-de-tu-oficina-sin-interrumpir-tus-operaciones\/"},"author":{"name":"Mercedes Arz\u00e1palo","@id":"https:\/\/mueblesgora.com.mx\/blog\/#\/schema\/person\/7eea029d9ac31830dc6248b74753fd0f"},"headline":"\ud83e\udded C\u00f3mo planificar la renovaci\u00f3n de tu oficina sin interrumpir tus operaciones","datePublished":"2025-11-10T22:25:38+00:00","dateModified":"2025-11-10T22:25:57+00:00","mainEntityOfPage":{"@id":"https:\/\/mueblesgora.com.mx\/blog\/2025\/11\/10\/como-planificar-la-renovacion-de-tu-oficina-sin-interrumpir-tus-operaciones\/"},"wordCount":414,"commentCount":2,"publisher":{"@id":"https:\/\/mueblesgora.com.mx\/blog\/#organization"},"image":{"@id":"https:\/\/mueblesgora.com.mx\/blog\/2025\/11\/10\/como-planificar-la-renovacion-de-tu-oficina-sin-interrumpir-tus-operaciones\/#primaryimage"},"thumbnailUrl":"https:\/\/mueblesgora.com.mx\/blog\/wp-content\/uploads\/2025\/11\/Remodelacion.png","keywords":["Dise\u00f1o de oficinas","Escritorios en M\u00e9rida","Mobiliario en M\u00e9rida","oficinas","Oficinas M\u00e9rida","Remodelaci\u00f3n Oficina"],"articleSection":["Dise\u00f1o de Oficinas","Mobiliario para PYMEs","Oficinas"],"inLanguage":"es","potentialAction":[{"@type":"CommentAction","name":"Comment","target":["https:\/\/mueblesgora.com.mx\/blog\/2025\/11\/10\/como-planificar-la-renovacion-de-tu-oficina-sin-interrumpir-tus-operaciones\/#respond"]}]},{"@type":"WebPage","@id":"https:\/\/mueblesgora.com.mx\/blog\/2025\/11\/10\/como-planificar-la-renovacion-de-tu-oficina-sin-interrumpir-tus-operaciones\/","url":"https:\/\/mueblesgora.com.mx\/blog\/2025\/11\/10\/como-planificar-la-renovacion-de-tu-oficina-sin-interrumpir-tus-operaciones\/","name":"\ud83e\udded C\u00f3mo planificar la renovaci\u00f3n de tu oficina sin interrumpir tus operaciones - Muebles GORA","isPartOf":{"@id":"https:\/\/mueblesgora.com.mx\/blog\/#website"},"primaryImageOfPage":{"@id":"https:\/\/mueblesgora.com.mx\/blog\/2025\/11\/10\/como-planificar-la-renovacion-de-tu-oficina-sin-interrumpir-tus-operaciones\/#primaryimage"},"image":{"@id":"https:\/\/mueblesgora.com.mx\/blog\/2025\/11\/10\/como-planificar-la-renovacion-de-tu-oficina-sin-interrumpir-tus-operaciones\/#primaryimage"},"thumbnailUrl":"https:\/\/mueblesgora.com.mx\/blog\/wp-content\/uploads\/2025\/11\/Remodelacion.png","datePublished":"2025-11-10T22:25:38+00:00","dateModified":"2025-11-10T22:25:57+00:00","breadcrumb":{"@id":"https:\/\/mueblesgora.com.mx\/blog\/2025\/11\/10\/como-planificar-la-renovacion-de-tu-oficina-sin-interrumpir-tus-operaciones\/#breadcrumb"},"inLanguage":"es","potentialAction":[{"@type":"ReadAction","target":["https:\/\/mueblesgora.com.mx\/blog\/2025\/11\/10\/como-planificar-la-renovacion-de-tu-oficina-sin-interrumpir-tus-operaciones\/"]}]},{"@type":"ImageObject","inLanguage":"es","@id":"https:\/\/mueblesgora.com.mx\/blog\/2025\/11\/10\/como-planificar-la-renovacion-de-tu-oficina-sin-interrumpir-tus-operaciones\/#primaryimage","url":"https:\/\/mueblesgora.com.mx\/blog\/wp-content\/uploads\/2025\/11\/Remodelacion.png","contentUrl":"https:\/\/mueblesgora.com.mx\/blog\/wp-content\/uploads\/2025\/11\/Remodelacion.png","width":1200,"height":630},{"@type":"BreadcrumbList","@id":"https:\/\/mueblesgora.com.mx\/blog\/2025\/11\/10\/como-planificar-la-renovacion-de-tu-oficina-sin-interrumpir-tus-operaciones\/#breadcrumb","itemListElement":[{"@type":"ListItem","position":1,"name":"Inicio","item":"https:\/\/mueblesgora.com.mx\/blog\/"},{"@type":"ListItem","position":2,"name":"\ud83e\udded C\u00f3mo planificar la renovaci\u00f3n de tu oficina sin interrumpir tus operaciones"}]},{"@type":"WebSite","@id":"https:\/\/mueblesgora.com.mx\/blog\/#website","url":"https:\/\/mueblesgora.com.mx\/blog\/","name":"Muebles GORA","description":"Fabricamos tus ideas.","publisher":{"@id":"https:\/\/mueblesgora.com.mx\/blog\/#organization"},"potentialAction":[{"@type":"SearchAction","target":{"@type":"EntryPoint","urlTemplate":"https:\/\/mueblesgora.com.mx\/blog\/?s={search_term_string}"},"query-input":{"@type":"PropertyValueSpecification","valueRequired":true,"valueName":"search_term_string"}}],"inLanguage":"es"},{"@type":"Organization","@id":"https:\/\/mueblesgora.com.mx\/blog\/#organization","name":"Muebles GORA","url":"https:\/\/mueblesgora.com.mx\/blog\/","logo":{"@type":"ImageObject","inLanguage":"es","@id":"https:\/\/mueblesgora.com.mx\/blog\/#\/schema\/logo\/image\/","url":"https:\/\/mueblesgora.com.mx\/blog\/wp-content\/uploads\/2025\/09\/GoraW_64.png","contentUrl":"https:\/\/mueblesgora.com.mx\/blog\/wp-content\/uploads\/2025\/09\/GoraW_64.png","width":373,"height":64,"caption":"Muebles GORA"},"image":{"@id":"https:\/\/mueblesgora.com.mx\/blog\/#\/schema\/logo\/image\/"}},{"@type":"Person","@id":"https:\/\/mueblesgora.com.mx\/blog\/#\/schema\/person\/7eea029d9ac31830dc6248b74753fd0f","name":"Mercedes Arz\u00e1palo","image":{"@type":"ImageObject","inLanguage":"es","@id":"https:\/\/secure.gravatar.com\/avatar\/047acb7b7ffa9f7fda3c2b4fbe6255979271635dddb970075b4fe34906c550ae?s=96&d=mm&r=g","url":"https:\/\/secure.gravatar.com\/avatar\/047acb7b7ffa9f7fda3c2b4fbe6255979271635dddb970075b4fe34906c550ae?s=96&d=mm&r=g","contentUrl":"https:\/\/secure.gravatar.com\/avatar\/047acb7b7ffa9f7fda3c2b4fbe6255979271635dddb970075b4fe34906c550ae?s=96&d=mm&r=g","caption":"Mercedes Arz\u00e1palo"},"url":"https:\/\/mueblesgora.com.mx\/blog\/author\/merarzapalo\/"}]}},"featured_media_urls":{"thumbnail":["https:\/\/mueblesgora.com.mx\/blog\/wp-content\/uploads\/2025\/11\/Remodelacion-150x150.png",150,150,true],"medium":["https:\/\/mueblesgora.com.mx\/blog\/wp-content\/uploads\/2025\/11\/Remodelacion-300x158.png",300,158,true],"medium_large":["https:\/\/mueblesgora.com.mx\/blog\/wp-content\/uploads\/2025\/11\/Remodelacion.png",768,403,false],"large":["https:\/\/mueblesgora.com.mx\/blog\/wp-content\/uploads\/2025\/11\/Remodelacion-1024x538.png",950,499,true],"1536x1536":["https:\/\/mueblesgora.com.mx\/blog\/wp-content\/uploads\/2025\/11\/Remodelacion.png",1200,630,false],"2048x2048":["https:\/\/mueblesgora.com.mx\/blog\/wp-content\/uploads\/2025\/11\/Remodelacion.png",1200,630,false],"inspiro-featured-image":["https:\/\/mueblesgora.com.mx\/blog\/wp-content\/uploads\/2025\/11\/Remodelacion.png",1200,630,false],"inspiro-loop":["https:\/\/mueblesgora.com.mx\/blog\/wp-content\/uploads\/2025\/11\/Remodelacion-950x320.png",950,320,true],"inspiro-loop@2x":["https:\/\/mueblesgora.com.mx\/blog\/wp-content\/uploads\/2025\/11\/Remodelacion.png",1200,630,false],"portfolio_item-thumbnail":["https:\/\/mueblesgora.com.mx\/blog\/wp-content\/uploads\/2025\/11\/Remodelacion-600x400.png",600,400,true],"portfolio_item-thumbnail@2x":["https:\/\/mueblesgora.com.mx\/blog\/wp-content\/uploads\/2025\/11\/Remodelacion.png",1200,630,false],"portfolio_item-masonry":["https:\/\/mueblesgora.com.mx\/blog\/wp-content\/uploads\/2025\/11\/Remodelacion-600x315.png",600,315,true],"portfolio_item-masonry@2x":["https:\/\/mueblesgora.com.mx\/blog\/wp-content\/uploads\/2025\/11\/Remodelacion.png",1200,630,false],"portfolio_item-thumbnail_cinema":["https:\/\/mueblesgora.com.mx\/blog\/wp-content\/uploads\/2025\/11\/Remodelacion-800x335.png",800,335,true],"portfolio_item-thumbnail_portrait":["https:\/\/mueblesgora.com.mx\/blog\/wp-content\/uploads\/2025\/11\/Remodelacion-600x630.png",600,630,true],"portfolio_item-thumbnail_portrait@2x":["https:\/\/mueblesgora.com.mx\/blog\/wp-content\/uploads\/2025\/11\/Remodelacion.png",1200,630,false],"portfolio_item-thumbnail_square":["https:\/\/mueblesgora.com.mx\/blog\/wp-content\/uploads\/2025\/11\/Remodelacion-800x630.png",800,630,true]},"_links":{"self":[{"href":"https:\/\/mueblesgora.com.mx\/blog\/wp-json\/wp\/v2\/posts\/661","targetHints":{"allow":["GET"]}}],"collection":[{"href":"https:\/\/mueblesgora.com.mx\/blog\/wp-json\/wp\/v2\/posts"}],"about":[{"href":"https:\/\/mueblesgora.com.mx\/blog\/wp-json\/wp\/v2\/types\/post"}],"author":[{"embeddable":true,"href":"https:\/\/mueblesgora.com.mx\/blog\/wp-json\/wp\/v2\/users\/2"}],"replies":[{"embeddable":true,"href":"https:\/\/mueblesgora.com.mx\/blog\/wp-json\/wp\/v2\/comments?post=661"}],"version-history":[{"count":5,"href":"https:\/\/mueblesgora.com.mx\/blog\/wp-json\/wp\/v2\/posts\/661\/revisions"}],"predecessor-version":[{"id":677,"href":"https:\/\/mueblesgora.com.mx\/blog\/wp-json\/wp\/v2\/posts\/661\/revisions\/677"}],"wp:featuredmedia":[{"embeddable":true,"href":"https:\/\/mueblesgora.com.mx\/blog\/wp-json\/wp\/v2\/media\/675"}],"wp:attachment":[{"href":"https:\/\/mueblesgora.com.mx\/blog\/wp-json\/wp\/v2\/media?parent=661"}],"wp:term":[{"taxonomy":"category","embeddable":true,"href":"https:\/\/mueblesgora.com.mx\/blog\/wp-json\/wp\/v2\/categories?post=661"},{"taxonomy":"post_tag","embeddable":true,"href":"https:\/\/mueblesgora.com.mx\/blog\/wp-json\/wp\/v2\/tags?post=661"}],"curies":[{"name":"wp","href":"https:\/\/api.w.org\/{rel}","templated":true}]}}