{"id":700,"date":"2025-11-26T16:54:48","date_gmt":"2025-11-26T22:54:48","guid":{"rendered":"https:\/\/mueblesgora.com.mx\/blog\/?p=700"},"modified":"2026-08-06T12:54:22","modified_gmt":"2026-08-06T18:54:22","slug":"lineas-gora-diseno-con-identidad-funcionalidad-y-proposito","status":"publish","type":"post","link":"https:\/\/mueblesgora.com.mx\/blog\/2025\/11\/26\/lineas-gora-diseno-con-identidad-funcionalidad-y-proposito\/","title":{"rendered":"L\u00edneas Gora: dise\u00f1o con identidad, funcionalidad y prop\u00f3sito"},"content":{"rendered":"\n<p class=\"has-medium-font-size wp-block-paragraph\">Cada empresa tiene su propio ritmo, su estilo y su historia. En <strong><a href=\"https:\/\/mueblesgora.com.mx\/\">Muebles GORA<\/a><\/strong>, entendemos que el <a href=\"https:\/\/drive.google.com\/file\/d\/1dPeQC7Xax-8ZJTHB5rwn8azfLOTtZOcX\/view\">mobiliario<\/a> es m\u00e1s que una pieza de decoraci\u00f3n: es parte de la experiencia de trabajo.<br>Por eso, nuestras l\u00edneas est\u00e1n pensadas para adaptarse a diferentes necesidades y estilos de trabajo, desde <a href=\"https:\/\/mueblesgora.com.mx\/mobiliario.php?MOBILIARIO=Oficinas\">oficinas<\/a> ejecutivas hasta espacios colaborativos.<\/p>\n\n\n\n<p class=\"has-medium-font-size wp-block-paragraph\">Cada una combina dise\u00f1o, calidad y funcionalidad, siempre con la posibilidad de personalizar materiales, colores, dimensiones y configuraciones. Brindando la soluci\u00f3n que mejor se adapte a tu espacio, forma de trabajo y presupuesto.<\/p>\n\n\n\n<h3 class=\"wp-block-heading has-medium-font-size\">\ud83d\udcbc <strong>L\u00ednea Quadra: versatilidad en cada m\u00f3dulo<\/strong><\/h3>\n\n\n\n<p class=\"has-medium-font-size wp-block-paragraph\">Ideal para \u00e1reas operativas y colaborativas, <strong>Quadra<\/strong> ofrece una l\u00ednea completa desde estaciones modulares que se adaptan al crecimiento de tu empresa hasta opciones m\u00e1s ejecutivas y gerenciales. Su dise\u00f1o limpio y estructurado permite optimizar cada metro cuadrado, integrando soluciones de almacenamiento y pasacables que mantienen el orden visual. Una l\u00ednea pensada para quienes buscan eficiencia sin perder estilo y durabilidad.<\/p>\n\n\n\n<figure class=\"wp-block-image size-large is-resized\"><img fetchpriority=\"high\" decoding=\"async\" width=\"1024\" height=\"538\" src=\"https:\/\/mueblesgora.com.mx\/blog\/wp-content\/uploads\/2025\/11\/Linea-Quadra-1024x538.png\" alt=\"\" class=\"wp-image-708\" style=\"width:1180px;height:auto\" srcset=\"https:\/\/mueblesgora.com.mx\/blog\/wp-content\/uploads\/2025\/11\/Linea-Quadra-1024x538.png 1024w, https:\/\/mueblesgora.com.mx\/blog\/wp-content\/uploads\/2025\/11\/Linea-Quadra-300x158.png 300w, https:\/\/mueblesgora.com.mx\/blog\/wp-content\/uploads\/2025\/11\/Linea-Quadra.png 1200w\" sizes=\"(max-width: 1024px) 100vw, 1024px\" \/><\/figure>\n\n\n\n<h3 class=\"wp-block-heading has-medium-font-size\">\ud83e\ude91 <strong>L\u00ednea Italy: elegancia que inspira confianza<\/strong><\/h3>\n\n\n\n<p class=\"has-medium-font-size wp-block-paragraph\"><strong>Italy<\/strong> refleja la esencia del dise\u00f1o ejecutivo moderno. Sus l\u00edneas sencillas y materiales transmiten liderazgo y profesionalismo, creando oficinas que destacan por su equilibrio entre est\u00e9tica y funcionalidad. Perfecta para \u00e1reas peque\u00f1as que requieren optimizar su inversi\u00f3n.<\/p>\n\n\n\n<figure class=\"wp-block-image size-large is-resized\"><img decoding=\"async\" width=\"1024\" height=\"538\" src=\"https:\/\/mueblesgora.com.mx\/blog\/wp-content\/uploads\/2025\/11\/Linea-Italia-1024x538.png\" alt=\"\" class=\"wp-image-709\" style=\"width:1183px;height:auto\" srcset=\"https:\/\/mueblesgora.com.mx\/blog\/wp-content\/uploads\/2025\/11\/Linea-Italia-1024x538.png 1024w, https:\/\/mueblesgora.com.mx\/blog\/wp-content\/uploads\/2025\/11\/Linea-Italia-300x158.png 300w, https:\/\/mueblesgora.com.mx\/blog\/wp-content\/uploads\/2025\/11\/Linea-Italia.png 1200w\" sizes=\"(max-width: 1024px) 100vw, 1024px\" \/><\/figure>\n\n\n\n<h3 class=\"wp-block-heading has-medium-font-size\">\ud83c\udf3f <strong>L\u00ednea Am\u00e9rica: dise\u00f1o contempor\u00e1neo con car\u00e1cter<\/strong><\/h3>\n\n\n\n<p class=\"has-medium-font-size wp-block-paragraph\">La <strong>L\u00ednea Am\u00e9rica<\/strong>, ideal para quienes buscan proyectar una imagen cercana con sus l\u00edneas ya muy conocidas y que nunca pasar\u00e1n de moda. Su estructura funcional y detalles en melamina o MDF permiten adaptarse tanto a oficinas privadas como a espacios abiertos, manteniendo siempre la armon\u00eda visual.<\/p>\n\n\n\n<figure class=\"wp-block-image size-large is-resized\"><img decoding=\"async\" width=\"1024\" height=\"538\" src=\"https:\/\/mueblesgora.com.mx\/blog\/wp-content\/uploads\/2025\/11\/Linea-America-1024x538.png\" alt=\"\" class=\"wp-image-710\" style=\"aspect-ratio:1.9047840492937278;width:1186px;height:auto\" srcset=\"https:\/\/mueblesgora.com.mx\/blog\/wp-content\/uploads\/2025\/11\/Linea-America-1024x538.png 1024w, https:\/\/mueblesgora.com.mx\/blog\/wp-content\/uploads\/2025\/11\/Linea-America-300x158.png 300w, https:\/\/mueblesgora.com.mx\/blog\/wp-content\/uploads\/2025\/11\/Linea-America.png 1200w\" sizes=\"(max-width: 1024px) 100vw, 1024px\" \/><\/figure>\n\n\n\n<h3 class=\"wp-block-heading has-medium-font-size\">\ud83e\udd1d <strong>L\u00ednea Cowork: colaboraci\u00f3n y flexibilidad<\/strong><\/h3>\n\n\n\n<p class=\"has-medium-font-size wp-block-paragraph\">Dise\u00f1ada para entornos m\u00e1s din\u00e1micos, la <strong>l\u00ednea<\/strong> <strong>Cowork<\/strong> promueve la interacci\u00f3n y la creatividad. Sus configuraciones abiertas, con mesas tipo bench o estaciones grupales, permiten crear espacios donde la comunicaci\u00f3n es fluida y las ideas se comparten. Perfecta para startups, agencias o \u00e1reas de trabajo colaborativo.<\/p>\n\n\n\n<figure class=\"wp-block-image size-large is-resized\"><img loading=\"lazy\" decoding=\"async\" width=\"1024\" height=\"538\" src=\"https:\/\/mueblesgora.com.mx\/blog\/wp-content\/uploads\/2025\/11\/Linea-Cowork-1024x538.png\" alt=\"\" class=\"wp-image-712\" style=\"aspect-ratio:1.9047840492937278;width:1185px;height:auto\" srcset=\"https:\/\/mueblesgora.com.mx\/blog\/wp-content\/uploads\/2025\/11\/Linea-Cowork-1024x538.png 1024w, https:\/\/mueblesgora.com.mx\/blog\/wp-content\/uploads\/2025\/11\/Linea-Cowork-300x158.png 300w, https:\/\/mueblesgora.com.mx\/blog\/wp-content\/uploads\/2025\/11\/Linea-Cowork.png 1200w\" sizes=\"(max-width: 1024px) 100vw, 1024px\" \/><\/figure>\n\n\n\n<h3 class=\"wp-block-heading has-medium-font-size\">\ud83c\udfe2 <strong>Recepci\u00f3n y almacenamiento: funcionalidad con estilo<\/strong><\/h3>\n\n\n\n<p class=\"has-medium-font-size wp-block-paragraph\">El primer contacto con una oficina definir\u00e1 como es percibida al exterior. En GORA, nuestras soluciones de recepci\u00f3n y almacenamiento se dise\u00f1an a medida, con acabados que se integran al resto del mobiliario y transmiten orden, confianza y profesionalismo.<\/p>\n\n\n\n<figure class=\"wp-block-image size-large is-resized\"><img loading=\"lazy\" decoding=\"async\" width=\"1024\" height=\"538\" src=\"https:\/\/mueblesgora.com.mx\/blog\/wp-content\/uploads\/2025\/11\/Linea-Recepcion-1024x538.png\" alt=\"\" class=\"wp-image-714\" style=\"width:1188px;height:auto\" srcset=\"https:\/\/mueblesgora.com.mx\/blog\/wp-content\/uploads\/2025\/11\/Linea-Recepcion-1024x538.png 1024w, https:\/\/mueblesgora.com.mx\/blog\/wp-content\/uploads\/2025\/11\/Linea-Recepcion-300x158.png 300w, https:\/\/mueblesgora.com.mx\/blog\/wp-content\/uploads\/2025\/11\/Linea-Recepcion.png 1200w\" sizes=\"(max-width: 1024px) 100vw, 1024px\" \/><\/figure>\n\n\n\n<p class=\"has-medium-font-size wp-block-paragraph\">Cada l\u00ednea de Muebles GORA es el resultado de un equilibrio entre dise\u00f1o, ergonom\u00eda y calidad.<br>Porque entendemos que una oficina no solo se construye: <strong>se dise\u00f1a para inspirar.<\/strong><\/p>\n\n\n\n<p class=\"wp-block-paragraph\"><\/p>\n","protected":false},"excerpt":{"rendered":"<p>Cada empresa tiene su propio ritmo, su estilo y su historia. En Muebles GORA, entendemos que el mobiliario es m\u00e1s que una pieza de decoraci\u00f3n: es parte de la experiencia de trabajo.Por eso, nuestras l\u00edneas est\u00e1n pensadas para adaptarse a diferentes necesidades y estilos de trabajo, desde oficinas ejecutivas hasta espacios colaborativos. Cada una combina &hellip; <\/p>\n<p class=\"link-more\"><a href=\"https:\/\/mueblesgora.com.mx\/blog\/2025\/11\/26\/lineas-gora-diseno-con-identidad-funcionalidad-y-proposito\/\" class=\"more-link\">Leer m\u00e1s<span class=\"screen-reader-text\"> \u00abL\u00edneas Gora: dise\u00f1o con identidad, funcionalidad y prop\u00f3sito\u00bb<\/span><\/a><\/p>\n","protected":false},"author":2,"featured_media":716,"comment_status":"open","ping_status":"closed","sticky":false,"template":"","format":"standard","meta":{"footnotes":""},"categories":[5,56,4,202],"tags":[231,10,229,228,227,25,32,230],"class_list":["post-700","post","type-post","status-publish","format-standard","has-post-thumbnail","hentry","category-diseno-de-oficinas","category-mobiliario","category-oficinas","category-tendencias","tag-almacenamiento","tag-diseno-de-oficinas","tag-linea-cowork","tag-linea-italy","tag-linea-quadra","tag-mobiliario-en-merida","tag-oficinas-merida","tag-recepcion"],"yoast_head":"<!-- This site is optimized with the Yoast SEO plugin v27.3 - https:\/\/yoast.com\/product\/yoast-seo-wordpress\/ -->\n<title>L\u00edneas de mobiliario para oficina: dise\u00f1o, funcionalidad y estilo<\/title>\n<meta name=\"description\" content=\"Conoce las l\u00edneas de mobiliario para oficina de GORA y descubre c\u00f3mo combinar dise\u00f1o, funcionalidad y estilo para crear espacios de trabajo \u00fanicos.\" \/>\n<meta name=\"robots\" content=\"index, follow, max-snippet:-1, max-image-preview:large, max-video-preview:-1\" \/>\n<link rel=\"canonical\" href=\"https:\/\/mueblesgora.com.mx\/blog\/2025\/11\/26\/lineas-gora-diseno-con-identidad-funcionalidad-y-proposito\/\" \/>\n<meta property=\"og:locale\" content=\"es_MX\" \/>\n<meta property=\"og:type\" content=\"article\" \/>\n<meta property=\"og:title\" content=\"L\u00edneas de mobiliario para oficina: dise\u00f1o, funcionalidad y estilo\" \/>\n<meta property=\"og:description\" content=\"Conoce las l\u00edneas de mobiliario para oficina de GORA y descubre c\u00f3mo combinar dise\u00f1o, funcionalidad y estilo para crear espacios de trabajo \u00fanicos.\" \/>\n<meta property=\"og:url\" content=\"https:\/\/mueblesgora.com.mx\/blog\/2025\/11\/26\/lineas-gora-diseno-con-identidad-funcionalidad-y-proposito\/\" \/>\n<meta property=\"og:site_name\" content=\"Muebles GORA\" \/>\n<meta property=\"article:published_time\" content=\"2025-11-26T22:54:48+00:00\" \/>\n<meta property=\"article:modified_time\" content=\"2026-08-06T18:54:22+00:00\" \/>\n<meta property=\"og:image\" content=\"https:\/\/mueblesgora.com.mx\/blog\/wp-content\/uploads\/2025\/11\/Portada-Lineas.png\" \/>\n\t<meta property=\"og:image:width\" content=\"1200\" \/>\n\t<meta property=\"og:image:height\" content=\"900\" \/>\n\t<meta property=\"og:image:type\" content=\"image\/png\" \/>\n<meta name=\"author\" content=\"Mercedes Arz\u00e1palo\" \/>\n<meta name=\"twitter:card\" content=\"summary_large_image\" \/>\n<meta name=\"twitter:label1\" content=\"Escrito por\" \/>\n\t<meta name=\"twitter:data1\" content=\"Mercedes Arz\u00e1palo\" \/>\n\t<meta name=\"twitter:label2\" content=\"Tiempo de lectura\" \/>\n\t<meta name=\"twitter:data2\" content=\"3 minutos\" \/>\n<script type=\"application\/ld+json\" class=\"yoast-schema-graph\">{\"@context\":\"https:\\\/\\\/schema.org\",\"@graph\":[{\"@type\":\"Article\",\"@id\":\"https:\\\/\\\/mueblesgora.com.mx\\\/blog\\\/2025\\\/11\\\/26\\\/lineas-gora-diseno-con-identidad-funcionalidad-y-proposito\\\/#article\",\"isPartOf\":{\"@id\":\"https:\\\/\\\/mueblesgora.com.mx\\\/blog\\\/2025\\\/11\\\/26\\\/lineas-gora-diseno-con-identidad-funcionalidad-y-proposito\\\/\"},\"author\":{\"name\":\"Mercedes Arz\u00e1palo\",\"@id\":\"https:\\\/\\\/mueblesgora.com.mx\\\/blog\\\/#\\\/schema\\\/person\\\/7eea029d9ac31830dc6248b74753fd0f\"},\"headline\":\"L\u00edneas Gora: dise\u00f1o con identidad, funcionalidad y prop\u00f3sito\",\"datePublished\":\"2025-11-26T22:54:48+00:00\",\"dateModified\":\"2026-08-06T18:54:22+00:00\",\"mainEntityOfPage\":{\"@id\":\"https:\\\/\\\/mueblesgora.com.mx\\\/blog\\\/2025\\\/11\\\/26\\\/lineas-gora-diseno-con-identidad-funcionalidad-y-proposito\\\/\"},\"wordCount\":428,\"commentCount\":0,\"publisher\":{\"@id\":\"https:\\\/\\\/mueblesgora.com.mx\\\/blog\\\/#organization\"},\"image\":{\"@id\":\"https:\\\/\\\/mueblesgora.com.mx\\\/blog\\\/2025\\\/11\\\/26\\\/lineas-gora-diseno-con-identidad-funcionalidad-y-proposito\\\/#primaryimage\"},\"thumbnailUrl\":\"https:\\\/\\\/mueblesgora.com.mx\\\/blog\\\/wp-content\\\/uploads\\\/2025\\\/11\\\/Portada-Lineas.png\",\"keywords\":[\"Almacenamiento\",\"Dise\u00f1o de oficinas\",\"L\u00ednea Cowork\",\"L\u00ednea Italy\",\"L\u00ednea Quadra\",\"Mobiliario en M\u00e9rida\",\"Oficinas M\u00e9rida\",\"Recepci\u00f3n\"],\"articleSection\":[\"Dise\u00f1o de Oficinas\",\"Mobiliario\",\"Oficinas\",\"Tendencias\"],\"inLanguage\":\"es\",\"potentialAction\":[{\"@type\":\"CommentAction\",\"name\":\"Comment\",\"target\":[\"https:\\\/\\\/mueblesgora.com.mx\\\/blog\\\/2025\\\/11\\\/26\\\/lineas-gora-diseno-con-identidad-funcionalidad-y-proposito\\\/#respond\"]}]},{\"@type\":\"WebPage\",\"@id\":\"https:\\\/\\\/mueblesgora.com.mx\\\/blog\\\/2025\\\/11\\\/26\\\/lineas-gora-diseno-con-identidad-funcionalidad-y-proposito\\\/\",\"url\":\"https:\\\/\\\/mueblesgora.com.mx\\\/blog\\\/2025\\\/11\\\/26\\\/lineas-gora-diseno-con-identidad-funcionalidad-y-proposito\\\/\",\"name\":\"L\u00edneas de mobiliario para oficina: dise\u00f1o, funcionalidad y estilo\",\"isPartOf\":{\"@id\":\"https:\\\/\\\/mueblesgora.com.mx\\\/blog\\\/#website\"},\"primaryImageOfPage\":{\"@id\":\"https:\\\/\\\/mueblesgora.com.mx\\\/blog\\\/2025\\\/11\\\/26\\\/lineas-gora-diseno-con-identidad-funcionalidad-y-proposito\\\/#primaryimage\"},\"image\":{\"@id\":\"https:\\\/\\\/mueblesgora.com.mx\\\/blog\\\/2025\\\/11\\\/26\\\/lineas-gora-diseno-con-identidad-funcionalidad-y-proposito\\\/#primaryimage\"},\"thumbnailUrl\":\"https:\\\/\\\/mueblesgora.com.mx\\\/blog\\\/wp-content\\\/uploads\\\/2025\\\/11\\\/Portada-Lineas.png\",\"datePublished\":\"2025-11-26T22:54:48+00:00\",\"dateModified\":\"2026-08-06T18:54:22+00:00\",\"description\":\"Conoce las l\u00edneas de mobiliario para oficina de GORA y descubre c\u00f3mo combinar dise\u00f1o, funcionalidad y estilo para crear espacios de trabajo \u00fanicos.\",\"breadcrumb\":{\"@id\":\"https:\\\/\\\/mueblesgora.com.mx\\\/blog\\\/2025\\\/11\\\/26\\\/lineas-gora-diseno-con-identidad-funcionalidad-y-proposito\\\/#breadcrumb\"},\"inLanguage\":\"es\",\"potentialAction\":[{\"@type\":\"ReadAction\",\"target\":[\"https:\\\/\\\/mueblesgora.com.mx\\\/blog\\\/2025\\\/11\\\/26\\\/lineas-gora-diseno-con-identidad-funcionalidad-y-proposito\\\/\"]}]},{\"@type\":\"ImageObject\",\"inLanguage\":\"es\",\"@id\":\"https:\\\/\\\/mueblesgora.com.mx\\\/blog\\\/2025\\\/11\\\/26\\\/lineas-gora-diseno-con-identidad-funcionalidad-y-proposito\\\/#primaryimage\",\"url\":\"https:\\\/\\\/mueblesgora.com.mx\\\/blog\\\/wp-content\\\/uploads\\\/2025\\\/11\\\/Portada-Lineas.png\",\"contentUrl\":\"https:\\\/\\\/mueblesgora.com.mx\\\/blog\\\/wp-content\\\/uploads\\\/2025\\\/11\\\/Portada-Lineas.png\",\"width\":1200,\"height\":900},{\"@type\":\"BreadcrumbList\",\"@id\":\"https:\\\/\\\/mueblesgora.com.mx\\\/blog\\\/2025\\\/11\\\/26\\\/lineas-gora-diseno-con-identidad-funcionalidad-y-proposito\\\/#breadcrumb\",\"itemListElement\":[{\"@type\":\"ListItem\",\"position\":1,\"name\":\"Inicio\",\"item\":\"https:\\\/\\\/mueblesgora.com.mx\\\/blog\\\/\"},{\"@type\":\"ListItem\",\"position\":2,\"name\":\"L\u00edneas Gora: dise\u00f1o con identidad, funcionalidad y prop\u00f3sito\"}]},{\"@type\":\"WebSite\",\"@id\":\"https:\\\/\\\/mueblesgora.com.mx\\\/blog\\\/#website\",\"url\":\"https:\\\/\\\/mueblesgora.com.mx\\\/blog\\\/\",\"name\":\"Muebles GORA\",\"description\":\"Fabricamos tus ideas.\",\"publisher\":{\"@id\":\"https:\\\/\\\/mueblesgora.com.mx\\\/blog\\\/#organization\"},\"potentialAction\":[{\"@type\":\"SearchAction\",\"target\":{\"@type\":\"EntryPoint\",\"urlTemplate\":\"https:\\\/\\\/mueblesgora.com.mx\\\/blog\\\/?s={search_term_string}\"},\"query-input\":{\"@type\":\"PropertyValueSpecification\",\"valueRequired\":true,\"valueName\":\"search_term_string\"}}],\"inLanguage\":\"es\"},{\"@type\":\"Organization\",\"@id\":\"https:\\\/\\\/mueblesgora.com.mx\\\/blog\\\/#organization\",\"name\":\"Muebles GORA\",\"url\":\"https:\\\/\\\/mueblesgora.com.mx\\\/blog\\\/\",\"logo\":{\"@type\":\"ImageObject\",\"inLanguage\":\"es\",\"@id\":\"https:\\\/\\\/mueblesgora.com.mx\\\/blog\\\/#\\\/schema\\\/logo\\\/image\\\/\",\"url\":\"https:\\\/\\\/mueblesgora.com.mx\\\/blog\\\/wp-content\\\/uploads\\\/2025\\\/09\\\/GoraW_64.png\",\"contentUrl\":\"https:\\\/\\\/mueblesgora.com.mx\\\/blog\\\/wp-content\\\/uploads\\\/2025\\\/09\\\/GoraW_64.png\",\"width\":373,\"height\":64,\"caption\":\"Muebles GORA\"},\"image\":{\"@id\":\"https:\\\/\\\/mueblesgora.com.mx\\\/blog\\\/#\\\/schema\\\/logo\\\/image\\\/\"}},{\"@type\":\"Person\",\"@id\":\"https:\\\/\\\/mueblesgora.com.mx\\\/blog\\\/#\\\/schema\\\/person\\\/7eea029d9ac31830dc6248b74753fd0f\",\"name\":\"Mercedes Arz\u00e1palo\",\"image\":{\"@type\":\"ImageObject\",\"inLanguage\":\"es\",\"@id\":\"https:\\\/\\\/secure.gravatar.com\\\/avatar\\\/047acb7b7ffa9f7fda3c2b4fbe6255979271635dddb970075b4fe34906c550ae?s=96&d=mm&r=g\",\"url\":\"https:\\\/\\\/secure.gravatar.com\\\/avatar\\\/047acb7b7ffa9f7fda3c2b4fbe6255979271635dddb970075b4fe34906c550ae?s=96&d=mm&r=g\",\"contentUrl\":\"https:\\\/\\\/secure.gravatar.com\\\/avatar\\\/047acb7b7ffa9f7fda3c2b4fbe6255979271635dddb970075b4fe34906c550ae?s=96&d=mm&r=g\",\"caption\":\"Mercedes Arz\u00e1palo\"},\"url\":\"https:\\\/\\\/mueblesgora.com.mx\\\/blog\\\/author\\\/merarzapalo\\\/\"}]}<\/script>\n<!-- \/ Yoast SEO plugin. -->","yoast_head_json":{"title":"L\u00edneas de mobiliario para oficina: dise\u00f1o, funcionalidad y estilo","description":"Conoce las l\u00edneas de mobiliario para oficina de GORA y descubre c\u00f3mo combinar dise\u00f1o, funcionalidad y estilo para crear espacios de trabajo \u00fanicos.","robots":{"index":"index","follow":"follow","max-snippet":"max-snippet:-1","max-image-preview":"max-image-preview:large","max-video-preview":"max-video-preview:-1"},"canonical":"https:\/\/mueblesgora.com.mx\/blog\/2025\/11\/26\/lineas-gora-diseno-con-identidad-funcionalidad-y-proposito\/","og_locale":"es_MX","og_type":"article","og_title":"L\u00edneas de mobiliario para oficina: dise\u00f1o, funcionalidad y estilo","og_description":"Conoce las l\u00edneas de mobiliario para oficina de GORA y descubre c\u00f3mo combinar dise\u00f1o, funcionalidad y estilo para crear espacios de trabajo \u00fanicos.","og_url":"https:\/\/mueblesgora.com.mx\/blog\/2025\/11\/26\/lineas-gora-diseno-con-identidad-funcionalidad-y-proposito\/","og_site_name":"Muebles GORA","article_published_time":"2025-11-26T22:54:48+00:00","article_modified_time":"2026-08-06T18:54:22+00:00","og_image":[{"width":1200,"height":900,"url":"https:\/\/mueblesgora.com.mx\/blog\/wp-content\/uploads\/2025\/11\/Portada-Lineas.png","type":"image\/png"}],"author":"Mercedes Arz\u00e1palo","twitter_card":"summary_large_image","twitter_misc":{"Escrito por":"Mercedes Arz\u00e1palo","Tiempo de lectura":"3 minutos"},"schema":{"@context":"https:\/\/schema.org","@graph":[{"@type":"Article","@id":"https:\/\/mueblesgora.com.mx\/blog\/2025\/11\/26\/lineas-gora-diseno-con-identidad-funcionalidad-y-proposito\/#article","isPartOf":{"@id":"https:\/\/mueblesgora.com.mx\/blog\/2025\/11\/26\/lineas-gora-diseno-con-identidad-funcionalidad-y-proposito\/"},"author":{"name":"Mercedes Arz\u00e1palo","@id":"https:\/\/mueblesgora.com.mx\/blog\/#\/schema\/person\/7eea029d9ac31830dc6248b74753fd0f"},"headline":"L\u00edneas Gora: dise\u00f1o con identidad, funcionalidad y prop\u00f3sito","datePublished":"2025-11-26T22:54:48+00:00","dateModified":"2026-08-06T18:54:22+00:00","mainEntityOfPage":{"@id":"https:\/\/mueblesgora.com.mx\/blog\/2025\/11\/26\/lineas-gora-diseno-con-identidad-funcionalidad-y-proposito\/"},"wordCount":428,"commentCount":0,"publisher":{"@id":"https:\/\/mueblesgora.com.mx\/blog\/#organization"},"image":{"@id":"https:\/\/mueblesgora.com.mx\/blog\/2025\/11\/26\/lineas-gora-diseno-con-identidad-funcionalidad-y-proposito\/#primaryimage"},"thumbnailUrl":"https:\/\/mueblesgora.com.mx\/blog\/wp-content\/uploads\/2025\/11\/Portada-Lineas.png","keywords":["Almacenamiento","Dise\u00f1o de oficinas","L\u00ednea Cowork","L\u00ednea Italy","L\u00ednea Quadra","Mobiliario en M\u00e9rida","Oficinas M\u00e9rida","Recepci\u00f3n"],"articleSection":["Dise\u00f1o de Oficinas","Mobiliario","Oficinas","Tendencias"],"inLanguage":"es","potentialAction":[{"@type":"CommentAction","name":"Comment","target":["https:\/\/mueblesgora.com.mx\/blog\/2025\/11\/26\/lineas-gora-diseno-con-identidad-funcionalidad-y-proposito\/#respond"]}]},{"@type":"WebPage","@id":"https:\/\/mueblesgora.com.mx\/blog\/2025\/11\/26\/lineas-gora-diseno-con-identidad-funcionalidad-y-proposito\/","url":"https:\/\/mueblesgora.com.mx\/blog\/2025\/11\/26\/lineas-gora-diseno-con-identidad-funcionalidad-y-proposito\/","name":"L\u00edneas de mobiliario para oficina: dise\u00f1o, funcionalidad y estilo","isPartOf":{"@id":"https:\/\/mueblesgora.com.mx\/blog\/#website"},"primaryImageOfPage":{"@id":"https:\/\/mueblesgora.com.mx\/blog\/2025\/11\/26\/lineas-gora-diseno-con-identidad-funcionalidad-y-proposito\/#primaryimage"},"image":{"@id":"https:\/\/mueblesgora.com.mx\/blog\/2025\/11\/26\/lineas-gora-diseno-con-identidad-funcionalidad-y-proposito\/#primaryimage"},"thumbnailUrl":"https:\/\/mueblesgora.com.mx\/blog\/wp-content\/uploads\/2025\/11\/Portada-Lineas.png","datePublished":"2025-11-26T22:54:48+00:00","dateModified":"2026-08-06T18:54:22+00:00","description":"Conoce las l\u00edneas de mobiliario para oficina de GORA y descubre c\u00f3mo combinar dise\u00f1o, funcionalidad y estilo para crear espacios de trabajo \u00fanicos.","breadcrumb":{"@id":"https:\/\/mueblesgora.com.mx\/blog\/2025\/11\/26\/lineas-gora-diseno-con-identidad-funcionalidad-y-proposito\/#breadcrumb"},"inLanguage":"es","potentialAction":[{"@type":"ReadAction","target":["https:\/\/mueblesgora.com.mx\/blog\/2025\/11\/26\/lineas-gora-diseno-con-identidad-funcionalidad-y-proposito\/"]}]},{"@type":"ImageObject","inLanguage":"es","@id":"https:\/\/mueblesgora.com.mx\/blog\/2025\/11\/26\/lineas-gora-diseno-con-identidad-funcionalidad-y-proposito\/#primaryimage","url":"https:\/\/mueblesgora.com.mx\/blog\/wp-content\/uploads\/2025\/11\/Portada-Lineas.png","contentUrl":"https:\/\/mueblesgora.com.mx\/blog\/wp-content\/uploads\/2025\/11\/Portada-Lineas.png","width":1200,"height":900},{"@type":"BreadcrumbList","@id":"https:\/\/mueblesgora.com.mx\/blog\/2025\/11\/26\/lineas-gora-diseno-con-identidad-funcionalidad-y-proposito\/#breadcrumb","itemListElement":[{"@type":"ListItem","position":1,"name":"Inicio","item":"https:\/\/mueblesgora.com.mx\/blog\/"},{"@type":"ListItem","position":2,"name":"L\u00edneas Gora: dise\u00f1o con identidad, funcionalidad y prop\u00f3sito"}]},{"@type":"WebSite","@id":"https:\/\/mueblesgora.com.mx\/blog\/#website","url":"https:\/\/mueblesgora.com.mx\/blog\/","name":"Muebles GORA","description":"Fabricamos tus ideas.","publisher":{"@id":"https:\/\/mueblesgora.com.mx\/blog\/#organization"},"potentialAction":[{"@type":"SearchAction","target":{"@type":"EntryPoint","urlTemplate":"https:\/\/mueblesgora.com.mx\/blog\/?s={search_term_string}"},"query-input":{"@type":"PropertyValueSpecification","valueRequired":true,"valueName":"search_term_string"}}],"inLanguage":"es"},{"@type":"Organization","@id":"https:\/\/mueblesgora.com.mx\/blog\/#organization","name":"Muebles GORA","url":"https:\/\/mueblesgora.com.mx\/blog\/","logo":{"@type":"ImageObject","inLanguage":"es","@id":"https:\/\/mueblesgora.com.mx\/blog\/#\/schema\/logo\/image\/","url":"https:\/\/mueblesgora.com.mx\/blog\/wp-content\/uploads\/2025\/09\/GoraW_64.png","contentUrl":"https:\/\/mueblesgora.com.mx\/blog\/wp-content\/uploads\/2025\/09\/GoraW_64.png","width":373,"height":64,"caption":"Muebles GORA"},"image":{"@id":"https:\/\/mueblesgora.com.mx\/blog\/#\/schema\/logo\/image\/"}},{"@type":"Person","@id":"https:\/\/mueblesgora.com.mx\/blog\/#\/schema\/person\/7eea029d9ac31830dc6248b74753fd0f","name":"Mercedes Arz\u00e1palo","image":{"@type":"ImageObject","inLanguage":"es","@id":"https:\/\/secure.gravatar.com\/avatar\/047acb7b7ffa9f7fda3c2b4fbe6255979271635dddb970075b4fe34906c550ae?s=96&d=mm&r=g","url":"https:\/\/secure.gravatar.com\/avatar\/047acb7b7ffa9f7fda3c2b4fbe6255979271635dddb970075b4fe34906c550ae?s=96&d=mm&r=g","contentUrl":"https:\/\/secure.gravatar.com\/avatar\/047acb7b7ffa9f7fda3c2b4fbe6255979271635dddb970075b4fe34906c550ae?s=96&d=mm&r=g","caption":"Mercedes Arz\u00e1palo"},"url":"https:\/\/mueblesgora.com.mx\/blog\/author\/merarzapalo\/"}]}},"featured_media_urls":{"thumbnail":["https:\/\/mueblesgora.com.mx\/blog\/wp-content\/uploads\/2025\/11\/Portada-Lineas-150x150.png",150,150,true],"medium":["https:\/\/mueblesgora.com.mx\/blog\/wp-content\/uploads\/2025\/11\/Portada-Lineas-300x225.png",300,225,true],"medium_large":["https:\/\/mueblesgora.com.mx\/blog\/wp-content\/uploads\/2025\/11\/Portada-Lineas.png",768,576,false],"large":["https:\/\/mueblesgora.com.mx\/blog\/wp-content\/uploads\/2025\/11\/Portada-Lineas-1024x768.png",950,713,true],"1536x1536":["https:\/\/mueblesgora.com.mx\/blog\/wp-content\/uploads\/2025\/11\/Portada-Lineas.png",1200,900,false],"2048x2048":["https:\/\/mueblesgora.com.mx\/blog\/wp-content\/uploads\/2025\/11\/Portada-Lineas.png",1200,900,false],"inspiro-featured-image":["https:\/\/mueblesgora.com.mx\/blog\/wp-content\/uploads\/2025\/11\/Portada-Lineas.png",1200,900,false],"inspiro-loop":["https:\/\/mueblesgora.com.mx\/blog\/wp-content\/uploads\/2025\/11\/Portada-Lineas-950x320.png",950,320,true],"inspiro-loop@2x":["https:\/\/mueblesgora.com.mx\/blog\/wp-content\/uploads\/2025\/11\/Portada-Lineas-1200x640.png",1200,640,true],"portfolio_item-thumbnail":["https:\/\/mueblesgora.com.mx\/blog\/wp-content\/uploads\/2025\/11\/Portada-Lineas-600x400.png",600,400,true],"portfolio_item-thumbnail@2x":["https:\/\/mueblesgora.com.mx\/blog\/wp-content\/uploads\/2025\/11\/Portada-Lineas-1200x800.png",1200,800,true],"portfolio_item-masonry":["https:\/\/mueblesgora.com.mx\/blog\/wp-content\/uploads\/2025\/11\/Portada-Lineas-600x450.png",600,450,true],"portfolio_item-masonry@2x":["https:\/\/mueblesgora.com.mx\/blog\/wp-content\/uploads\/2025\/11\/Portada-Lineas.png",1200,900,false],"portfolio_item-thumbnail_cinema":["https:\/\/mueblesgora.com.mx\/blog\/wp-content\/uploads\/2025\/11\/Portada-Lineas-800x335.png",800,335,true],"portfolio_item-thumbnail_portrait":["https:\/\/mueblesgora.com.mx\/blog\/wp-content\/uploads\/2025\/11\/Portada-Lineas-600x900.png",600,900,true],"portfolio_item-thumbnail_portrait@2x":["https:\/\/mueblesgora.com.mx\/blog\/wp-content\/uploads\/2025\/11\/Portada-Lineas.png",1200,900,false],"portfolio_item-thumbnail_square":["https:\/\/mueblesgora.com.mx\/blog\/wp-content\/uploads\/2025\/11\/Portada-Lineas-800x800.png",800,800,true]},"_links":{"self":[{"href":"https:\/\/mueblesgora.com.mx\/blog\/wp-json\/wp\/v2\/posts\/700","targetHints":{"allow":["GET"]}}],"collection":[{"href":"https:\/\/mueblesgora.com.mx\/blog\/wp-json\/wp\/v2\/posts"}],"about":[{"href":"https:\/\/mueblesgora.com.mx\/blog\/wp-json\/wp\/v2\/types\/post"}],"author":[{"embeddable":true,"href":"https:\/\/mueblesgora.com.mx\/blog\/wp-json\/wp\/v2\/users\/2"}],"replies":[{"embeddable":true,"href":"https:\/\/mueblesgora.com.mx\/blog\/wp-json\/wp\/v2\/comments?post=700"}],"version-history":[{"count":10,"href":"https:\/\/mueblesgora.com.mx\/blog\/wp-json\/wp\/v2\/posts\/700\/revisions"}],"predecessor-version":[{"id":715,"href":"https:\/\/mueblesgora.com.mx\/blog\/wp-json\/wp\/v2\/posts\/700\/revisions\/715"}],"wp:featuredmedia":[{"embeddable":true,"href":"https:\/\/mueblesgora.com.mx\/blog\/wp-json\/wp\/v2\/media\/716"}],"wp:attachment":[{"href":"https:\/\/mueblesgora.com.mx\/blog\/wp-json\/wp\/v2\/media?parent=700"}],"wp:term":[{"taxonomy":"category","embeddable":true,"href":"https:\/\/mueblesgora.com.mx\/blog\/wp-json\/wp\/v2\/categories?post=700"},{"taxonomy":"post_tag","embeddable":true,"href":"https:\/\/mueblesgora.com.mx\/blog\/wp-json\/wp\/v2\/tags?post=700"}],"curies":[{"name":"wp","href":"https:\/\/api.w.org\/{rel}","templated":true}]}}